{"ParentCategoryId":"67e029ed1b6988643a5ad162","Name":"Seifen","Description":null,"BottomDescription":null,"MetaKeywords":null,"MetaDescription":null,"MetaTitle":null,"SeName":"seifen","Flag":null,"FlagStyle":null,"Icon":null,"PictureModel":{"ImageUrl":null,"ThumbImageUrl":null,"FullSizeImageUrl":null,"Title":null,"AlternateText":null,"Style":null,"ExtraField":null,"Id":null,"UserFields":[]},"PagingFilteringContext":{"SpecificationFilter":{"Enabled":false,"AlreadyFilteredItems":[],"NotFilteredItems":[],"RemoveFilterUrl":null,"UserFields":[]},"AllowProductSorting":true,"AvailableSortOptions":[{"Disabled":false,"Group":null,"Selected":true,"Text":"Position","Value":"/de/seifen?orderby=0"},{"Disabled":false,"Group":null,"Selected":false,"Text":"Name: A to Z","Value":"/de/seifen?orderby=5"},{"Disabled":false,"Group":null,"Selected":false,"Text":"Name: Z to A","Value":"/de/seifen?orderby=6"},{"Disabled":false,"Group":null,"Selected":false,"Text":"Price: Low to High","Value":"/de/seifen?orderby=10"},{"Disabled":false,"Group":null,"Selected":false,"Text":"Price: High to Low","Value":"/de/seifen?orderby=11"},{"Disabled":false,"Group":null,"Selected":false,"Text":"Created on","Value":"/de/seifen?orderby=15"},{"Disabled":false,"Group":null,"Selected":false,"Text":"Best Sellers","Value":"/de/seifen?orderby=20"},{"Disabled":false,"Group":null,"Selected":false,"Text":"Most Viewed","Value":"/de/seifen?orderby=25"},{"Disabled":false,"Group":null,"Selected":false,"Text":"On Sale","Value":"/de/seifen?orderby=30"},{"Disabled":false,"Group":null,"Selected":false,"Text":"Rating","Value":"/de/seifen?orderby=40"}],"AllowProductViewModeChanging":true,"AvailableViewModes":[{"Disabled":false,"Group":null,"Selected":true,"Text":"Tabelle","Value":"/de/seifen?viewmode=grid"},{"Disabled":false,"Group":null,"Selected":false,"Text":"Liste","Value":"/de/seifen?viewmode=list"}],"AllowCustomersToSelectPageSize":false,"PageSizeOptions":[],"OrderBy":0,"Rating":null,"RatingOptions":[],"ViewMode":"grid","FirstItem":1,"HasNextPage":false,"HasPreviousPage":false,"LastItem":7,"PageIndex":0,"PageNumber":1,"PageSize":12,"TotalItems":7,"TotalPages":1},"DisplayCategoryBreadcrumb":true,"CategoryBreadcrumb":[{"ParentCategoryId":null,"Name":"Bad \u0026 Beauty","Description":null,"BottomDescription":null,"MetaKeywords":null,"MetaDescription":null,"MetaTitle":null,"SeName":"bad-beauty","Flag":null,"FlagStyle":null,"Icon":null,"PictureModel":{"ImageUrl":null,"ThumbImageUrl":null,"FullSizeImageUrl":null,"Title":null,"AlternateText":null,"Style":null,"ExtraField":null,"Id":null,"UserFields":[]},"PagingFilteringContext":{"SpecificationFilter":{"Enabled":false,"AlreadyFilteredItems":[],"NotFilteredItems":[],"RemoveFilterUrl":null,"UserFields":[]},"AllowProductSorting":false,"AvailableSortOptions":[],"AllowProductViewModeChanging":false,"AvailableViewModes":[],"AllowCustomersToSelectPageSize":false,"PageSizeOptions":[],"OrderBy":null,"Rating":null,"RatingOptions":[],"ViewMode":null,"FirstItem":0,"HasNextPage":false,"HasPreviousPage":false,"LastItem":0,"PageIndex":0,"PageNumber":0,"PageSize":0,"TotalItems":0,"TotalPages":0},"DisplayCategoryBreadcrumb":false,"CategoryBreadcrumb":[],"SubCategories":[],"FeaturedProducts":[],"Products":[],"Id":"67e029ed1b6988643a5ad162","UserFields":[]},{"ParentCategoryId":null,"Name":"Seifen","Description":null,"BottomDescription":null,"MetaKeywords":null,"MetaDescription":null,"MetaTitle":null,"SeName":"seifen","Flag":null,"FlagStyle":null,"Icon":null,"PictureModel":{"ImageUrl":null,"ThumbImageUrl":null,"FullSizeImageUrl":null,"Title":null,"AlternateText":null,"Style":null,"ExtraField":null,"Id":null,"UserFields":[]},"PagingFilteringContext":{"SpecificationFilter":{"Enabled":false,"AlreadyFilteredItems":[],"NotFilteredItems":[],"RemoveFilterUrl":null,"UserFields":[]},"AllowProductSorting":false,"AvailableSortOptions":[],"AllowProductViewModeChanging":false,"AvailableViewModes":[],"AllowCustomersToSelectPageSize":false,"PageSizeOptions":[],"OrderBy":null,"Rating":null,"RatingOptions":[],"ViewMode":null,"FirstItem":0,"HasNextPage":false,"HasPreviousPage":false,"LastItem":0,"PageIndex":0,"PageNumber":0,"PageSize":0,"TotalItems":0,"TotalPages":0},"DisplayCategoryBreadcrumb":false,"CategoryBreadcrumb":[],"SubCategories":[],"FeaturedProducts":[],"Products":[],"Id":"67e25f37b67213d7a692e775","UserFields":[]}],"SubCategories":[],"FeaturedProducts":[],"Products":[{"Name":"Badezimmer Seifenschale aus Holz, handgefertigt, Geschenke f\u00FCr sie, Naturholz","ShortDescription":"Seifenschale aus Naturholz \u2013 nachhaltig \u0026 handgefertigt\r\nDiese Seifenschale aus unbehandeltem Naturholz verbindet minimalistisches Design mit echter Handwerkskunst. Nachhaltig, plastikfrei und langlebig \u2013 perfekt f\u00FCr ein bewusst gestaltetes Badezimmer.\r\n\r\n","FullDescription":"\r\n    \u003Cp data-start=\u0022235\u0022 data-end=\u0022551\u0022\u003E\uD83E\uDDFC Seifenschale aus Olivenholz \u2013 handgefertigt \u0026amp; einzigartig\u003C/p\u003E\u003Cp data-start=\u0022235\u0022 data-end=\u0022551\u0022\u003E\u003Cbr\u003E\u003C/p\u003E\u003Cp data-start=\u0022235\u0022 data-end=\u0022551\u0022\u003EBringen Sie einen Hauch mediterraner Natur in Ihren Alltag mit dieser handgefertigten Seifenschale aus edlem Olivenholz. Sie wurde so gestaltet, dass Ihre Seife zwischen den Anwendungen optimal trocknen kann \u2013 f\u00FCr l\u00E4ngere Haltbarkeit, bessere Hygiene und ein warmes, nat\u00FCrliches Design auf Ihrem Waschbecken oder Ihrer Duschablage.\u003C/p\u003E\u003Cp data-start=\u0022235\u0022 data-end=\u0022551\u0022\u003E\u003Cbr\u003E\u003C/p\u003E\u003Cp data-start=\u0022235\u0022 data-end=\u0022551\u0022\u003E\uD83C\uDF3F Optimal f\u00FCr Seifentrocknung \u0026amp; Hygiene\u003C/p\u003E\u003Cp data-start=\u0022235\u0022 data-end=\u0022551\u0022\u003E\u003Cbr\u003E\u003C/p\u003E\u003Cp data-start=\u0022235\u0022 data-end=\u0022551\u0022\u003EDie nat\u00FCrliche Struktur des Olivenholzes erm\u00F6glicht eine gute Luftzirkulation, sodass Ihre Seife schneller trocknet und l\u00E4nger h\u00E4lt. Gleichzeitig verleiht die warme Maserung Ihrem Badezimmer eine nat\u00FCrliche, elegante Note.\u003C/p\u003E\u003Cp data-start=\u0022235\u0022 data-end=\u0022551\u0022\u003E\u003Cbr\u003E\u003C/p\u003E\u003Cp data-start=\u0022235\u0022 data-end=\u0022551\u0022\u003E\u2713 100% Olivenholz \u2013 handgefertigt\u003C/p\u003E\u003Cp data-start=\u0022235\u0022 data-end=\u0022551\u0022\u003E\u2713 Optimale Seifentrocknung\u003C/p\u003E\u003Cp data-start=\u0022235\u0022 data-end=\u0022551\u0022\u003E\u2713 Nat\u00FCrlich antibakteriell\u003C/p\u003E\u003Cp data-start=\u0022235\u0022 data-end=\u0022551\u0022\u003E\u2713 Langlebig \u0026amp; nachhaltig\u003C/p\u003E\u003Cp data-start=\u0022235\u0022 data-end=\u0022551\u0022\u003E\u2713 Warmes, nat\u00FCrliches Design\u003C/p\u003E\u003Cp data-start=\u0022235\u0022 data-end=\u0022551\u0022\u003E\u2713 Jedes St\u00FCck ein Unikat\u003C/p\u003E\u003Cp data-start=\u0022235\u0022 data-end=\u0022551\u0022\u003E\u003Cbr\u003E\u003C/p\u003E\u003Cp data-start=\u0022235\u0022 data-end=\u0022551\u0022\u003E\uD83C\uDF81 Perfektes Geschenk f\u00FCr Naturliebhaber und stilvolle Badezimmer!\u003C/p\u003E\u003Cp data-start=\u0022235\u0022 data-end=\u0022551\u0022\u003E\u003Cbr\u003E\u003C/p\u003E\u003Cp data-start=\u0022235\u0022 data-end=\u0022551\u0022\u003EIdeal f\u00FCr Waschbecken, Dusche oder als dekoratives Element.\u003C/p\u003E\u003Cp data-start=\u0022235\u0022 data-end=\u0022551\u0022\u003E\u003Cbr\u003E\u003C/p\u003E\u003Cp data-start=\u0022235\u0022 data-end=\u0022551\u0022\u003E\uD83D\uDCE6 Gratis Versand schweizweit!\u003C/p\u003E\u003Cp data-start=\u0022235\u0022 data-end=\u0022551\u0022\u003E\uD83D\uDE97 Abholung ebenfalls m\u00F6glich\u003C/p\u003E\u003Cp data-start=\u0022235\u0022 data-end=\u0022551\u0022\u003E\u003Cbr\u003E\u003C/p\u003E\u003Cp data-start=\u0022235\u0022 data-end=\u0022551\u0022\u003E\uD83D\uDD17 Mehr handgefertigte Olivenholz-Produkte:\u003C/p\u003E\u003Cp data-start=\u0022235\u0022 data-end=\u0022551\u0022\u003Ewww.mediterraneanart.ch\u003C/p\u003E\u003Cp data-start=\u0022235\u0022 data-end=\u0022551\u0022\u003E\u003Cbr\u003E\u003C/p\u003E\u003Cp data-start=\u0022235\u0022 data-end=\u0022551\u0022\u003EBei Fragen einfach melden!\u003C/p\u003E\u003Cdiv\u003E\u003Cbr\u003E\u003C/div\u003E\r\n    \r\n\r\n","SeName":"badezimmer-seifenschale-aus-holz-handgefertigt-geschenke-f\u00FCr-sie-naturholz","Url":"/de/badezimmer-seifenschale-aus-holz-handgefertigt-geschenke-f%C3%BCr-sie-naturholz","ProductType":0,"MarkAsNew":false,"Sku":null,"Flag":null,"Gtin":null,"Mpn":null,"BrandName":"","IsFreeShipping":false,"ShowSku":false,"ShowQty":false,"LowStock":false,"EndTime":"2099-01-01T00:00:00Z","EndTimeLocalTime":"2099-01-01T01:00:00","TaxDisplayType":10,"Interval":0,"IntervalUnitId":0,"ProductPrice":{"OldPrice":null,"OldPriceValue":0,"CatalogPrice":null,"Price":"CHF 24.90","CallForPrice":false,"PriceValue":24.9,"PriceIncludesTax":false,"StartPrice":null,"StartPriceValue":0,"HighestBid":null,"HighestBidValue":0,"BasePricePAngV":null,"DisableBuyButton":false,"DisableWishlistButton":false,"DisableAddToCompareListButton":true,"AvailableForPreOrder":false,"PreOrderDateTimeUtc":null,"ForceRedirectionAfterAddingToCart":false,"AppliedDiscounts":[],"PreferredTierPrice":null,"UserFields":[]},"DefaultPictureModel":{"ImageUrl":"/assets/images/thumbs/badezimmer-seifenschale-aus-holz-handgefertigt-geschenke-fr-sie-naturholz_69b35e14446e995d7b726bd2_415.jpeg","ThumbImageUrl":null,"FullSizeImageUrl":"/assets/images/thumbs/badezimmer-seifenschale-aus-holz-handgefertigt-geschenke-fr-sie-naturholz_69b35e14446e995d7b726bd2.jpeg","Title":"Badezimmer Seifenschale aus Holz, handgefertigt, Geschenke f\u00FCr sie, Naturholz 1","AlternateText":"Badezimmer Seifenschale aus Holz, handgefertigt, Geschenke f\u00FCr sie, Naturholz 1","Style":null,"ExtraField":null,"Id":"69b35e14446e995d7b726bd2","UserFields":[]},"SecondPictureModel":{"ImageUrl":"/assets/images/thumbs/badezimmer-seifenschale-aus-holz-handgefertigt-geschenke-fr-sie-naturholz_69b35e14446e995d7b726bf1_415.jpeg","ThumbImageUrl":null,"FullSizeImageUrl":"/assets/images/thumbs/badezimmer-seifenschale-aus-holz-handgefertigt-geschenke-fr-sie-naturholz_69b35e14446e995d7b726bf1.jpeg","Title":"Badezimmer Seifenschale aus Holz, handgefertigt, Geschenke f\u00FCr sie, Naturholz 2","AlternateText":"Badezimmer Seifenschale aus Holz, handgefertigt, Geschenke f\u00FCr sie, Naturholz 2","Style":null,"ExtraField":null,"Id":"69b35e14446e995d7b726bf1","UserFields":[]},"SpecificationAttributeModels":[],"ProductAttributeModels":[],"ReviewOverviewModel":{"ProductId":"6834de25d97322fd3199cbd9","RatingSum":0,"TotalReviews":0,"AvgRating":0,"AllowCustomerReviews":true,"UserFields":[]},"Id":"6834de25d97322fd3199cbd9","UserFields":[]},{"Name":"Naturseife Lavendel","ShortDescription":"Naturseife Lavendel","FullDescription":"\r\n    \r\n    \r\n    \r\n    \r\n    \u003Cp class=\u0022MsoNormal\u0022 style=\u0022margin-bottom:0cm\u0022\u003E\u003Cb\u003EDiese handgesiedete Naturseife\r\nist besonders sanft zur Haut und verw\u00F6hnt Sie mit wertvoller Pflege. Sie\r\nbesteht aus hochwertigen pflanzlichen \u00D6len, wie n\u00E4hrendem Oliven\u00F6l und\r\nsch\u00FCtzender Kakaobutter. Der beruhigende Duft von Lavendel schenkt Ihnen ein Gef\u00FChl\r\nvon Entspannung und Wohlbefinden \u2013 ein Moment der Ruhe f\u00FCr K\u00F6rper und Geist.\u003C/b\u003E\u003Co:p\u003E\u003C/o:p\u003E\u003C/p\u003E\u003Cp class=\u0022MsoNormal\u0022 style=\u0022margin-bottom:0cm\u0022\u003E\u003Co:p\u003E\u0026nbsp;\u003C/o:p\u003E\u003C/p\u003E\u003Cp class=\u0022MsoNormal\u0022 style=\u0022margin-bottom:0cm\u0022\u003EIngredients: Aqua, Orbignya\r\nOleifera Seed Oil, Olea Europaea Fruit Oil, Ricinus Communis Seed Oil,\r\nButyrospermum Parkii Butter, Theobroma Cacao Seed Butter, Sodium Hydroxide,\r\nCitric Acid, Pogostemon Cablin Leaf Oil, Linalyl Acetate, Linalool, Lavandula Angustifolia\r\nOil, Beta-Caryophyllene, Terpineol, CI 77007.\u003Co:p\u003E\u003C/o:p\u003E\u003C/p\u003E\u003Cp class=\u0022MsoNormal\u0022 style=\u0022margin-bottom:0cm\u0022\u003EInhaltsstoffe: Wasser, Babassu\u00F6l,\r\nOliven\u00F6l, Rizinus\u00F6l, Sheabutter, Kakobutter, Natriumhydroxid, Zitronens\u00E4ure,\r\n\u00E4therische \u00D6le (Lavendel\u00F6l und Patchouli\u00F6l), Pigment Ultramarin-Violett.\u003C/p\u003E\u003Cp class=\u0022MsoNormal\u0022 style=\u0022margin-bottom:0cm\u0022\u003E\u003Co:p\u003E\u0026nbsp;\u003C/o:p\u003E\u003C/p\u003E\u003Cp class=\u0022MsoNormal\u0022 style=\u0022margin-bottom:0cm\u0022\u003E- Frischgewicht ca 100 g\u003Co:p\u003E\u003C/o:p\u003E\u003C/p\u003E\u003Cp class=\u0022MsoNormal\u0022 style=\u0022margin-bottom:0cm\u0022\u003E- Verpackung: Teilweise mit Karton\r\numh\u00FCllt und zus\u00E4tzlich in Cellophan eingeschweisst.\u003Co:p\u003E\u003C/o:p\u003E\u003C/p\u003E\u003Cp class=\u0022MsoNormal\u0022 style=\u0022margin-bottom:0cm\u0022\u003E- Anwendung: f\u00FCr den ganzen K\u00F6rper\u003Co:p\u003E\u003C/o:p\u003E\u003C/p\u003E\u003Cp class=\u0022MsoNormal\u0022 style=\u0022margin-bottom:0cm\u0022\u003E- 9% \u00DCberfettung\u003Co:p\u003E\u003C/o:p\u003E\u003C/p\u003E\u003Cp class=\u0022MsoNormal\u0022 style=\u0022margin-bottom:0cm\u0022\u003E- Herstellung: Siedverfahren\u003Co:p\u003E\u003C/o:p\u003E\u003C/p\u003E\u003Cp class=\u0022MsoNormal\u0022 style=\u0022margin-bottom:0cm\u0022\u003E- jede Seife ist ein Einzelst\u00FCck\r\n(Farbe/Geschmack)\u003Co:p\u003E\u003C/o:p\u003E\u003C/p\u003E\u003Cp class=\u0022MsoNormal\u0022 style=\u0022margin-bottom:0cm\u0022\u003E\u003Co:p\u003E\u0026nbsp;\u003C/o:p\u003E\u003C/p\u003E\u003Cp\u003E\r\n\r\n\r\n\r\n\r\n\r\n\r\n\r\n\r\n\r\n\r\n\r\n\r\n\r\n\r\n\r\n\r\n\r\n\r\n\r\n\r\n\r\n\r\n\r\n\r\n\r\n\u003C/p\u003E\u003Cp class=\u0022MsoNormal\u0022 style=\u0022margin-bottom:0cm\u0022\u003EF\u00FCr ein schaumiges Erlebnis,\r\nempfehlen wir Ihnen die Seifens\u00E4ckchen.\u003Co:p\u003E\u003C/o:p\u003E\u003C/p\u003E\r\n    \r\n\r\n\r\n\r\n\r\n\r\n","SeName":"naturseife-lavendel","Url":"/de/naturseife-lavendel","ProductType":0,"MarkAsNew":false,"Sku":null,"Flag":null,"Gtin":null,"Mpn":null,"BrandName":"","IsFreeShipping":false,"ShowSku":false,"ShowQty":false,"LowStock":false,"EndTime":"2099-01-01T00:00:00Z","EndTimeLocalTime":"2099-01-01T01:00:00","TaxDisplayType":10,"Interval":0,"IntervalUnitId":0,"ProductPrice":{"OldPrice":null,"OldPriceValue":0,"CatalogPrice":null,"Price":"CHF 12.00","CallForPrice":false,"PriceValue":12,"PriceIncludesTax":false,"StartPrice":null,"StartPriceValue":0,"HighestBid":null,"HighestBidValue":0,"BasePricePAngV":null,"DisableBuyButton":false,"DisableWishlistButton":false,"DisableAddToCompareListButton":true,"AvailableForPreOrder":false,"PreOrderDateTimeUtc":null,"ForceRedirectionAfterAddingToCart":false,"AppliedDiscounts":[],"PreferredTierPrice":null,"UserFields":[]},"DefaultPictureModel":{"ImageUrl":"/assets/images/thumbs/naturseife-lavendel_6a2a5e04093cb5ff211a729b_415.png","ThumbImageUrl":null,"FullSizeImageUrl":"/assets/images/thumbs/naturseife-lavendel_6a2a5e04093cb5ff211a729b.png","Title":"Naturseife Lavendel 1","AlternateText":"Naturseife Lavendel 1","Style":null,"ExtraField":null,"Id":"6a2a5e04093cb5ff211a729b","UserFields":[]},"SecondPictureModel":{"ImageUrl":"/assets/images/thumbs/naturseife-lavendel_6a2a5e07093cb5ff211a72f7_415.png","ThumbImageUrl":null,"FullSizeImageUrl":"/assets/images/thumbs/naturseife-lavendel_6a2a5e07093cb5ff211a72f7.png","Title":"Naturseife Lavendel 2","AlternateText":"Naturseife Lavendel 2","Style":null,"ExtraField":null,"Id":"6a2a5e07093cb5ff211a72f7","UserFields":[]},"SpecificationAttributeModels":[],"ProductAttributeModels":[],"ReviewOverviewModel":{"ProductId":"6a2a5d99093cb5ff211a4fc4","RatingSum":0,"TotalReviews":0,"AvgRating":0,"AllowCustomerReviews":true,"UserFields":[]},"Id":"6a2a5d99093cb5ff211a4fc4","UserFields":[]},{"Name":"Naturseife Kr\u00E4uter","ShortDescription":"Naturseife Kr\u00E4uter","FullDescription":"\r\n    \u003Cp class=\u0022MsoNormal\u0022 style=\u0022margin-bottom:0cm\u0022\u003E\u003Cb\u003EDiese handgesiedete Naturseife\r\nist besonders hautfreundlich und pflegend. Sie basiert auf hochwertigen\r\npflanzlichen \u00D6len, insbesondere n\u00E4hrendem Oliven\u00F6l und sch\u00FCtzender Kakaobutter.\r\nGeniessen Sie das erfrischende Gef\u00FChl von Kr\u00E4uter auf Ihrer Haut.\u003C/b\u003E\u003Co:p\u003E\u003C/o:p\u003E\u003C/p\u003E\r\n\r\n\u003Cp class=\u0022MsoNormal\u0022 style=\u0022margin-bottom:0cm\u0022\u003E\u003Co:p\u003E\u0026nbsp;\u003C/o:p\u003E\u003C/p\u003E\r\n\r\n\u003Cp class=\u0022MsoNormal\u0022 style=\u0022margin-bottom:0cm\u0022\u003EIngredients: Aqua, Orbignya\r\nOleifera Seed Oil, Olea Europaea Fruit Oil, Ricinus Communis Seed Oil,\r\nButyrospermum Parkii Butter, Theobroma Cacao Seed Butter, Sodium Hydroxide,\r\nCitric Acid, Citrus Aurantium Bergamia Peel Oil, Mentha Arvensis Leaf Oil, Parfum,\r\nLimonene, Linalyl Acetate, Menthol, Linalool, Pinene, Terpinolene, Tetramethyl\r\nAcetyloctahydronaphthalenes, Eucalyptus Globulus Oil, Hexamethylindanopyran,\r\nMica, Titanium Dioxide, CI 77288.\u003Co:p\u003E\u003C/o:p\u003E\u003C/p\u003E\r\n\r\n\u003Cp class=\u0022MsoNormal\u0022 style=\u0022margin-bottom:0cm\u0022\u003EInhaltsstoffe: Wasser, Babassu\u00F6l,\r\nOliven\u00F6l, Rizinus\u00F6l, Sheabutter, Kakobutter, Natriumhydroxid, Zitronens\u00E4ure,\r\n\u00E4therische \u00D6le (Bergamotte\u00F6l und Pfefferminz\u00F6l), Parfum\u00F6l Spices \u0026amp; Olive,\r\nPigment Pearl Dark Green.\u003C/p\u003E\r\n\r\n\u003Cp class=\u0022MsoNormal\u0022 style=\u0022margin-bottom:0cm\u0022\u003E\u003Co:p\u003E\u0026nbsp;\u003C/o:p\u003E\u003C/p\u003E\r\n\r\n\u003Cp class=\u0022MsoNormal\u0022 style=\u0022margin-bottom:0cm\u0022\u003E- Frischgewicht ca 100 g\u003Co:p\u003E\u003C/o:p\u003E\u003C/p\u003E\r\n\r\n\u003Cp class=\u0022MsoNormal\u0022 style=\u0022margin-bottom:0cm\u0022\u003E- Verpackung: Teilweise mit Karton umh\u00FCllt und zus\u00E4tzlich in Cellophan eingeschweisst.\u003Co:p\u003E\u003C/o:p\u003E\u003C/p\u003E\r\n\r\n\u003Cp class=\u0022MsoNormal\u0022 style=\u0022margin-bottom:0cm\u0022\u003E- Anwendung: f\u00FCr den ganzen K\u00F6rper\u003Co:p\u003E\u003C/o:p\u003E\u003C/p\u003E\r\n\r\n\u003Cp class=\u0022MsoNormal\u0022 style=\u0022margin-bottom:0cm\u0022\u003E- 9% \u00DCberfettung\u003Co:p\u003E\u003C/o:p\u003E\u003C/p\u003E\r\n\r\n\u003Cp class=\u0022MsoNormal\u0022 style=\u0022margin-bottom:0cm\u0022\u003E- Herstellung: Siedverfahren\u003Co:p\u003E\u003C/o:p\u003E\u003C/p\u003E\r\n\r\n\u003Cp class=\u0022MsoNormal\u0022 style=\u0022margin-bottom:0cm\u0022\u003E- jede Seife ist ein Einzelst\u00FCck\r\n(Farbe/Geschmack)\u003Co:p\u003E\u003C/o:p\u003E\u003C/p\u003E\r\n\r\n\u003Cp class=\u0022MsoNormal\u0022 style=\u0022margin-bottom:0cm\u0022\u003E\u003Co:p\u003E\u0026nbsp;\u003C/o:p\u003E\u003C/p\u003E\r\n\r\n\u003Cp class=\u0022MsoNormal\u0022 style=\u0022margin-bottom:0cm\u0022\u003EF\u00FCr ein schaumiges Erlebnis,\r\nempfehlen wir Ihnen die Seifens\u00E4ckchen.\u003Co:p\u003E\u003C/o:p\u003E\u003C/p\u003E\r\n    \r\n\r\n","SeName":"naturseife-kr\u00E4uter","Url":"/de/naturseife-kr%C3%A4uter","ProductType":0,"MarkAsNew":false,"Sku":null,"Flag":null,"Gtin":null,"Mpn":null,"BrandName":"","IsFreeShipping":false,"ShowSku":false,"ShowQty":false,"LowStock":false,"EndTime":"2099-01-01T00:00:00Z","EndTimeLocalTime":"2099-01-01T01:00:00","TaxDisplayType":10,"Interval":0,"IntervalUnitId":0,"ProductPrice":{"OldPrice":null,"OldPriceValue":0,"CatalogPrice":null,"Price":"CHF 12.00","CallForPrice":false,"PriceValue":12,"PriceIncludesTax":false,"StartPrice":null,"StartPriceValue":0,"HighestBid":null,"HighestBidValue":0,"BasePricePAngV":null,"DisableBuyButton":false,"DisableWishlistButton":false,"DisableAddToCompareListButton":true,"AvailableForPreOrder":false,"PreOrderDateTimeUtc":null,"ForceRedirectionAfterAddingToCart":false,"AppliedDiscounts":[],"PreferredTierPrice":null,"UserFields":[]},"DefaultPictureModel":{"ImageUrl":"/assets/images/thumbs/naturseife-kruter_6a2a5fd6093cb5ff21241c47_415.png","ThumbImageUrl":null,"FullSizeImageUrl":"/assets/images/thumbs/naturseife-kruter_6a2a5fd6093cb5ff21241c47.png","Title":"Naturseife Kr\u00E4uter 1","AlternateText":"Naturseife Kr\u00E4uter 1","Style":null,"ExtraField":null,"Id":"6a2a5fd6093cb5ff21241c47","UserFields":[]},"SecondPictureModel":{"ImageUrl":"/assets/images/thumbs/naturseife-kruter_6a2a5fde093cb5ff21241c97_415.png","ThumbImageUrl":null,"FullSizeImageUrl":"/assets/images/thumbs/naturseife-kruter_6a2a5fde093cb5ff21241c97.png","Title":"Naturseife Kr\u00E4uter 2","AlternateText":"Naturseife Kr\u00E4uter 2","Style":null,"ExtraField":null,"Id":"6a2a5fde093cb5ff21241c97","UserFields":[]},"SpecificationAttributeModels":[],"ProductAttributeModels":[],"ReviewOverviewModel":{"ProductId":"6a2a5fb1093cb5ff2124011c","RatingSum":0,"TotalReviews":0,"AvgRating":0,"AllowCustomerReviews":true,"UserFields":[]},"Id":"6a2a5fb1093cb5ff2124011c","UserFields":[]},{"Name":"Naturseife Bier","ShortDescription":"Naturseife Bier","FullDescription":"\r\n    \r\n    \u003Cp class=\u0022MsoNormal\u0022 style=\u0022margin-bottom:0cm\u0022\u003E\u003Cb\u003EDiese besondere Seife wird mit\r\nechtem Bier als Laugenfl\u00FCssigkeit hergestellt. Eine nat\u00FCrliche Pflege, die\r\nnicht nur die Haut, sondern auch die Haare verw\u00F6hnt. Bier enth\u00E4lt Vitamine,\r\nMineralstoffe und Hefe, die f\u00FCr Glanz und Volumen sorgen. Ideal also auch als\r\nfeste Haarseife geeignet.\u003C/b\u003E\u003Co:p\u003E\u003C/o:p\u003E\u003C/p\u003E\r\n\r\n\u003Cp class=\u0022MsoNormal\u0022 style=\u0022margin-bottom:0cm\u0022\u003E\u003Cb\u003EDer holzig, warme Duft\r\nZedernholz\u00F6l verleiht der Seife eine kraftvolle, aromatische Note \u2013 frisch,\r\nnat\u00FCrlich und charaktervoll. Ein Dufterlebnis f\u00FCr alle, die es markant lieben.\u003C/b\u003E\u003Co:p\u003E\u003C/o:p\u003E\u003C/p\u003E\r\n\r\n\u003Cp class=\u0022MsoNormal\u0022 style=\u0022margin-bottom:0cm\u0022\u003E\u003Co:p\u003E\u0026nbsp;\u003C/o:p\u003E\u0026nbsp;\u003C/p\u003E\r\n\r\n\u003Cp class=\u0022MsoNormal\u0022 style=\u0022margin-bottom:0cm\u0022\u003EIngredients: Beer, Orbignya\r\nOleifera Seed Oil, Olea Europaea Fruit Oil, Ricinus Communis Seed Oil,\r\nButyrospermum Parkii Butter, Theobroma Cacao Seed Butter, Sodium Hydroxide,\r\nSpent Grain Powder, Citric Acid, Cedrus Deodara Wood Oil, Mica, Titanium Dioxide,\r\nCetaryl Alcohol, Sodium Stearate, Ceteareth-20, Calcium Chloride.\u003Co:p\u003E\u003C/o:p\u003E\u003C/p\u003E\r\n\r\n\u003Cp class=\u0022MsoNormal\u0022 style=\u0022margin-bottom:0cm\u0022\u003EInhaltsstoffe: Bier, Babassu\u00F6l,\r\nOliven\u00F6l, Rizinus\u00F6l, Sheabutter, Kakobutter, Natriumhydroxid, Treber,\r\nZitronens\u00E4ure, \u00E4therisches \u00D6l (Zedernholz\u00F6l), Mica Matte White.\u003C/p\u003E\r\n\r\n\u003Cp class=\u0022MsoNormal\u0022 style=\u0022margin-bottom:0cm\u0022\u003E\u003Co:p\u003E\u0026nbsp;\u003C/o:p\u003E\u003C/p\u003E\r\n\r\n\u003Cp class=\u0022MsoNormal\u0022 style=\u0022margin-bottom:0cm\u0022\u003E- Frischgewicht 100 g\u003Co:p\u003E\u003C/o:p\u003E\u003C/p\u003E\r\n\r\n\u003Cp class=\u0022MsoNormal\u0022 style=\u0022margin-bottom:0cm\u0022\u003E- Verpackung: Teilweise mit Karton umh\u00FCllt und zus\u00E4tzlich in Cellophan eingeschweisst.\u003Co:p\u003E\u003C/o:p\u003E\u003C/p\u003E\r\n\r\n\u003Cp class=\u0022MsoNormal\u0022 style=\u0022margin-bottom:0cm\u0022\u003E- Anwendung: f\u00FCr den ganzen K\u00F6rper\r\n(Pflegend f\u00FCr die Haare)\u003Co:p\u003E\u003C/o:p\u003E\u003C/p\u003E\r\n\r\n\u003Cp class=\u0022MsoNormal\u0022 style=\u0022margin-bottom:0cm\u0022\u003E- 8% \u00DCberfettung\u003Co:p\u003E\u003C/o:p\u003E\u003C/p\u003E\r\n\r\n\u003Cp class=\u0022MsoNormal\u0022 style=\u0022margin-bottom:0cm\u0022\u003E- Herstellung: Siedverfahren\u003Co:p\u003E\u003C/o:p\u003E\u003C/p\u003E\r\n\r\n\u003Cp class=\u0022MsoNormal\u0022 style=\u0022margin-bottom:0cm\u0022\u003E- jede Seife ist ein Einzelst\u00FCck\r\n(Farbe/Geschmack)\u003Co:p\u003E\u003C/o:p\u003E\u003C/p\u003E\r\n\r\n\u003Cp class=\u0022MsoNormal\u0022 style=\u0022margin-bottom:0cm\u0022\u003E\u003Co:p\u003E\u0026nbsp;\u003C/o:p\u003E\u003C/p\u003E\r\n\r\n\u003Cp class=\u0022MsoNormal\u0022 style=\u0022margin-bottom:0cm\u0022\u003EF\u00FCr ein schaumiges Erlebnis,\r\nempfehlen wir Ihnen die Seifens\u00E4ckchen.\u003Co:p\u003E\u003C/o:p\u003E\u003C/p\u003E\r\n\r\n\u003Cp class=\u0022MsoNormal\u0022 style=\u0022margin-bottom:0cm\u0022\u003E\u003Co:p\u003E\u0026nbsp;\u003C/o:p\u003E\u003C/p\u003E\r\n\r\n\u003Cp class=\u0022MsoNormal\u0022 style=\u0022margin-bottom:0cm\u0022\u003EAnwendung f\u00FCr die Haare:\u003Co:p\u003E\u003C/o:p\u003E\u003C/p\u003E\r\n\r\n\u003Cp class=\u0022MsoNormal\u0022 style=\u0022margin-bottom:0cm\u0022\u003E1. Nasse Seife in den H\u00E4nden\r\naufsch\u00E4umen oder direkt auf der nassen Kopfhaut. (In Wuchsrichtung \u00FCber die\r\nHaare streichen.)\u003Co:p\u003E\u003C/o:p\u003E\u003C/p\u003E\r\n\r\n\u003Cp class=\u0022MsoNormal\u0022 style=\u0022margin-bottom:0cm\u0022\u003E2. Ganze Haar gr\u00FCndlich\r\naufsch\u00E4umen. (Sonst bleiben zuviele Fette auf der Kopfhaut.)\u003Co:p\u003E\u003C/o:p\u003E\u003C/p\u003E\r\n\r\n\u003Cp class=\u0022MsoNormal\u0022 style=\u0022margin-bottom:0cm\u0022\u003E3. Haare gr\u00FCndlich mit nicht zu\r\nheissem Wasser auswaschen.\u003Co:p\u003E\u003C/o:p\u003E\u003C/p\u003E\r\n\r\n\u003Cp class=\u0022MsoNormal\u0022 style=\u0022margin-bottom:0cm\u0022\u003E4. Nach Bedarf mit Conditioner\r\noder Saure Rinse (1l Wasser und 2 EL Apfelessig) weiterpflegen.\u003Co:p\u003E\u003C/o:p\u003E\u003C/p\u003E\r\n\r\n\u003Cp class=\u0022MsoNormal\u0022 style=\u0022margin-bottom:0cm\u0022\u003EDie Haare brauchen ca 6 Wochen bis\r\ndie Umstellung erfolgreich ist.\u003Co:p\u003E\u003C/o:p\u003E\u003C/p\u003E\r\n    \r\n\r\n\r\n","SeName":"naturseife-bier","Url":"/de/naturseife-bier","ProductType":0,"MarkAsNew":false,"Sku":null,"Flag":null,"Gtin":null,"Mpn":null,"BrandName":"","IsFreeShipping":false,"ShowSku":false,"ShowQty":false,"LowStock":false,"EndTime":"2099-01-01T00:00:00Z","EndTimeLocalTime":"2099-01-01T01:00:00","TaxDisplayType":10,"Interval":0,"IntervalUnitId":0,"ProductPrice":{"OldPrice":null,"OldPriceValue":0,"CatalogPrice":null,"Price":"CHF 12.00","CallForPrice":false,"PriceValue":12,"PriceIncludesTax":false,"StartPrice":null,"StartPriceValue":0,"HighestBid":null,"HighestBidValue":0,"BasePricePAngV":null,"DisableBuyButton":false,"DisableWishlistButton":false,"DisableAddToCompareListButton":true,"AvailableForPreOrder":false,"PreOrderDateTimeUtc":null,"ForceRedirectionAfterAddingToCart":false,"AppliedDiscounts":[],"PreferredTierPrice":null,"UserFields":[]},"DefaultPictureModel":{"ImageUrl":"/assets/images/thumbs/naturseife-bier_6a2a60fa093cb5ff21251f95_415.png","ThumbImageUrl":null,"FullSizeImageUrl":"/assets/images/thumbs/naturseife-bier_6a2a60fa093cb5ff21251f95.png","Title":"Naturseife Bier 1","AlternateText":"Naturseife Bier 1","Style":null,"ExtraField":null,"Id":"6a2a60fa093cb5ff21251f95","UserFields":[]},"SecondPictureModel":{"ImageUrl":"/assets/images/thumbs/naturseife-bier_6a2a60fd093cb5ff21251fe5_415.jpeg","ThumbImageUrl":null,"FullSizeImageUrl":"/assets/images/thumbs/naturseife-bier_6a2a60fd093cb5ff21251fe5.jpeg","Title":"Naturseife Bier 2","AlternateText":"Naturseife Bier 2","Style":null,"ExtraField":null,"Id":"6a2a60fd093cb5ff21251fe5","UserFields":[]},"SpecificationAttributeModels":[],"ProductAttributeModels":[],"ReviewOverviewModel":{"ProductId":"6a2a60f3093cb5ff212504d9","RatingSum":0,"TotalReviews":0,"AvgRating":0,"AllowCustomerReviews":true,"UserFields":[]},"Id":"6a2a60f3093cb5ff212504d9","UserFields":[]},{"Name":"Naturseife Garten","ShortDescription":"Naturseife Garten","FullDescription":"\u003Cp class=\u0022MsoNormal\u0022 style=\u0022margin-bottom:0cm\u0022\u003E\u003Cb\u003EEin unverzichtbares Produkt f\u00FCr\r\nalle Gartenliebhaber. Die enthaltenen Mohnsamen sorgen f\u00FCr ein wirksames,\r\nzugleich sanftes Peeling und entfernen Schmutz gr\u00FCndlich, ohne die Haut zu\r\nreizen.\u003C/b\u003E\u003Co:p\u003E\u003C/o:p\u003E\u003C/p\u003E\r\n\r\n\u003Cp class=\u0022MsoNormal\u0022 style=\u0022margin-bottom:0cm\u0022\u003E\u003Co:p\u003E\u0026nbsp;\u003C/o:p\u003E\u003C/p\u003E\r\n\r\n\u003Cp class=\u0022MsoNormal\u0022 style=\u0022margin-bottom:0cm\u0022\u003EIngredients: Aqua, Cocos Nucifera\r\nOil, Olea Europaea Fruit Oil, Ricinus Communis Seed Oil, Butyrospermum Parkii\r\nButter, Theobroma Cacao Seed Butter, Sodium Hydroxide, Citric Acid, Mentha\r\nPiperita Leaf Extract, Papaver Somniferum Seed, Citrus Aurantium Bergamia Peel\r\nOil, Mentha Arvensis Leaf Oil, Limonene, Linalyl Acetate, Menthol, Linalool,\r\nPinene, Mica, Titanium Dioxide, CI 77288.\u003Co:p\u003E\u003C/o:p\u003E\u003C/p\u003E\r\n\r\n\u003Cp class=\u0022MsoNormal\u0022 style=\u0022margin-bottom:0cm\u0022\u003EInhaltsstoffe: Wasser, Kokos\u00F6l,\r\nOliven\u00F6l, Rizinus\u00F6l, Sheabutter, Kakobutter, Natriumhydroxid, Zitronens\u00E4ure,\r\nPfeffermintee, Mohnsamen, \u00E4therische \u00D6le (Pfefferminz\u00F6l und Bergamotte\u00F6l),\r\nPigment Pearl Dark Green\u003Co:p\u003E\u003C/o:p\u003E\u003C/p\u003E\r\n\r\n\u003Cp class=\u0022MsoNormal\u0022 style=\u0022margin-bottom:0cm\u0022\u003E\u003Co:p\u003E\u0026nbsp;\u003C/o:p\u003E\u003C/p\u003E\r\n\r\n\u003Cp class=\u0022MsoNormal\u0022 style=\u0022margin-bottom:0cm\u0022\u003E- Frischgewicht ca 100 g\u003Co:p\u003E\u003C/o:p\u003E\u003C/p\u003E\r\n\r\n\u003Cp class=\u0022MsoNormal\u0022 style=\u0022margin-bottom:0cm\u0022\u003E- Verpackung: Teilweise mit Karton\r\numh\u00FCllt und zus\u00E4tzlich in Cellophan eingeschweisst.\u003Co:p\u003E\u003C/o:p\u003E\u003C/p\u003E\r\n\r\n\u003Cp class=\u0022MsoNormal\u0022 style=\u0022margin-bottom:0cm\u0022\u003E- Anwendung: f\u00FCr den ganzen K\u00F6rper\u003Co:p\u003E\u003C/o:p\u003E\u003C/p\u003E\r\n\r\n\u003Cp class=\u0022MsoNormal\u0022 style=\u0022margin-bottom:0cm\u0022\u003E- 9% \u00DCberfettung\u003Co:p\u003E\u003C/o:p\u003E\u003C/p\u003E\r\n\r\n\u003Cp class=\u0022MsoNormal\u0022 style=\u0022margin-bottom:0cm\u0022\u003E- Herstellung: Siedverfahren\u003Co:p\u003E\u003C/o:p\u003E\u003C/p\u003E\r\n\r\n\u003Cp class=\u0022MsoNormal\u0022 style=\u0022margin-bottom:0cm\u0022\u003E- jede Seife ist ein Einzelst\u00FCck\r\n(Farbe/Geschmack)\u003Co:p\u003E\u003C/o:p\u003E\u003C/p\u003E\r\n\r\n\u003Cp class=\u0022MsoNormal\u0022 style=\u0022margin-bottom:0cm\u0022\u003E\u003Co:p\u003E\u0026nbsp;\u003C/o:p\u003E\u003C/p\u003E\r\n\r\n\u003Cp class=\u0022MsoNormal\u0022 style=\u0022margin-bottom:0cm\u0022\u003EF\u00FCr ein schaumiges Erlebnis,\r\nempfehlen wir Ihnen die Seifens\u00E4ckchen.\u003Co:p\u003E\u003C/o:p\u003E\u003C/p\u003E\r\n    \r\n","SeName":"naturseife-garten","Url":"/de/naturseife-garten","ProductType":0,"MarkAsNew":false,"Sku":null,"Flag":null,"Gtin":null,"Mpn":null,"BrandName":"","IsFreeShipping":false,"ShowSku":false,"ShowQty":false,"LowStock":false,"EndTime":"2099-01-01T00:00:00Z","EndTimeLocalTime":"2099-01-01T01:00:00","TaxDisplayType":10,"Interval":0,"IntervalUnitId":0,"ProductPrice":{"OldPrice":null,"OldPriceValue":0,"CatalogPrice":null,"Price":"CHF 12.00","CallForPrice":false,"PriceValue":12,"PriceIncludesTax":false,"StartPrice":null,"StartPriceValue":0,"HighestBid":null,"HighestBidValue":0,"BasePricePAngV":null,"DisableBuyButton":false,"DisableWishlistButton":false,"DisableAddToCompareListButton":true,"AvailableForPreOrder":false,"PreOrderDateTimeUtc":null,"ForceRedirectionAfterAddingToCart":false,"AppliedDiscounts":[],"PreferredTierPrice":null,"UserFields":[]},"DefaultPictureModel":{"ImageUrl":"/assets/images/thumbs/naturseife-garten_6a2a61e1093cb5ff2129ffa4_415.png","ThumbImageUrl":null,"FullSizeImageUrl":"/assets/images/thumbs/naturseife-garten_6a2a61e1093cb5ff2129ffa4.png","Title":"Naturseife Garten 1","AlternateText":"Naturseife Garten 1","Style":null,"ExtraField":null,"Id":"6a2a61e1093cb5ff2129ffa4","UserFields":[]},"SecondPictureModel":{"ImageUrl":"/assets/images/thumbs/naturseife-garten_6a2a61e3093cb5ff2129fff4_415.jpeg","ThumbImageUrl":null,"FullSizeImageUrl":"/assets/images/thumbs/naturseife-garten_6a2a61e3093cb5ff2129fff4.jpeg","Title":"Naturseife Garten 2","AlternateText":"Naturseife Garten 2","Style":null,"ExtraField":null,"Id":"6a2a61e3093cb5ff2129fff4","UserFields":[]},"SpecificationAttributeModels":[],"ProductAttributeModels":[],"ReviewOverviewModel":{"ProductId":"6a2a61d4093cb5ff2129e40d","RatingSum":0,"TotalReviews":0,"AvgRating":0,"AllowCustomerReviews":true,"UserFields":[]},"Id":"6a2a61d4093cb5ff2129e40d","UserFields":[]},{"Name":"Naturseife Oliven\u00F6l","ShortDescription":"Naturseife \u00D6liven\u00F6l","FullDescription":"\u003Cp class=\u0022MsoNormal\u0022 style=\u0022margin-bottom:0cm\u0022\u003E\u003Cb\u003EDiese Oliven\u00F6lseife ist ein\r\nechtes Naturprodukt. Frei von k\u00FCnstlichen Zusatzstoffen, sanft zur Haut und\r\ngleichzeitig hochwirksam. Sie ist besonders hautvertr\u00E4glich und eignet\r\nsich hervorragend f\u00FCr empfindliche oder trockene Haut. Sie reinigt sanft, ohne\r\nden nat\u00FCrlichen Schutzmantel der Haut zu zerst\u00F6ren, und hinterl\u00E4sst ein\r\nangenehm weiches Hautgef\u00FChl.\u003C/b\u003E\u003Co:p\u003E\u003C/o:p\u003E\u003C/p\u003E\r\n\r\n\u003Cp class=\u0022MsoNormal\u0022 style=\u0022margin-bottom:0cm\u0022\u003E\u003Co:p\u003E\u0026nbsp;\u003C/o:p\u003E\u003C/p\u003E\r\n\r\n\u003Cp class=\u0022MsoNormal\u0022 style=\u0022margin-bottom:0cm\u0022\u003E\u003Cb\u003EEin besonderes Qualit\u00E4tsmerkmal\r\ndieser Seifen ist die Reifezeit:\u003Cbr\u003E\r\nNach der Herstellung lagern wir jede Seife f\u00FCr 6 bis 12 Monate, damit sie\r\noptimal aush\u00E4rten und ihre volle Pflegewirkung entfalten kann. Diese lange\r\nReifezeit macht die Seife besonders ergiebig, mild und langlebig.\u003C/b\u003E\u003Co:p\u003E\u003C/o:p\u003E\u003C/p\u003E\r\n\r\n\u003Cp class=\u0022MsoNormal\u0022 style=\u0022margin-bottom:0cm\u0022\u003E\u003Co:p\u003E\u0026nbsp;\u003C/o:p\u003E\u003C/p\u003E\r\n\r\n\u003Cp class=\u0022MsoNormal\u0022 style=\u0022margin-bottom:0cm\u0022\u003EIngredients: Olea Europaea\r\nFruit Oil, Aqua, Sodium Hydroxide, Citric Acid.\u003Co:p\u003E\u003C/o:p\u003E\u003C/p\u003E\r\n\r\n\u003Cp class=\u0022MsoNormal\u0022 style=\u0022margin-bottom:0cm\u0022\u003EInhaltsstoffe: Oliven\u00F6l, Wasser, Natriumhydroxid,\r\nZitronens\u00E4ure.\u003Co:p\u003E\u003C/o:p\u003E\u003C/p\u003E\r\n\r\n\u003Cp class=\u0022MsoNormal\u0022 style=\u0022margin-bottom:0cm\u0022\u003E\u003Co:p\u003E\u0026nbsp;\u003C/o:p\u003E\u003C/p\u003E\r\n\r\n\u003Cp class=\u0022MsoNormal\u0022 style=\u0022margin-bottom:0cm\u0022\u003E- Frischgewicht ca 100 g\u003Co:p\u003E\u003C/o:p\u003E\u003C/p\u003E\r\n\r\n\u003Cp class=\u0022MsoNormal\u0022 style=\u0022margin-bottom:0cm\u0022\u003E- Verpackung: Teilweise mit Karton umh\u00FCllt und zus\u00E4tzlich in Cellophan eingeschweisst.\u003Co:p\u003E\u003C/o:p\u003E\u003C/p\u003E\r\n\r\n\u003Cp class=\u0022MsoNormal\u0022 style=\u0022margin-bottom:0cm\u0022\u003E- Anwendung: f\u00FCr den ganzen K\u00F6rper\u003Co:p\u003E\u003C/o:p\u003E\u003C/p\u003E\r\n\r\n\u003Cp class=\u0022MsoNormal\u0022 style=\u0022margin-bottom:0cm\u0022\u003E- 9% \u00DCberfettung\u003Co:p\u003E\u003C/o:p\u003E\u003C/p\u003E\r\n\r\n\u003Cp class=\u0022MsoNormal\u0022 style=\u0022margin-bottom:0cm\u0022\u003E- Herstellung: Siedverfahren\u003Co:p\u003E\u003C/o:p\u003E\u003C/p\u003E\r\n\r\n\u003Cp class=\u0022MsoNormal\u0022 style=\u0022margin-bottom:0cm\u0022\u003E- jede Seife ist ein\r\nEinzelst\u00FCck (Farbe/Geschmack)\u003Co:p\u003E\u003C/o:p\u003E\u003C/p\u003E\r\n\r\n\u003Cp class=\u0022MsoNormal\u0022 style=\u0022margin-bottom:0cm\u0022\u003E\u003Co:p\u003E\u0026nbsp;\u003C/o:p\u003E\u003C/p\u003E\r\n\r\n\u003Cp class=\u0022MsoNormal\u0022 style=\u0022margin-bottom:0cm\u0022\u003EF\u00FCr ein schaumiges Erlebnis,\r\nempfehlen wir Ihnen die Seifens\u00E4ckchen.\u003Co:p\u003E\u003C/o:p\u003E\u003C/p\u003E\r\n    \r\n","SeName":"naturseife-oliven\u00F6l","Url":"/de/naturseife-oliven%C3%B6l","ProductType":0,"MarkAsNew":false,"Sku":null,"Flag":null,"Gtin":null,"Mpn":null,"BrandName":"","IsFreeShipping":false,"ShowSku":false,"ShowQty":false,"LowStock":false,"EndTime":"2099-01-01T00:00:00Z","EndTimeLocalTime":"2099-01-01T01:00:00","TaxDisplayType":10,"Interval":0,"IntervalUnitId":0,"ProductPrice":{"OldPrice":null,"OldPriceValue":0,"CatalogPrice":null,"Price":"CHF 12.00","CallForPrice":false,"PriceValue":12,"PriceIncludesTax":false,"StartPrice":null,"StartPriceValue":0,"HighestBid":null,"HighestBidValue":0,"BasePricePAngV":null,"DisableBuyButton":false,"DisableWishlistButton":false,"DisableAddToCompareListButton":true,"AvailableForPreOrder":false,"PreOrderDateTimeUtc":null,"ForceRedirectionAfterAddingToCart":false,"AppliedDiscounts":[],"PreferredTierPrice":null,"UserFields":[]},"DefaultPictureModel":{"ImageUrl":"/assets/images/thumbs/naturseife-olivenl_6a2a63a3093cb5ff212eb572_415.jpeg","ThumbImageUrl":null,"FullSizeImageUrl":"/assets/images/thumbs/naturseife-olivenl_6a2a63a3093cb5ff212eb572.jpeg","Title":"Naturseife Oliven\u00F6l 1","AlternateText":"Naturseife Oliven\u00F6l 1","Style":null,"ExtraField":null,"Id":"6a2a63a3093cb5ff212eb572","UserFields":[]},"SecondPictureModel":{"ImageUrl":"/assets/images/thumbs/naturseife-olivenl_6a2a63a6093cb5ff212eb5c2_415.jpeg","ThumbImageUrl":null,"FullSizeImageUrl":"/assets/images/thumbs/naturseife-olivenl_6a2a63a6093cb5ff212eb5c2.jpeg","Title":"Naturseife Oliven\u00F6l 2","AlternateText":"Naturseife Oliven\u00F6l 2","Style":null,"ExtraField":null,"Id":"6a2a63a6093cb5ff212eb5c2","UserFields":[]},"SpecificationAttributeModels":[],"ProductAttributeModels":[],"ReviewOverviewModel":{"ProductId":"6a2a639a093cb5ff212e9a86","RatingSum":0,"TotalReviews":0,"AvgRating":0,"AllowCustomerReviews":true,"UserFields":[]},"Id":"6a2a639a093cb5ff212e9a86","UserFields":[]},{"Name":"Handseife Lavendel marmoriert","ShortDescription":"www.molashandgemacht.ch","FullDescription":"\u003Cp style=\u0022-webkit-tap-highlight-color: rgba(26, 26, 26, 0.3); font-family: Verdana, Arial, Helvetica, sans-serif; font-size: 14px;\u0022\u003EJede Seife ein UNIKAT\u003C/p\u003E\u003Cp style=\u0022-webkit-tap-highlight-color: rgba(26, 26, 26, 0.3); font-family: Verdana, Arial, Helvetica, sans-serif; font-size: 14px;\u0022\u003E\u003Cbr\u003E\u003C/p\u003E\u003Cul style=\u0022-webkit-tap-highlight-color: rgba(26, 26, 26, 0.3); font-family: Verdana, Arial, Helvetica, sans-serif; font-size: 14px;\u0022\u003E\u003Cli class=\u0022\u0022 data-sfc-cp=\u0022\u0022 data-sfc-root=\u0022ep\u0022 data-sfc-cb=\u0022\u0022 data-hveid=\u0022CAIIAAgDEAA\u0022 data-complete=\u0022true\u0022 data-sae=\u0022\u0022 data-copy-service-computed-style=\u0022font-family: \u0026quot;Google Sans\u0026quot;, \u0026quot;Helvetica Neue\u0026quot;, sans-serif; font-size: 16px; font-weight: 400; margin: 0px 0px 12px; text-decoration: none; border-bottom: 0px rgb(10, 10, 10);\u0022\u003E\u003Cspan class=\u0022\u0022 data-sfc-cp=\u0022\u0022 data-sfc-root=\u0022ep\u0022 data-sfc-cb=\u0022\u0022 data-complete=\u0022true\u0022 data-copy-service-computed-style=\u0022font-family: \u0026quot;Google Sans\u0026quot;, \u0026quot;Helvetica Neue\u0026quot;, sans-serif; font-size: 16px; font-weight: 400; margin: 0px; text-decoration: none; border-bottom: 0px rgb(10, 10, 10);\u0022\u003E\u003Cstrong class=\u0022\u0022 data-sfc-root=\u0022ep\u0022 data-sfc-cb=\u0022\u0022 data-complete=\u0022true\u0022 data-copy-service-computed-style=\u0022font-family: \u0026quot;Google Sans\u0026quot;, \u0026quot;Helvetica Neue\u0026quot;, sans-serif; font-size: 16px; font-weight: 700; margin: 0px; text-decoration: none; border-bottom: 0px rgb(10, 10, 10);\u0022\u003EH\u00E4ndewaschen\u003C/strong\u003E: Reinigt die Haut gr\u00FCndlich von Schmutz und Keimen.\u003C/span\u003E\u003C/li\u003E\u003Cli class=\u0022\u0022 data-sfc-cp=\u0022\u0022 data-sfc-root=\u0022ep\u0022 data-sfc-cb=\u0022\u0022 data-hveid=\u0022CAIIAAgDEAA\u0022 data-complete=\u0022true\u0022 data-sae=\u0022\u0022 data-copy-service-computed-style=\u0022font-family: \u0026quot;Google Sans\u0026quot;, \u0026quot;Helvetica Neue\u0026quot;, sans-serif; font-size: 16px; font-weight: 400; margin: 0px 0px 12px; text-decoration: none; border-bottom: 0px rgb(10, 10, 10);\u0022\u003E\u003Cspan class=\u0022\u0022 data-sfc-cp=\u0022\u0022 data-sfc-root=\u0022ep\u0022 data-sfc-cb=\u0022\u0022 data-complete=\u0022true\u0022 data-copy-service-computed-style=\u0022font-family: \u0026quot;Google Sans\u0026quot;, \u0026quot;Helvetica Neue\u0026quot;, sans-serif; font-size: 16px; font-weight: 400; margin: 0px; text-decoration: none; border-bottom: 0px rgb(10, 10, 10);\u0022\u003E\u003Cbr\u003E\u003C/span\u003E\u003C/li\u003E\u003Cli class=\u0022\u0022 data-sfc-cp=\u0022\u0022 data-sfc-root=\u0022ep\u0022 data-sfc-cb=\u0022\u0022 data-hveid=\u0022CAIIAAgDEAE\u0022 data-complete=\u0022true\u0022 data-sae=\u0022\u0022 data-copy-service-computed-style=\u0022font-family: \u0026quot;Google Sans\u0026quot;, \u0026quot;Helvetica Neue\u0026quot;, sans-serif; font-size: 16px; font-weight: 400; margin: 0px 0px 12px; text-decoration: none; border-bottom: 0px rgb(10, 10, 10);\u0022\u003E\u003Cspan class=\u0022\u0022 data-sfc-cp=\u0022\u0022 data-sfc-root=\u0022ep\u0022 data-sfc-cb=\u0022\u0022 data-complete=\u0022true\u0022 data-copy-service-computed-style=\u0022font-family: \u0026quot;Google Sans\u0026quot;, \u0026quot;Helvetica Neue\u0026quot;, sans-serif; font-size: 16px; font-weight: 400; margin: 0px; text-decoration: none; border-bottom: 0px rgb(10, 10, 10);\u0022\u003E\u003Cstrong class=\u0022\u0022 data-sfc-root=\u0022ep\u0022 data-sfc-cb=\u0022\u0022 data-complete=\u0022true\u0022 data-copy-service-computed-style=\u0022font-family: \u0026quot;Google Sans\u0026quot;, \u0026quot;Helvetica Neue\u0026quot;, sans-serif; font-size: 16px; font-weight: 700; margin: 0px; text-decoration: none; border-bottom: 0px rgb(10, 10, 10);\u0022\u003EAromatherapie\u003C/strong\u003E: Der Lavendelduft wirkt beim Waschen beruhigend und stressreduzierend.\u003C/span\u003E\u003C/li\u003E\u003Cli class=\u0022\u0022 data-sfc-cp=\u0022\u0022 data-sfc-root=\u0022ep\u0022 data-sfc-cb=\u0022\u0022 data-hveid=\u0022CAIIAAgDEAE\u0022 data-complete=\u0022true\u0022 data-sae=\u0022\u0022 data-copy-service-computed-style=\u0022font-family: \u0026quot;Google Sans\u0026quot;, \u0026quot;Helvetica Neue\u0026quot;, sans-serif; font-size: 16px; font-weight: 400; margin: 0px 0px 12px; text-decoration: none; border-bottom: 0px rgb(10, 10, 10);\u0022\u003E\u003Cspan class=\u0022\u0022 data-sfc-cp=\u0022\u0022 data-sfc-root=\u0022ep\u0022 data-sfc-cb=\u0022\u0022 data-complete=\u0022true\u0022 data-copy-service-computed-style=\u0022font-family: \u0026quot;Google Sans\u0026quot;, \u0026quot;Helvetica Neue\u0026quot;, sans-serif; font-size: 16px; font-weight: 400; margin: 0px; text-decoration: none; border-bottom: 0px rgb(10, 10, 10);\u0022\u003E\u003Cbr\u003E\u003C/span\u003E\u003C/li\u003E\u003C/ul\u003E\u003Cul style=\u0022-webkit-tap-highlight-color: rgba(26, 26, 26, 0.3); font-family: Verdana, Arial, Helvetica, sans-serif; font-size: 14px;\u0022\u003E\u003Cli class=\u0022\u0022 data-sfc-cp=\u0022\u0022 data-sfc-root=\u0022ep\u0022 data-sfc-cb=\u0022\u0022 data-hveid=\u0022CAIIAAgDEAI\u0022 data-complete=\u0022true\u0022 data-sae=\u0022\u0022 data-copy-service-computed-style=\u0022font-family: \u0026quot;Google Sans\u0026quot;, \u0026quot;Helvetica Neue\u0026quot;, sans-serif; font-size: 16px; font-weight: 400; margin: 0px 0px 12px; text-decoration: none; border-bottom: 0px rgb(10, 10, 10);\u0022\u003E\u003Cspan class=\u0022\u0022 data-sfc-cp=\u0022\u0022 data-sfc-root=\u0022ep\u0022 data-sfc-cb=\u0022\u0022 data-complete=\u0022true\u0022 data-copy-service-computed-style=\u0022font-family: \u0026quot;Google Sans\u0026quot;, \u0026quot;Helvetica Neue\u0026quot;, sans-serif; font-size: 16px; font-weight: 400; margin: 0px; text-decoration: none; border-bottom: 0px rgb(10, 10, 10);\u0022\u003E\u003Cstrong class=\u0022\u0022 data-sfc-root=\u0022ep\u0022 data-sfc-cb=\u0022\u0022 data-complete=\u0022true\u0022 data-copy-service-computed-style=\u0022font-family: \u0026quot;Google Sans\u0026quot;, \u0026quot;Helvetica Neue\u0026quot;, sans-serif; font-size: 16px; font-weight: 700; margin: 0px; text-decoration: none; border-bottom: 0px rgb(10, 10, 10);\u0022\u003EAbendroutine\u003C/strong\u003E: Ideal vor dem Schlafengehen, um K\u00F6rper und Geist zu entspannen.\u003C/span\u003E\u003C/li\u003E\u003Cli class=\u0022\u0022 data-sfc-cp=\u0022\u0022 data-sfc-root=\u0022ep\u0022 data-sfc-cb=\u0022\u0022 data-hveid=\u0022CAIIAAgDEAI\u0022 data-complete=\u0022true\u0022 data-sae=\u0022\u0022 data-copy-service-computed-style=\u0022font-family: \u0026quot;Google Sans\u0026quot;, \u0026quot;Helvetica Neue\u0026quot;, sans-serif; font-size: 16px; font-weight: 400; margin: 0px 0px 12px; text-decoration: none; border-bottom: 0px rgb(10, 10, 10);\u0022\u003E\u003Cspan class=\u0022\u0022 data-sfc-cp=\u0022\u0022 data-sfc-root=\u0022ep\u0022 data-sfc-cb=\u0022\u0022 data-complete=\u0022true\u0022 data-copy-service-computed-style=\u0022font-family: \u0026quot;Google Sans\u0026quot;, \u0026quot;Helvetica Neue\u0026quot;, sans-serif; font-size: 16px; font-weight: 400; margin: 0px; text-decoration: none; border-bottom: 0px rgb(10, 10, 10);\u0022\u003E\u003Cbr\u003E\u003C/span\u003E\u003C/li\u003E\u003Cli class=\u0022\u0022 data-sfc-cp=\u0022\u0022 data-sfc-root=\u0022ep\u0022 data-sfc-cb=\u0022\u0022 data-hveid=\u0022CAIIAAgDEAM\u0022 data-complete=\u0022true\u0022 data-sae=\u0022\u0022 data-copy-service-computed-style=\u0022font-family: \u0026quot;Google Sans\u0026quot;, \u0026quot;Helvetica Neue\u0026quot;, sans-serif; font-size: 16px; font-weight: 400; margin: 0px 0px 12px; text-decoration: none; border-bottom: 0px rgb(10, 10, 10);\u0022\u003E\u003Cspan class=\u0022\u0022 data-sfc-cp=\u0022\u0022 data-sfc-root=\u0022ep\u0022 data-sfc-cb=\u0022\u0022 data-complete=\u0022true\u0022 data-copy-service-computed-style=\u0022font-family: \u0026quot;Google Sans\u0026quot;, \u0026quot;Helvetica Neue\u0026quot;, sans-serif; font-size: 16px; font-weight: 400; margin: 0px; text-decoration: none; border-bottom: 0px rgb(10, 10, 10);\u0022\u003E\u003Cstrong class=\u0022\u0022 data-sfc-root=\u0022ep\u0022 data-sfc-cb=\u0022\u0022 data-complete=\u0022true\u0022 data-copy-service-computed-style=\u0022font-family: \u0026quot;Google Sans\u0026quot;, \u0026quot;Helvetica Neue\u0026quot;, sans-serif; font-size: 16px; font-weight: 700; margin: 0px; text-decoration: none; border-bottom: 0px rgb(10, 10, 10);\u0022\u003EG\u00E4stebad\u003C/strong\u003E: Wirkt einladend und sorgt f\u00FCr ein frisches, gepflegtes Gef\u00FChl.\u003C/span\u003E\u003C/li\u003E\u003Cli class=\u0022\u0022 data-sfc-cp=\u0022\u0022 data-sfc-root=\u0022ep\u0022 data-sfc-cb=\u0022\u0022 data-hveid=\u0022CAIIAAgDEAM\u0022 data-complete=\u0022true\u0022 data-sae=\u0022\u0022 data-copy-service-computed-style=\u0022font-family: \u0026quot;Google Sans\u0026quot;, \u0026quot;Helvetica Neue\u0026quot;, sans-serif; font-size: 16px; font-weight: 400; margin: 0px 0px 12px; text-decoration: none; border-bottom: 0px rgb(10, 10, 10);\u0022\u003E\u003Cspan class=\u0022\u0022 data-sfc-cp=\u0022\u0022 data-sfc-root=\u0022ep\u0022 data-sfc-cb=\u0022\u0022 data-complete=\u0022true\u0022 data-copy-service-computed-style=\u0022font-family: \u0026quot;Google Sans\u0026quot;, \u0026quot;Helvetica Neue\u0026quot;, sans-serif; font-size: 16px; font-weight: 400; margin: 0px; text-decoration: none; border-bottom: 0px rgb(10, 10, 10);\u0022\u003E\u003Cbr\u003E\u003C/span\u003E\u003C/li\u003E\u003C/ul\u003E\u003Cp style=\u0022-webkit-tap-highlight-color: rgba(26, 26, 26, 0.3); font-family: Verdana, Arial, Helvetica, sans-serif; font-size: 14px;\u0022\u003E\u003Cspan class=\u0022\u0022 data-sfc-cp=\u0022\u0022 data-sfc-root=\u0022ep\u0022 data-sfc-cb=\u0022\u0022 data-complete=\u0022true\u0022 data-copy-service-computed-style=\u0022font-family: \u0026quot;Google Sans\u0026quot;, \u0026quot;Helvetica Neue\u0026quot;, sans-serif; font-size: 16px; font-weight: 400; margin: 0px; text-decoration: none; border-bottom: 0px rgb(10, 10, 10);\u0022\u003EZusammensetzung: Seifenbasis, Seifenfarbe, Mande\u00F6l, \u00E4therisches \u00D6l\u003C/span\u003E\u003C/p\u003E\u003Cp style=\u0022-webkit-tap-highlight-color: rgba(26, 26, 26, 0.3); font-family: Verdana, Arial, Helvetica, sans-serif; font-size: 14px;\u0022\u003E\u0026nbsp;\u003C/p\u003E\r\n    \r\n","SeName":"handseife-lavendel-marmoriert","Url":"/de/handseife-lavendel-marmoriert","ProductType":0,"MarkAsNew":false,"Sku":null,"Flag":null,"Gtin":null,"Mpn":null,"BrandName":"","IsFreeShipping":false,"ShowSku":false,"ShowQty":false,"LowStock":false,"EndTime":"2099-01-01T00:00:00Z","EndTimeLocalTime":"2099-01-01T01:00:00","TaxDisplayType":10,"Interval":0,"IntervalUnitId":0,"ProductPrice":{"OldPrice":null,"OldPriceValue":0,"CatalogPrice":null,"Price":"CHF 5.90","CallForPrice":false,"PriceValue":5.9,"PriceIncludesTax":false,"StartPrice":null,"StartPriceValue":0,"HighestBid":null,"HighestBidValue":0,"BasePricePAngV":null,"DisableBuyButton":false,"DisableWishlistButton":false,"DisableAddToCompareListButton":true,"AvailableForPreOrder":false,"PreOrderDateTimeUtc":null,"ForceRedirectionAfterAddingToCart":false,"AppliedDiscounts":[],"PreferredTierPrice":null,"UserFields":[]},"DefaultPictureModel":{"ImageUrl":"/assets/images/thumbs/handseife-lavendel-marmoriert_6a42c964620b84d9f271eaba_415.jpeg","ThumbImageUrl":null,"FullSizeImageUrl":"/assets/images/thumbs/handseife-lavendel-marmoriert_6a42c964620b84d9f271eaba.jpeg","Title":"Handseife Lavendel marmoriert 1","AlternateText":"Handseife Lavendel marmoriert 1","Style":null,"ExtraField":null,"Id":"6a42c964620b84d9f271eaba","UserFields":[]},"SecondPictureModel":{"ImageUrl":"/assets/images/thumbs/handseife-lavendel-marmoriert_6a42c970620b84d9f271eb0a_415.jpeg","ThumbImageUrl":null,"FullSizeImageUrl":"/assets/images/thumbs/handseife-lavendel-marmoriert_6a42c970620b84d9f271eb0a.jpeg","Title":"Handseife Lavendel marmoriert 2","AlternateText":"Handseife Lavendel marmoriert 2","Style":null,"ExtraField":null,"Id":"6a42c970620b84d9f271eb0a","UserFields":[]},"SpecificationAttributeModels":[],"ProductAttributeModels":[],"ReviewOverviewModel":{"ProductId":"6a42c955620b84d9f271dbff","RatingSum":0,"TotalReviews":0,"AvgRating":0,"AllowCustomerReviews":true,"UserFields":[]},"Id":"6a42c955620b84d9f271dbff","UserFields":[]}],"Id":"67e25f37b67213d7a692e775","UserFields":[]}