{"ParentCategoryId":"","Name":"Schmuck \u0026 Accessoires","Description":"Entdecken Sie einzigartige handgefertigte Schmuckst\u00FCcke und Accessoires. Kaufen Sie unsere kuratierte Auswahl an Ringen, Halsketten, Armb\u00E4ndern und mehr, die mit Liebe gefertigt wurden.","BottomDescription":null,"MetaKeywords":null,"MetaDescription":"Entdecken Sie einzigartige handgefertigte Schmuckst\u00FCcke und Accessoires. Kaufen Sie unsere kuratierte Auswahl an Ringen, Halsketten, Armb\u00E4ndern und mehr, die mit Liebe gefertigt wurden.","MetaTitle":"Schmuck \u0026 Accessoires","SeName":"schmuck-and-accessoires","Flag":null,"FlagStyle":null,"Icon":null,"PictureModel":{"ImageUrl":null,"ThumbImageUrl":null,"FullSizeImageUrl":null,"Title":null,"AlternateText":null,"Style":null,"ExtraField":null,"Id":null,"UserFields":[]},"PagingFilteringContext":{"SpecificationFilter":{"Enabled":false,"AlreadyFilteredItems":[],"NotFilteredItems":[],"RemoveFilterUrl":null,"UserFields":[]},"AllowProductSorting":true,"AvailableSortOptions":[{"Disabled":false,"Group":null,"Selected":true,"Text":"Position","Value":"/de/schmuck-and-accessoires?orderby=0"},{"Disabled":false,"Group":null,"Selected":false,"Text":"Name: A to Z","Value":"/de/schmuck-and-accessoires?orderby=5"},{"Disabled":false,"Group":null,"Selected":false,"Text":"Name: Z to A","Value":"/de/schmuck-and-accessoires?orderby=6"},{"Disabled":false,"Group":null,"Selected":false,"Text":"Price: Low to High","Value":"/de/schmuck-and-accessoires?orderby=10"},{"Disabled":false,"Group":null,"Selected":false,"Text":"Price: High to Low","Value":"/de/schmuck-and-accessoires?orderby=11"},{"Disabled":false,"Group":null,"Selected":false,"Text":"Created on","Value":"/de/schmuck-and-accessoires?orderby=15"},{"Disabled":false,"Group":null,"Selected":false,"Text":"Best Sellers","Value":"/de/schmuck-and-accessoires?orderby=20"},{"Disabled":false,"Group":null,"Selected":false,"Text":"Most Viewed","Value":"/de/schmuck-and-accessoires?orderby=25"},{"Disabled":false,"Group":null,"Selected":false,"Text":"On Sale","Value":"/de/schmuck-and-accessoires?orderby=30"},{"Disabled":false,"Group":null,"Selected":false,"Text":"Rating","Value":"/de/schmuck-and-accessoires?orderby=40"}],"AllowProductViewModeChanging":true,"AvailableViewModes":[{"Disabled":false,"Group":null,"Selected":true,"Text":"Tabelle","Value":"/de/schmuck-and-accessoires?viewmode=grid"},{"Disabled":false,"Group":null,"Selected":false,"Text":"Liste","Value":"/de/schmuck-and-accessoires?viewmode=list"}],"AllowCustomersToSelectPageSize":false,"PageSizeOptions":[],"OrderBy":0,"Rating":null,"RatingOptions":[],"ViewMode":"grid","FirstItem":1,"HasNextPage":true,"HasPreviousPage":false,"LastItem":12,"PageIndex":0,"PageNumber":1,"PageSize":12,"TotalItems":162,"TotalPages":14},"DisplayCategoryBreadcrumb":true,"CategoryBreadcrumb":[{"ParentCategoryId":null,"Name":"Schmuck \u0026 Accessoires","Description":null,"BottomDescription":null,"MetaKeywords":null,"MetaDescription":null,"MetaTitle":null,"SeName":"schmuck-and-accessoires","Flag":null,"FlagStyle":null,"Icon":null,"PictureModel":{"ImageUrl":null,"ThumbImageUrl":null,"FullSizeImageUrl":null,"Title":null,"AlternateText":null,"Style":null,"ExtraField":null,"Id":null,"UserFields":[]},"PagingFilteringContext":{"SpecificationFilter":{"Enabled":false,"AlreadyFilteredItems":[],"NotFilteredItems":[],"RemoveFilterUrl":null,"UserFields":[]},"AllowProductSorting":false,"AvailableSortOptions":[],"AllowProductViewModeChanging":false,"AvailableViewModes":[],"AllowCustomersToSelectPageSize":false,"PageSizeOptions":[],"OrderBy":null,"Rating":null,"RatingOptions":[],"ViewMode":null,"FirstItem":0,"HasNextPage":false,"HasPreviousPage":false,"LastItem":0,"PageIndex":0,"PageNumber":0,"PageSize":0,"TotalItems":0,"TotalPages":0},"DisplayCategoryBreadcrumb":false,"CategoryBreadcrumb":[],"SubCategories":[],"FeaturedProducts":[],"Products":[],"Id":"66a2b399f8412264632f3e49","UserFields":[]}],"SubCategories":[{"Name":"Zubeh\u00F6r","SeName":"zubehoer","Description":"Entdecken Sie einzigartige handgefertigte Accessoires von talentierten Kunsthandwerkern. Kaufen Sie unsere vielf\u00E4ltige Auswahl an Schals, H\u00FCten, G\u00FCrteln und mehr, um Ihrem Stil eine pers\u00F6nliche Note zu verleihen.","Flag":null,"FlagStyle":null,"PictureModel":{"ImageUrl":"/assets/images/thumbs/no-image_450.png","ThumbImageUrl":null,"FullSizeImageUrl":"/assets/images/no-image.png","Title":"Zeige Produkte f\u00FCr Kategorie Zubeh\u00F6r","AlternateText":"Bild f\u00FCr Kategorie Zubeh\u00F6r","Style":null,"ExtraField":null,"Id":null,"UserFields":[]},"Id":"66a2b399f8412264632f3e81","UserFields":[]},{"Name":"Taschen \u0026 Geldb\u00F6rsen","SeName":"taschen-and-geldboersen","Description":"Erkunden Sie unsere sorgf\u00E4ltig kuratierte Kollektion von handgefertigten Taschen und Geldb\u00F6rsen von talentierten Verk\u00E4ufern. Finden Sie wundersch\u00F6n gefertigte, einzigartige St\u00FCcke, die perfekt f\u00FCr jede Gelegenheit sind.","Flag":null,"FlagStyle":null,"PictureModel":{"ImageUrl":"/assets/images/thumbs/no-image_450.png","ThumbImageUrl":null,"FullSizeImageUrl":"/assets/images/no-image.png","Title":"Zeige Produkte f\u00FCr Kategorie Taschen \u0026 Geldb\u00F6rsen","AlternateText":"Bild f\u00FCr Kategorie Taschen \u0026 Geldb\u00F6rsen","Style":null,"ExtraField":null,"Id":null,"UserFields":[]},"Id":"66a2b39af8412264632f3ed2","UserFields":[]},{"Name":"Hals\u00ADketten","SeName":"halsketten","Description":"Kaufen Sie atemberaubende handgefertigte Halsketten von verschiedenen Kunsthandwerkern. Unsere Kollektion bietet einzigartige Designs und Materialien und verleiht Ihrem Outfit eine pers\u00F6nliche Note.","Flag":null,"FlagStyle":null,"PictureModel":{"ImageUrl":"/assets/images/thumbs/no-image_450.png","ThumbImageUrl":null,"FullSizeImageUrl":"/assets/images/no-image.png","Title":"Zeige Produkte f\u00FCr Kategorie Hals\u00ADketten","AlternateText":"Bild f\u00FCr Kategorie Hals\u00ADketten","Style":null,"ExtraField":null,"Id":null,"UserFields":[]},"Id":"66a2b39af8412264632f3f23","UserFields":[]},{"Name":"Ringe","SeName":"ringe","Description":"Finden Sie exquisite handgefertigte Ringe von talentierten Kunsthandwerkern. Durchst\u00F6bern Sie unsere Kollektion einzigartiger und wundersch\u00F6n gestalteter Ringe, die perfekt f\u00FCr jeden Stil und Anlass sind.","Flag":null,"FlagStyle":null,"PictureModel":{"ImageUrl":"/assets/images/thumbs/no-image_450.png","ThumbImageUrl":null,"FullSizeImageUrl":"/assets/images/no-image.png","Title":"Zeige Produkte f\u00FCr Kategorie Ringe","AlternateText":"Bild f\u00FCr Kategorie Ringe","Style":null,"ExtraField":null,"Id":null,"UserFields":[]},"Id":"66a2b39af8412264632f3f74","UserFields":[]},{"Name":"Ohrringe","SeName":"ohrringe","Description":"Entdecken Sie wundersch\u00F6ne handgefertigte Ohrringe von talentierten Kunsthandwerkern. Unsere Auswahl umfasst einzigartige Designs und Materialien, die perfekt sind, um jedem Outfit Eleganz zu verleihen.","Flag":null,"FlagStyle":null,"PictureModel":{"ImageUrl":"/assets/images/thumbs/no-image_450.png","ThumbImageUrl":null,"FullSizeImageUrl":"/assets/images/no-image.png","Title":"Zeige Produkte f\u00FCr Kategorie Ohrringe","AlternateText":"Bild f\u00FCr Kategorie Ohrringe","Style":null,"ExtraField":null,"Id":null,"UserFields":[]},"Id":"66a2b39af8412264632f3fc5","UserFields":[]},{"Name":"Armb\u00E4nder","SeName":"armbaender","Description":"Erkunden Sie unsere handgefertigten Armb\u00E4nder von verschiedenen Verk\u00E4ufern. Jedes St\u00FCck ist einzigartig und bietet eine Bandbreite von Stilen, von elegant bis bohemisch.","Flag":null,"FlagStyle":null,"PictureModel":{"ImageUrl":"/assets/images/thumbs/no-image_450.png","ThumbImageUrl":null,"FullSizeImageUrl":"/assets/images/no-image.png","Title":"Zeige Produkte f\u00FCr Kategorie Armb\u00E4nder","AlternateText":"Bild f\u00FCr Kategorie Armb\u00E4nder","Style":null,"ExtraField":null,"Id":null,"UserFields":[]},"Id":"66a2b39af8412264632f4016","UserFields":[]},{"Name":"K\u00F6rperschmuck","SeName":"koerperschmuck","Description":"Kaufen Sie unsere Kollektion von handgefertigtem K\u00F6rperschmuck von verschiedenen Kunsthandwerkern. Finden Sie einzigartige, wundersch\u00F6n gefertigte St\u00FCcke, um Ihre Individualit\u00E4t und Ihren Stil auszudr\u00FCcken.","Flag":null,"FlagStyle":null,"PictureModel":{"ImageUrl":"/assets/images/thumbs/no-image_450.png","ThumbImageUrl":null,"FullSizeImageUrl":"/assets/images/no-image.png","Title":"Zeige Produkte f\u00FCr Kategorie K\u00F6rperschmuck","AlternateText":"Bild f\u00FCr Kategorie K\u00F6rperschmuck","Style":null,"ExtraField":null,"Id":null,"UserFields":[]},"Id":"66a2b39af8412264632f4068","UserFields":[]},{"Name":"Mehr","SeName":"mehr","Description":"Entdecken Sie eine Vielzahl von handgefertigtem Schmuck und Accessoires. Finden Sie einzigartige, au\u00DFergew\u00F6hnliche Artikel, die nicht in traditionelle Kategorien passen, hergestellt von talentierten Kunsthandwerkern.","Flag":null,"FlagStyle":null,"PictureModel":{"ImageUrl":"/assets/images/thumbs/no-image_450.png","ThumbImageUrl":null,"FullSizeImageUrl":"/assets/images/no-image.png","Title":"Zeige Produkte f\u00FCr Kategorie Mehr","AlternateText":"Bild f\u00FCr Kategorie Mehr","Style":null,"ExtraField":null,"Id":null,"UserFields":[]},"Id":"66a2b39af8412264632f40b9","UserFields":[]}],"FeaturedProducts":[],"Products":[{"Name":"Anhenger ","ShortDescription":"Harz ","FullDescription":"Schl\u00FCsel anhenger 2 farbig oder glizer oder 1 farbig","SeName":"anhenger","Url":"/de/anhenger","ProductType":0,"MarkAsNew":false,"Sku":null,"Flag":null,"Gtin":null,"Mpn":null,"BrandName":"","IsFreeShipping":false,"ShowSku":false,"ShowQty":false,"LowStock":false,"EndTime":"2099-01-01T00:00:00Z","EndTimeLocalTime":"2099-01-01T01:00:00","TaxDisplayType":10,"Interval":0,"IntervalUnitId":0,"ProductPrice":{"OldPrice":null,"OldPriceValue":0,"CatalogPrice":null,"Price":"CHF 5.00","CallForPrice":false,"PriceValue":5,"PriceIncludesTax":false,"StartPrice":null,"StartPriceValue":0,"HighestBid":null,"HighestBidValue":0,"BasePricePAngV":null,"DisableBuyButton":false,"DisableWishlistButton":false,"DisableAddToCompareListButton":true,"AvailableForPreOrder":false,"PreOrderDateTimeUtc":null,"ForceRedirectionAfterAddingToCart":false,"AppliedDiscounts":[],"PreferredTierPrice":null,"UserFields":[]},"DefaultPictureModel":{"ImageUrl":"/assets/images/thumbs/anhenger_670eb09f116bdc764b5105ec_415.jpeg","ThumbImageUrl":null,"FullSizeImageUrl":"/assets/images/thumbs/anhenger_670eb09f116bdc764b5105ec.jpeg","Title":"Anhenger  1","AlternateText":"Anhenger  1","Style":null,"ExtraField":null,"Id":"670eb09f116bdc764b5105ec","UserFields":[]},"SecondPictureModel":{"ImageUrl":null,"ThumbImageUrl":null,"FullSizeImageUrl":null,"Title":null,"AlternateText":null,"Style":null,"ExtraField":null,"Id":null,"UserFields":[]},"SpecificationAttributeModels":[],"ProductAttributeModels":[],"ReviewOverviewModel":{"ProductId":"670eafe3116bdc764b50da2b","RatingSum":0,"TotalReviews":0,"AvgRating":0,"AllowCustomerReviews":true,"UserFields":[]},"Id":"670eafe3116bdc764b50da2b","UserFields":[]},{"Name":"Schmuckschale","ShortDescription":"Schmuckschale","FullDescription":"\u003Cp\u003ESchmuckschale\u003C/p\u003E\u003Cp\u003E\u003Cbr\u003E\u003C/p\u003E","SeName":"schmuckschale","Url":"/de/schmuckschale","ProductType":0,"MarkAsNew":false,"Sku":null,"Flag":null,"Gtin":null,"Mpn":null,"BrandName":"","IsFreeShipping":false,"ShowSku":false,"ShowQty":false,"LowStock":false,"EndTime":"2099-01-01T00:00:00Z","EndTimeLocalTime":"2099-01-01T01:00:00","TaxDisplayType":10,"Interval":0,"IntervalUnitId":0,"ProductPrice":{"OldPrice":null,"OldPriceValue":0,"CatalogPrice":null,"Price":"CHF 13.00","CallForPrice":false,"PriceValue":13,"PriceIncludesTax":false,"StartPrice":null,"StartPriceValue":0,"HighestBid":null,"HighestBidValue":0,"BasePricePAngV":null,"DisableBuyButton":false,"DisableWishlistButton":false,"DisableAddToCompareListButton":true,"AvailableForPreOrder":false,"PreOrderDateTimeUtc":null,"ForceRedirectionAfterAddingToCart":false,"AppliedDiscounts":[],"PreferredTierPrice":null,"UserFields":[]},"DefaultPictureModel":{"ImageUrl":"/assets/images/thumbs/schmuckschale_6714f9e78f50738cdbda7398_415.jpeg","ThumbImageUrl":null,"FullSizeImageUrl":"/assets/images/thumbs/schmuckschale_6714f9e78f50738cdbda7398.jpeg","Title":"Schmuckschale 1","AlternateText":"Schmuckschale 1","Style":null,"ExtraField":null,"Id":"6714f9e78f50738cdbda7398","UserFields":[]},"SecondPictureModel":{"ImageUrl":"/assets/images/thumbs/schmuckschale_6714f9e78f50738cdbda73a3_415.jpeg","ThumbImageUrl":null,"FullSizeImageUrl":"/assets/images/thumbs/schmuckschale_6714f9e78f50738cdbda73a3.jpeg","Title":"Schmuckschale 2","AlternateText":"Schmuckschale 2","Style":null,"ExtraField":null,"Id":"6714f9e78f50738cdbda73a3","UserFields":[]},"SpecificationAttributeModels":[],"ProductAttributeModels":[],"ReviewOverviewModel":{"ProductId":"6714f9ad8f50738cdbda64c7","RatingSum":0,"TotalReviews":0,"AvgRating":0,"AllowCustomerReviews":true,"UserFields":[]},"Id":"6714f9ad8f50738cdbda64c7","UserFields":[]},{"Name":"Schal","ShortDescription":"Schal, handgewebt aus Wolle / Seide.\r\n","FullDescription":"\u003Cp\u003EHandgewebter Schal aus Wolle und Seide. Kariert in Rot / rosa beige\u003C/p\u003E\u003Cp\u003EDer Schla ist sch\u00F6n wiech und angenehm zu tragen.\u003C/p\u003E\u003Cp\u003EL\u00E4nge: 175cm mit gekn\u00FCpften kurzen Fransen. Breite: 22,5 cm\u003Cbr\u003E\u003C/p\u003E\u003Cp\u003E\u003Cbr\u003E\u003C/p\u003E","SeName":"schal","Url":"/de/schal","ProductType":0,"MarkAsNew":false,"Sku":null,"Flag":null,"Gtin":null,"Mpn":null,"BrandName":"","IsFreeShipping":false,"ShowSku":false,"ShowQty":false,"LowStock":false,"EndTime":"2099-01-01T00:00:00Z","EndTimeLocalTime":"2099-01-01T01:00:00","TaxDisplayType":10,"Interval":0,"IntervalUnitId":0,"ProductPrice":{"OldPrice":null,"OldPriceValue":0,"CatalogPrice":null,"Price":"CHF 88.00","CallForPrice":false,"PriceValue":88,"PriceIncludesTax":false,"StartPrice":null,"StartPriceValue":0,"HighestBid":null,"HighestBidValue":0,"BasePricePAngV":null,"DisableBuyButton":false,"DisableWishlistButton":false,"DisableAddToCompareListButton":true,"AvailableForPreOrder":false,"PreOrderDateTimeUtc":null,"ForceRedirectionAfterAddingToCart":false,"AppliedDiscounts":[],"PreferredTierPrice":null,"UserFields":[]},"DefaultPictureModel":{"ImageUrl":"/assets/images/thumbs/schal_674ef9378c38876334b6c0c8_415.jpeg","ThumbImageUrl":null,"FullSizeImageUrl":"/assets/images/thumbs/schal_674ef9378c38876334b6c0c8.jpeg","Title":"Schal 1","AlternateText":"Schal 1","Style":null,"ExtraField":null,"Id":"674ef9378c38876334b6c0c8","UserFields":[]},"SecondPictureModel":{"ImageUrl":null,"ThumbImageUrl":null,"FullSizeImageUrl":null,"Title":null,"AlternateText":null,"Style":null,"ExtraField":null,"Id":null,"UserFields":[]},"SpecificationAttributeModels":[],"ProductAttributeModels":[],"ReviewOverviewModel":{"ProductId":"674ef8d48c38876334b6b3e8","RatingSum":0,"TotalReviews":0,"AvgRating":0,"AllowCustomerReviews":true,"UserFields":[]},"Id":"674ef8d48c38876334b6b3e8","UserFields":[]},{"Name":"Ohrschmuck Sonnentor","ShortDescription":"Schreite Lichtvoll ins Sonnentor hinein und leuchte hell.","FullDescription":"\u003Cp\u003E\u003Cspan style=\u0022color: rgb(31, 31, 31); font-family: \u0026quot;Google Sans\u0026quot;, Roboto, \u0026quot;Helvetica Neue\u0026quot;, Arial, sans-serif; font-size: 20px;\u0022\u003EDer Citrin Stein\u0026nbsp;\u003C/span\u003E\u003Cspan style=\u0022max-height: 999999px; background-image: linear-gradient(90deg, rgb(211, 227, 253) 50%, rgba(0, 0, 0, 0) 50%); background-position: 0% 0px; background-size: 200% 100%; background-repeat: no-repeat; background-attachment: initial; background-origin: initial; background-clip: initial; color: rgb(4, 12, 40); animation: 0.75s cubic-bezier(0.05, 0.7, 0.1, 1) 0.25s 1 normal forwards running highlight; font-family: \u0026quot;Google Sans\u0026quot;, Roboto, \u0026quot;Helvetica Neue\u0026quot;, Arial, sans-serif; font-size: 20px;\u0022\u003Eleitet negative Energie ab und bringt das Leben ins Gleichgewicht, w\u00E4hrend er einen generellen Schutz gegen alles B\u00F6se bietet\u003C/span\u003E\u003Cspan style=\u0022color: rgb(31, 31, 31); font-family: \u0026quot;Google Sans\u0026quot;, Roboto, \u0026quot;Helvetica Neue\u0026quot;, Arial, sans-serif; font-size: 20px;\u0022\u003E. Die Citrin Wirkung besagt, dass der goldfarbene Stein die Verdauung f\u00F6rdert, insbesondere Magenprobleme lindert und bei Schlafst\u00F6rungen hilft.\u003C/span\u003E\u003C/p\u003E\u003Cp\u003E\u003Cspan style=\u0022color: rgb(31, 31, 31); font-family: \u0026quot;Google Sans\u0026quot;, Roboto, \u0026quot;Helvetica Neue\u0026quot;, Arial, sans-serif; font-size: 20px;\u0022\u003EOhrschmuck aus Sterling Silber vergoldet mit Messing und Glassperlen. Ca. 10cm lang\u003C/span\u003E\u003C/p\u003E","SeName":"ohrschmuck-sonnentor","Url":"/de/ohrschmuck-sonnentor","ProductType":0,"MarkAsNew":false,"Sku":"0003","Flag":null,"Gtin":null,"Mpn":null,"BrandName":"","IsFreeShipping":true,"ShowSku":false,"ShowQty":false,"LowStock":false,"EndTime":"2099-01-01T00:00:00Z","EndTimeLocalTime":"2099-01-01T01:00:00","TaxDisplayType":10,"Interval":0,"IntervalUnitId":0,"ProductPrice":{"OldPrice":null,"OldPriceValue":0,"CatalogPrice":null,"Price":"CHF 28.00","CallForPrice":false,"PriceValue":28,"PriceIncludesTax":false,"StartPrice":null,"StartPriceValue":0,"HighestBid":null,"HighestBidValue":0,"BasePricePAngV":null,"DisableBuyButton":false,"DisableWishlistButton":false,"DisableAddToCompareListButton":true,"AvailableForPreOrder":false,"PreOrderDateTimeUtc":null,"ForceRedirectionAfterAddingToCart":false,"AppliedDiscounts":[],"PreferredTierPrice":null,"UserFields":[]},"DefaultPictureModel":{"ImageUrl":"/assets/images/thumbs/ohrschmuck-sonnentor_6778402dba46f61e22692151_415.jpeg","ThumbImageUrl":null,"FullSizeImageUrl":"/assets/images/thumbs/ohrschmuck-sonnentor_6778402dba46f61e22692151.jpeg","Title":"Ohrschmuck Sonnentor 1","AlternateText":"Ohrschmuck Sonnentor 1","Style":null,"ExtraField":null,"Id":"6778402dba46f61e22692151","UserFields":[]},"SecondPictureModel":{"ImageUrl":"/assets/images/thumbs/ohrschmuck-sonnentor_6778404cba46f61e226921f3_415.jpeg","ThumbImageUrl":null,"FullSizeImageUrl":"/assets/images/thumbs/ohrschmuck-sonnentor_6778404cba46f61e226921f3.jpeg","Title":"Ohrschmuck Sonnentor 2","AlternateText":"Ohrschmuck Sonnentor 2","Style":null,"ExtraField":null,"Id":"6778404cba46f61e226921f3","UserFields":[]},"SpecificationAttributeModels":[],"ProductAttributeModels":[],"ReviewOverviewModel":{"ProductId":"6778400dba46f61e2268f69b","RatingSum":0,"TotalReviews":0,"AvgRating":0,"AllowCustomerReviews":true,"UserFields":[]},"Id":"6778400dba46f61e2268f69b","UserFields":[]},{"Name":"Ohrschmuck roter Turmalin ","ShortDescription":"Rot als Zeichen der Liebe und der Leidenschaft.","FullDescription":"\u003Cp\u003E\u003Cspan style=\u0022color: rgb(31, 31, 31); font-family: \u0026quot;Google Sans\u0026quot;, Roboto, \u0026quot;Helvetica Neue\u0026quot;, Arial, sans-serif; font-size: 20px;\u0022\u003EDie faszinierende Wirkung des roten Turmalins -\u0026nbsp;\u003C/span\u003E\u003Cspan style=\u0022max-height: 999999px; background-image: linear-gradient(90deg, rgb(211, 227, 253) 50%, rgba(0, 0, 0, 0) 50%); background-position: 0% 0px; background-size: 200% 100%; background-repeat: no-repeat; background-attachment: initial; background-origin: initial; background-clip: initial; color: rgb(4, 12, 40); animation: 0.75s cubic-bezier(0.05, 0.7, 0.1, 1) 0.25s 1 normal forwards running highlight; font-family: \u0026quot;Google Sans\u0026quot;, Roboto, \u0026quot;Helvetica Neue\u0026quot;, Arial, sans-serif; font-size: 20px;\u0022\u003EEnergiefluss st\u00E4rken, emotionale Heilung f\u00F6rdern und positive Energien vermitteln\u003C/span\u003E\u003Cspan style=\u0022color: rgb(31, 31, 31); font-family: \u0026quot;Google Sans\u0026quot;, Roboto, \u0026quot;Helvetica Neue\u0026quot;, Arial, sans-serif; font-size: 20px;\u0022\u003E. Der rote Turmalin, auch Rubellit genannt, ist ein wertvoller Edelstein, der in verschiedenen Kulturen und Heilpraktiken verwendet wird.\u003C/span\u003E\u003C/p\u003E\u003Cp\u003EOhrschmuck aus Messing mit Turmaline und Glassperlen. Ca 8cm lang\u003C/p\u003E\u003Cp\u003E\r\n    \r\n\u003C/p\u003E","SeName":"ohrschmuck-roter-turmalin","Url":"/de/ohrschmuck-roter-turmalin","ProductType":0,"MarkAsNew":false,"Sku":"0004","Flag":null,"Gtin":null,"Mpn":null,"BrandName":"","IsFreeShipping":true,"ShowSku":false,"ShowQty":false,"LowStock":false,"EndTime":"2099-01-01T00:00:00Z","EndTimeLocalTime":"2099-01-01T01:00:00","TaxDisplayType":10,"Interval":0,"IntervalUnitId":0,"ProductPrice":{"OldPrice":null,"OldPriceValue":0,"CatalogPrice":null,"Price":"CHF 28.00","CallForPrice":false,"PriceValue":28,"PriceIncludesTax":false,"StartPrice":null,"StartPriceValue":0,"HighestBid":null,"HighestBidValue":0,"BasePricePAngV":null,"DisableBuyButton":false,"DisableWishlistButton":false,"DisableAddToCompareListButton":true,"AvailableForPreOrder":false,"PreOrderDateTimeUtc":null,"ForceRedirectionAfterAddingToCart":false,"AppliedDiscounts":[],"PreferredTierPrice":null,"UserFields":[]},"DefaultPictureModel":{"ImageUrl":"/assets/images/thumbs/ohrschmuck-roter-turmalin_6778431cba46f61e226b13b8_415.jpeg","ThumbImageUrl":null,"FullSizeImageUrl":"/assets/images/thumbs/ohrschmuck-roter-turmalin_6778431cba46f61e226b13b8.jpeg","Title":"Ohrschmuck roter Turmalin  1","AlternateText":"Ohrschmuck roter Turmalin  1","Style":null,"ExtraField":null,"Id":"6778431cba46f61e226b13b8","UserFields":[]},"SecondPictureModel":{"ImageUrl":"/assets/images/thumbs/ohrschmuck-roter-turmalin_6778431fba46f61e226b13fd_415.jpeg","ThumbImageUrl":null,"FullSizeImageUrl":"/assets/images/thumbs/ohrschmuck-roter-turmalin_6778431fba46f61e226b13fd.jpeg","Title":"Ohrschmuck roter Turmalin  2","AlternateText":"Ohrschmuck roter Turmalin  2","Style":null,"ExtraField":null,"Id":"6778431fba46f61e226b13fd","UserFields":[]},"SpecificationAttributeModels":[],"ProductAttributeModels":[],"ReviewOverviewModel":{"ProductId":"677842fdba46f61e226b073e","RatingSum":0,"TotalReviews":0,"AvgRating":0,"AllowCustomerReviews":true,"UserFields":[]},"Id":"677842fdba46f61e226b073e","UserFields":[]},{"Name":"Ohrschmuck gr\u00FCner Turmalin ","ShortDescription":"Als kraftvoller Heilstein soll er Gleichgewicht und Harmonie in K\u00F6rper, Geist und Seele bringen","FullDescription":"\u003Cp\u003E\u003Cspan style=\u0022color: rgb(31, 31, 31); font-family: \u0026quot;Google Sans\u0026quot;, Roboto, \u0026quot;Helvetica Neue\u0026quot;, Arial, sans-serif; font-size: 20px;\u0022\u003EDer Gr\u00FCne Turmalin ist eine Variet\u00E4t des Turmalins, die f\u00FCr ihre gr\u00FCne Farbe bekannt ist. Er ist ein Symbol f\u00FCr Wachstum, Wohlstand und Reichtum. Der Gr\u00FCne Turmalin\u0026nbsp;\u003C/span\u003E\u003Cspan style=\u0022max-height: 999999px; background-image: linear-gradient(90deg, rgb(211, 227, 253) 50%, rgba(0, 0, 0, 0) 50%); background-position: 0% 0px; background-size: 200% 100%; background-repeat: no-repeat; background-attachment: initial; background-origin: initial; background-clip: initial; color: rgb(4, 12, 40); animation: 0.75s cubic-bezier(0.05, 0.7, 0.1, 1) 0.25s 1 normal forwards running highlight; font-family: \u0026quot;Google Sans\u0026quot;, Roboto, \u0026quot;Helvetica Neue\u0026quot;, Arial, sans-serif; font-size: 20px;\u0022\u003Ewird mit Heilung und Erneuerung in Verbindung gebracht.\u003C/span\u003E\u003Cspan style=\u0022color: rgb(31, 31, 31); font-family: \u0026quot;Google Sans\u0026quot;, Roboto, \u0026quot;Helvetica Neue\u0026quot;, Arial, sans-serif; font-size: 20px;\u0022\u003E\u0026nbsp;\u003C/span\u003E\u003C/p\u003E\u003Cp\u003E\u003Cspan style=\u0022color: rgb(31, 31, 31); font-family: \u0026quot;Google Sans\u0026quot;, Roboto, \u0026quot;Helvetica Neue\u0026quot;, Arial, sans-serif; font-size: 20px;\u0022\u003EOhrschmuck aus Messing, Turmaline und Glassperlen. Ca. 8 cm lang\u0026nbsp;\u003C/span\u003E\u003C/p\u003E","SeName":"ohrschmuck-gr\u00FCner-turmalin","Url":"/de/ohrschmuck-gr%C3%BCner-turmalin","ProductType":0,"MarkAsNew":false,"Sku":"0005","Flag":null,"Gtin":null,"Mpn":null,"BrandName":"","IsFreeShipping":true,"ShowSku":false,"ShowQty":false,"LowStock":false,"EndTime":"2099-01-01T00:00:00Z","EndTimeLocalTime":"2099-01-01T01:00:00","TaxDisplayType":10,"Interval":0,"IntervalUnitId":0,"ProductPrice":{"OldPrice":null,"OldPriceValue":0,"CatalogPrice":null,"Price":"CHF 28.00","CallForPrice":false,"PriceValue":28,"PriceIncludesTax":false,"StartPrice":null,"StartPriceValue":0,"HighestBid":null,"HighestBidValue":0,"BasePricePAngV":null,"DisableBuyButton":false,"DisableWishlistButton":false,"DisableAddToCompareListButton":true,"AvailableForPreOrder":false,"PreOrderDateTimeUtc":null,"ForceRedirectionAfterAddingToCart":false,"AppliedDiscounts":[],"PreferredTierPrice":null,"UserFields":[]},"DefaultPictureModel":{"ImageUrl":"/assets/images/thumbs/ohrschmuck-grner-turmalin_677844d8ba46f61e226cbf67_415.jpeg","ThumbImageUrl":null,"FullSizeImageUrl":"/assets/images/thumbs/ohrschmuck-grner-turmalin_677844d8ba46f61e226cbf67.jpeg","Title":"Ohrschmuck gr\u00FCner Turmalin  1","AlternateText":"Ohrschmuck gr\u00FCner Turmalin  1","Style":null,"ExtraField":null,"Id":"677844d8ba46f61e226cbf67","UserFields":[]},"SecondPictureModel":{"ImageUrl":"/assets/images/thumbs/ohrschmuck-grner-turmalin_677844e1ba46f61e226cbfac_415.jpeg","ThumbImageUrl":null,"FullSizeImageUrl":"/assets/images/thumbs/ohrschmuck-grner-turmalin_677844e1ba46f61e226cbfac.jpeg","Title":"Ohrschmuck gr\u00FCner Turmalin  2","AlternateText":"Ohrschmuck gr\u00FCner Turmalin  2","Style":null,"ExtraField":null,"Id":"677844e1ba46f61e226cbfac","UserFields":[]},"SpecificationAttributeModels":[],"ProductAttributeModels":[],"ReviewOverviewModel":{"ProductId":"677844afba46f61e226c8dfe","RatingSum":0,"TotalReviews":0,"AvgRating":0,"AllowCustomerReviews":true,"UserFields":[]},"Id":"677844afba46f61e226c8dfe","UserFields":[]},{"Name":"Die Eule der Klarheit ","ShortDescription":"Als J\u00E4gerin der Nacht sieht sie im Dunkeln und hilft dir den Schleier zu durchblicken.","FullDescription":"\u003Cp\u003EWunderbarer Ohrschmuck mit der Eule als W\u00E4chterin f\u00FCr Weisheit, Schutz und Klarheit! Lass dieses edle Kraftier dass der weiblichen Kraft zugeordnet ist, in dein Leben treten und lausche ihrer Stimme. die Eule hilft innere und \u00E4u\u00DFere Grenzen zu erkennen und zu \u00FCberwinden.\u003C/p\u003E\u003Cp\u003ESilber vergoldet/Messing/ Glasperlen\u0026nbsp;\u003C/p\u003E\u003Cp\u003ECa. 7cm lang mit Liebe hergestellt!\u003C/p\u003E\r\n    \r\n","SeName":"die-eule-der-klarheit","Url":"/de/die-eule-der-klarheit","ProductType":0,"MarkAsNew":false,"Sku":"102","Flag":null,"Gtin":null,"Mpn":null,"BrandName":"","IsFreeShipping":true,"ShowSku":false,"ShowQty":false,"LowStock":false,"EndTime":"2099-01-01T00:00:00Z","EndTimeLocalTime":"2099-01-01T01:00:00","TaxDisplayType":10,"Interval":0,"IntervalUnitId":0,"ProductPrice":{"OldPrice":null,"OldPriceValue":0,"CatalogPrice":null,"Price":"CHF 10.00","CallForPrice":false,"PriceValue":10,"PriceIncludesTax":false,"StartPrice":null,"StartPriceValue":0,"HighestBid":null,"HighestBidValue":0,"BasePricePAngV":null,"DisableBuyButton":false,"DisableWishlistButton":false,"DisableAddToCompareListButton":true,"AvailableForPreOrder":false,"PreOrderDateTimeUtc":null,"ForceRedirectionAfterAddingToCart":false,"AppliedDiscounts":[],"PreferredTierPrice":null,"UserFields":[]},"DefaultPictureModel":{"ImageUrl":"/assets/images/thumbs/die-eule-der-klarheit_678ce201624d78317e30bb60_415.jpeg","ThumbImageUrl":null,"FullSizeImageUrl":"/assets/images/thumbs/die-eule-der-klarheit_678ce201624d78317e30bb60.jpeg","Title":"Die Eule der Klarheit  1","AlternateText":"Die Eule der Klarheit  1","Style":null,"ExtraField":null,"Id":"678ce201624d78317e30bb60","UserFields":[]},"SecondPictureModel":{"ImageUrl":"/assets/images/thumbs/die-eule-der-klarheit_678ce203624d78317e30bbaa_415.jpeg","ThumbImageUrl":null,"FullSizeImageUrl":"/assets/images/thumbs/die-eule-der-klarheit_678ce203624d78317e30bbaa.jpeg","Title":"Die Eule der Klarheit  2","AlternateText":"Die Eule der Klarheit  2","Style":null,"ExtraField":null,"Id":"678ce203624d78317e30bbaa","UserFields":[]},"SpecificationAttributeModels":[],"ProductAttributeModels":[],"ReviewOverviewModel":{"ProductId":"678ce17e624d78317e3088e4","RatingSum":0,"TotalReviews":0,"AvgRating":0,"AllowCustomerReviews":true,"UserFields":[]},"Id":"678ce17e624d78317e3088e4","UserFields":[]},{"Name":"Die Eule als Kraftier","ShortDescription":"Tritt die Eule in zu Dir bedeutet, dass du bereit bist tiefer in die Mysterien des Lebens einzutauchen.","FullDescription":"\u003Cp\u003EWunderbarer Ohrschmuck mit der Eule als W\u00E4chterin f\u00FCr Weisheit, Schutz und Klarheit! Lass dieses edle Kraftier dass der weiblichen Kraft zugeordnet ist, in dein Leben treten und lausche ihrer Stimme. die Eule hilft innere und \u00E4u\u00DFere Grenzen zu erkennen und zu \u00FCberwinden.\u003C/p\u003E\u003Cp\u003ESilber vergoldet/Messing/ Glasperlen\u0026nbsp;\u003C/p\u003E\u003Cp\u003ECa. 7cm lang mit Liebe hergestellt!\u003C/p\u003E\r\n    \r\n","SeName":"die-eule-als-kraftier","Url":"/de/die-eule-als-kraftier","ProductType":0,"MarkAsNew":false,"Sku":"103","Flag":null,"Gtin":null,"Mpn":null,"BrandName":"","IsFreeShipping":true,"ShowSku":false,"ShowQty":false,"LowStock":false,"EndTime":"2099-01-01T00:00:00Z","EndTimeLocalTime":"2099-01-01T01:00:00","TaxDisplayType":10,"Interval":0,"IntervalUnitId":0,"ProductPrice":{"OldPrice":null,"OldPriceValue":0,"CatalogPrice":null,"Price":"CHF 10.00","CallForPrice":false,"PriceValue":10,"PriceIncludesTax":false,"StartPrice":null,"StartPriceValue":0,"HighestBid":null,"HighestBidValue":0,"BasePricePAngV":null,"DisableBuyButton":false,"DisableWishlistButton":false,"DisableAddToCompareListButton":true,"AvailableForPreOrder":false,"PreOrderDateTimeUtc":null,"ForceRedirectionAfterAddingToCart":false,"AppliedDiscounts":[],"PreferredTierPrice":null,"UserFields":[]},"DefaultPictureModel":{"ImageUrl":"/assets/images/thumbs/die-eule-als-kraftier_678ce31d624d78317e310a40_415.jpeg","ThumbImageUrl":null,"FullSizeImageUrl":"/assets/images/thumbs/die-eule-als-kraftier_678ce31d624d78317e310a40.jpeg","Title":"Die Eule als Kraftier 1","AlternateText":"Die Eule als Kraftier 1","Style":null,"ExtraField":null,"Id":"678ce31d624d78317e310a40","UserFields":[]},"SecondPictureModel":{"ImageUrl":"/assets/images/thumbs/die-eule-als-kraftier_678ce334624d78317e31119a_415.jpeg","ThumbImageUrl":null,"FullSizeImageUrl":"/assets/images/thumbs/die-eule-als-kraftier_678ce334624d78317e31119a.jpeg","Title":"Die Eule als Kraftier 2","AlternateText":"Die Eule als Kraftier 2","Style":null,"ExtraField":null,"Id":"678ce334624d78317e31119a","UserFields":[]},"SpecificationAttributeModels":[],"ProductAttributeModels":[],"ReviewOverviewModel":{"ProductId":"678ce2b2624d78317e30eda5","RatingSum":0,"TotalReviews":0,"AvgRating":0,"AllowCustomerReviews":true,"UserFields":[]},"Id":"678ce2b2624d78317e30eda5","UserFields":[]},{"Name":"Halskette und Ring im Set","ShortDescription":"Halskette und verstellbarer Ring mit S\u00FCsswasserperlen im Set","FullDescription":"\r\n    Halskette und verstellbarar Ring im Set, aus anlaufgesch\u00FCtztem Kupfer und S\u00FCsswasserperlen\r\n","SeName":"halskette-und-ring-im-set","Url":"/de/halskette-und-ring-im-set","ProductType":0,"MarkAsNew":false,"Sku":null,"Flag":null,"Gtin":null,"Mpn":null,"BrandName":"","IsFreeShipping":false,"ShowSku":false,"ShowQty":false,"LowStock":false,"EndTime":"2099-01-01T00:00:00Z","EndTimeLocalTime":"2099-01-01T01:00:00","TaxDisplayType":10,"Interval":0,"IntervalUnitId":0,"ProductPrice":{"OldPrice":null,"OldPriceValue":0,"CatalogPrice":null,"Price":"CHF 25.00","CallForPrice":false,"PriceValue":25,"PriceIncludesTax":false,"StartPrice":null,"StartPriceValue":0,"HighestBid":null,"HighestBidValue":0,"BasePricePAngV":null,"DisableBuyButton":false,"DisableWishlistButton":false,"DisableAddToCompareListButton":true,"AvailableForPreOrder":false,"PreOrderDateTimeUtc":null,"ForceRedirectionAfterAddingToCart":false,"AppliedDiscounts":[],"PreferredTierPrice":null,"UserFields":[]},"DefaultPictureModel":{"ImageUrl":"/assets/images/thumbs/halskette-und-ring-im-set_69ac77f0b22ed01cf03201e5_415.jpeg","ThumbImageUrl":null,"FullSizeImageUrl":"/assets/images/thumbs/halskette-und-ring-im-set_69ac77f0b22ed01cf03201e5.jpeg","Title":"Halskette und Ring im Set 1","AlternateText":"Halskette und Ring im Set 1","Style":null,"ExtraField":null,"Id":"69ac77f0b22ed01cf03201e5","UserFields":[]},"SecondPictureModel":{"ImageUrl":"/assets/images/thumbs/halskette-und-ring-im-set_69ac83b2b22ed01cf0909f93_415.jpeg","ThumbImageUrl":null,"FullSizeImageUrl":"/assets/images/thumbs/halskette-und-ring-im-set_69ac83b2b22ed01cf0909f93.jpeg","Title":"Halskette und Ring im Set 2","AlternateText":"Halskette und Ring im Set 2","Style":null,"ExtraField":null,"Id":"69ac83b2b22ed01cf0909f93","UserFields":[]},"SpecificationAttributeModels":[],"ProductAttributeModels":[],"ReviewOverviewModel":{"ProductId":"69ac77e6b22ed01cf031f378","RatingSum":0,"TotalReviews":0,"AvgRating":0,"AllowCustomerReviews":true,"UserFields":[]},"Id":"69ac77e6b22ed01cf031f378","UserFields":[]},{"Name":"Scrunchies \u201E Haargummi","ShortDescription":"www.molashandgemacht.vch","FullDescription":"\r\n    \u003Cp style=\u0022-webkit-tap-highlight-color: rgba(26, 26, 26, 0.3); font-family: Verdana, Arial, Helvetica, sans-serif; font-size: 14px;\u0022\u003EGeh\u00E4kelete Harrgummi\u0027s in verschiedenen Farben.\u0026nbsp;\u003C/p\u003E\u003Cp style=\u0022-webkit-tap-highlight-color: rgba(26, 26, 26, 0.3); font-family: Verdana, Arial, Helvetica, sans-serif; font-size: 14px;\u0022\u003EWaschbar bis 40\u00B0, aus Baumwolle\u003C/p\u003E\u003Cp style=\u0022-webkit-tap-highlight-color: rgba(26, 26, 26, 0.3); font-family: Verdana, Arial, Helvetica, sans-serif; font-size: 14px;\u0022\u003E\u0026nbsp;\u003C/p\u003E\u003Cp style=\u0022-webkit-tap-highlight-color: rgba(26, 26, 26, 0.3); font-family: Verdana, Arial, Helvetica, sans-serif; font-size: 14px;\u0022\u003EFarben:\u0026nbsp;\u003C/p\u003E\u003Cp style=\u0022-webkit-tap-highlight-color: rgba(26, 26, 26, 0.3); font-family: Verdana, Arial, Helvetica, sans-serif; font-size: 14px;\u0022\u003E34: Blau\u003C/p\u003E\u003Cp style=\u0022-webkit-tap-highlight-color: rgba(26, 26, 26, 0.3); font-family: Verdana, Arial, Helvetica, sans-serif; font-size: 14px;\u0022\u003E36: Hellblau\u003C/p\u003E\u003Cp style=\u0022-webkit-tap-highlight-color: rgba(26, 26, 26, 0.3); font-family: Verdana, Arial, Helvetica, sans-serif; font-size: 14px;\u0022\u003E38: Rot\u003C/p\u003E\u003Cp style=\u0022-webkit-tap-highlight-color: rgba(26, 26, 26, 0.3); font-family: Verdana, Arial, Helvetica, sans-serif; font-size: 14px;\u0022\u003E40: Gelb\u003C/p\u003E\u003Cp style=\u0022-webkit-tap-highlight-color: rgba(26, 26, 26, 0.3); font-family: Verdana, Arial, Helvetica, sans-serif; font-size: 14px;\u0022\u003E42: Hellgr\u00FCn\u003C/p\u003E\u003Cp style=\u0022-webkit-tap-highlight-color: rgba(26, 26, 26, 0.3); font-family: Verdana, Arial, Helvetica, sans-serif; font-size: 14px;\u0022\u003E44: Schwarz-Gold\u003C/p\u003E\u003Cp style=\u0022-webkit-tap-highlight-color: rgba(26, 26, 26, 0.3); font-family: Verdana, Arial, Helvetica, sans-serif; font-size: 14px;\u0022\u003E46: Violett\u003C/p\u003E\u003Cp style=\u0022-webkit-tap-highlight-color: rgba(26, 26, 26, 0.3); font-family: Verdana, Arial, Helvetica, sans-serif; font-size: 14px;\u0022\u003E48: Hellblau-Weiss\u003C/p\u003E\u003Cp style=\u0022-webkit-tap-highlight-color: rgba(26, 26, 26, 0.3); font-family: Verdana, Arial, Helvetica, sans-serif; font-size: 14px;\u0022\u003E\u003Cbr\u003E\u003C/p\u003E\u003Cp style=\u0022-webkit-tap-highlight-color: rgba(26, 26, 26, 0.3); font-family: Verdana, Arial, Helvetica, sans-serif; font-size: 14px;\u0022\u003E\u003Cbr\u003E\u003C/p\u003E\r\n    \r\n\r\n","SeName":"scrunchies-haargummi","Url":"/de/scrunchies-haargummi","ProductType":0,"MarkAsNew":false,"Sku":null,"Flag":null,"Gtin":null,"Mpn":null,"BrandName":"","IsFreeShipping":false,"ShowSku":false,"ShowQty":false,"LowStock":false,"EndTime":"2099-01-01T00:00:00Z","EndTimeLocalTime":"2099-01-01T01:00:00","TaxDisplayType":10,"Interval":0,"IntervalUnitId":0,"ProductPrice":{"OldPrice":null,"OldPriceValue":0,"CatalogPrice":null,"Price":"CHF 5.00","CallForPrice":false,"PriceValue":5,"PriceIncludesTax":false,"StartPrice":null,"StartPriceValue":0,"HighestBid":null,"HighestBidValue":0,"BasePricePAngV":null,"DisableBuyButton":false,"DisableWishlistButton":false,"DisableAddToCompareListButton":true,"AvailableForPreOrder":false,"PreOrderDateTimeUtc":null,"ForceRedirectionAfterAddingToCart":false,"AppliedDiscounts":[],"PreferredTierPrice":null,"UserFields":[]},"DefaultPictureModel":{"ImageUrl":"/assets/images/thumbs/scrunchies-haargummi_6a18971f7679df8a95cda644_415.jpeg","ThumbImageUrl":null,"FullSizeImageUrl":"/assets/images/thumbs/scrunchies-haargummi_6a18971f7679df8a95cda644.jpeg","Title":"Scrunchies \u201E Haargummi 1","AlternateText":"Scrunchies \u201E Haargummi 1","Style":null,"ExtraField":null,"Id":"6a18971f7679df8a95cda644","UserFields":[]},"SecondPictureModel":{"ImageUrl":"/assets/images/thumbs/scrunchies-haargummi_6a1897387679df8a95cda696_415.jpeg","ThumbImageUrl":null,"FullSizeImageUrl":"/assets/images/thumbs/scrunchies-haargummi_6a1897387679df8a95cda696.jpeg","Title":"Scrunchies \u201E Haargummi 2","AlternateText":"Scrunchies \u201E Haargummi 2","Style":null,"ExtraField":null,"Id":"6a1897387679df8a95cda696","UserFields":[]},"SpecificationAttributeModels":[],"ProductAttributeModels":[],"ReviewOverviewModel":{"ProductId":"6a1897007679df8a95cd9805","RatingSum":0,"TotalReviews":0,"AvgRating":0,"AllowCustomerReviews":true,"UserFields":[]},"Id":"6a1897007679df8a95cd9805","UserFields":[]},{"Name":"Geh\u00E4kelter Frosch-Schl\u00FCsselanh\u00E4nger | Handgemachter Amigurumi-Frosch | S\u00FC\u00DFer Taschenanh\u00E4nger","ShortDescription":"Geh\u00E4kelter Frosch Schl\u00FCsselanh\u00E4nger \u2013 Handgemachtes Amigurumi\r\n\r\nDieser niedliche geh\u00E4kelte Frosch-Schl\u00FCsselanh\u00E4nger wird mit viel Liebe von Hand gefertigt und zaubert jedem ein L\u00E4cheln ins Gesicht. Mit seinen gro\u00DFen Kulleraugen, den rosigen Wangen und seinem verspielten Ausdruck ist er der perfekte Begleiter f\u00FCr Schl\u00FCssel, Taschen, Rucks\u00E4cke oder Federm\u00E4ppchen.\r\n\r\nDer kleine Frosch wird sorgf\u00E4ltig aus hochwertigem Garn geh\u00E4kelt und ist ein liebevolles Unikat. Durch seine kompakte Gr\u00F6\u00DFe eignet er sich ideal als Geschenk f\u00FCr Froschliebhaber, Kinder, Freunde oder als s\u00FC\u00DFes Mitbringsel f\u00FCr jeden Anlass.\r\n\r\n\u2728 Details\r\nHandgeh\u00E4kelter Frosch-Schl\u00FCsselanh\u00E4nger\r\nLiebevoll in Handarbeit gefertigt\r\nMit Schl\u00FCsselring zur einfachen Befestigung\r\nLeicht und robust\r\nPerfekt f\u00FCr Schl\u00FCssel, Taschen oder Rucks\u00E4cke\r\nJedes St\u00FCck ist ein Unikat\r\n\uD83C\uDF81 Perfekt als\r\nGeschenk f\u00FCr Froschliebhaber\r\nGeburtstagsgeschenk\r\nKleines Mitbringsel\r\nTaschenanh\u00E4nger\r\nSchl\u00FCsselanh\u00E4nger","FullDescription":"\r\n    \u003Cdiv\u003EGeh\u00E4kelter Frosch Schl\u00FCsselanh\u00E4nger \u2013 Handgemachtes Amigurumi\u003C/div\u003E\u003Cdiv\u003E-------\u003Cstrong data-start=\u002222\u0022 data-end=\u0022116\u0022\u003EBitte geben Sie bei Ihrer Bestellung an, ob Sie Frosch 1, Frosch 2 oder Frosch 3 w\u00FCnschen.\u003C/strong\u003E \uD83D\uDC38-------\u003C/div\u003E\u003Cdiv\u003E\u003Cbr\u003E\u003C/div\u003E\u003Cdiv\u003EDieser niedliche geh\u00E4kelte Frosch-Schl\u00FCsselanh\u00E4nger wird mit viel Liebe von Hand gefertigt und zaubert jedem ein L\u00E4cheln ins Gesicht. Mit seinen gro\u00DFen Kulleraugen, den rosigen Wangen und seinem verspielten Ausdruck ist er der perfekte Begleiter f\u00FCr Schl\u00FCssel, Taschen, Rucks\u00E4cke oder Federm\u00E4ppchen.\u003C/div\u003E\u003Cdiv\u003E\u003Cbr\u003E\u003C/div\u003E\u003Cdiv\u003EDer kleine Frosch wird sorgf\u00E4ltig aus hochwertigem Garn geh\u00E4kelt und ist ein liebevolles Unikat. Durch seine kompakte Gr\u00F6\u00DFe eignet er sich ideal als Geschenk f\u00FCr Froschliebhaber, Kinder, Freunde oder als s\u00FC\u00DFes Mitbringsel f\u00FCr jeden Anlass.\u003C/div\u003E\u003Cdiv\u003E\u003Cbr\u003E\u003C/div\u003E\u003Cdiv\u003E\u2728 Details\u003C/div\u003E\u003Cdiv\u003EHandgeh\u00E4kelter Frosch-Schl\u00FCsselanh\u00E4nger\u003C/div\u003E\u003Cdiv\u003ELiebevoll in Handarbeit gefertigt\u003C/div\u003E\u003Cdiv\u003EMit Schl\u00FCsselring zur einfachen Befestigung\u003C/div\u003E\u003Cdiv\u003ELeicht und robust\u003C/div\u003E\u003Cdiv\u003EPerfekt f\u00FCr Schl\u00FCssel, Taschen oder Rucks\u00E4cke\u003C/div\u003E\u003Cdiv\u003EJedes St\u00FCck ist ein Unikat\u003C/div\u003E\u003Cdiv\u003E\uD83C\uDF81 Perfekt als\u003C/div\u003E\u003Cdiv\u003EGeschenk f\u00FCr Froschliebhaber\u003C/div\u003E\u003Cdiv\u003EGeburtstagsgeschenk\u003C/div\u003E\u003Cdiv\u003EKleines Mitbringsel\u003C/div\u003E\u003Cdiv\u003ETaschenanh\u00E4nger\u003C/div\u003E\u003Cdiv\u003ESchl\u00FCsselanh\u00E4nger\u003C/div\u003E\u003Cdiv\u003E\u003Cstrong data-start=\u002281\u0022 data-end=\u0022238\u0022\u003EGro\u00DFbestellungen und Sonderanfertigungen sind auf Anfrage m\u00F6glich. Bitte kontaktieren Sie mich gerne f\u00FCr individuelle W\u00FCnsche oder gr\u00F6\u00DFere Bestellmengen.\u003C/strong\u003E \uD83D\uDE0A\u003C/div\u003E\r\n    \r\n\r\n","SeName":"geh\u00E4kelter-frosch-schl\u00FCsselanh\u00E4nger-handgemachter-amigurumi-frosch-s\u00FC\u00DFer-taschenanh\u00E4nger","Url":"/de/geh%C3%A4kelter-frosch-schl%C3%BCsselanh%C3%A4nger-handgemachter-amigurumi-frosch-s%C3%BC%C3%9Fer-taschenanh%C3%A4nger","ProductType":0,"MarkAsNew":false,"Sku":null,"Flag":null,"Gtin":null,"Mpn":null,"BrandName":"","IsFreeShipping":false,"ShowSku":false,"ShowQty":false,"LowStock":false,"EndTime":"2099-01-01T00:00:00Z","EndTimeLocalTime":"2099-01-01T01:00:00","TaxDisplayType":10,"Interval":0,"IntervalUnitId":0,"ProductPrice":{"OldPrice":null,"OldPriceValue":0,"CatalogPrice":null,"Price":"CHF 9.50","CallForPrice":false,"PriceValue":9.5,"PriceIncludesTax":false,"StartPrice":null,"StartPriceValue":0,"HighestBid":null,"HighestBidValue":0,"BasePricePAngV":null,"DisableBuyButton":false,"DisableWishlistButton":false,"DisableAddToCompareListButton":true,"AvailableForPreOrder":false,"PreOrderDateTimeUtc":null,"ForceRedirectionAfterAddingToCart":false,"AppliedDiscounts":[],"PreferredTierPrice":null,"UserFields":[]},"DefaultPictureModel":{"ImageUrl":"/assets/images/thumbs/gehkelter-frosch-schlsselanhnger-handgemachter-amigurumi-frosch-ser-taschenanhnger_6a244a257e38e2e39d74160b_415.png","ThumbImageUrl":null,"FullSizeImageUrl":"/assets/images/thumbs/gehkelter-frosch-schlsselanhnger-handgemachter-amigurumi-frosch-ser-taschenanhnger_6a244a257e38e2e39d74160b.png","Title":"Geh\u00E4kelter Frosch-Schl\u00FCsselanh\u00E4nger | Handgemachter Amigurumi-Frosch | S\u00FC\u00DFer Taschenanh\u00E4nger 1","AlternateText":"Geh\u00E4kelter Frosch-Schl\u00FCsselanh\u00E4nger | Handgemachter Amigurumi-Frosch | S\u00FC\u00DFer Taschenanh\u00E4nger 1","Style":null,"ExtraField":null,"Id":"6a244a257e38e2e39d74160b","UserFields":[]},"SecondPictureModel":{"ImageUrl":"/assets/images/thumbs/gehkelter-frosch-schlsselanhnger-handgemachter-amigurumi-frosch-ser-taschenanhnger_6a244a2d7e38e2e39d74165b_415.png","ThumbImageUrl":null,"FullSizeImageUrl":"/assets/images/thumbs/gehkelter-frosch-schlsselanhnger-handgemachter-amigurumi-frosch-ser-taschenanhnger_6a244a2d7e38e2e39d74165b.png","Title":"Geh\u00E4kelter Frosch-Schl\u00FCsselanh\u00E4nger | Handgemachter Amigurumi-Frosch | S\u00FC\u00DFer Taschenanh\u00E4nger 2","AlternateText":"Geh\u00E4kelter Frosch-Schl\u00FCsselanh\u00E4nger | Handgemachter Amigurumi-Frosch | S\u00FC\u00DFer Taschenanh\u00E4nger 2","Style":null,"ExtraField":null,"Id":"6a244a2d7e38e2e39d74165b","UserFields":[]},"SpecificationAttributeModels":[],"ProductAttributeModels":[],"ReviewOverviewModel":{"ProductId":"6a244a117e38e2e39d73f9eb","RatingSum":0,"TotalReviews":0,"AvgRating":0,"AllowCustomerReviews":true,"UserFields":[]},"Id":"6a244a117e38e2e39d73f9eb","UserFields":[]},{"Name":"Geh\u00E4kelte Haarspange mit Schleife \u2013 Handgemachtes Haaraccessoire im Boho- und Cottagecore-Stil","ShortDescription":"Diese Haarspangen eignen sich perfekt f\u00FCr Alltag, besondere Anl\u00E4sse oder als kleines Geschenk und lassen sich vielseitig kombinieren. Ein handgemachtes Detail, das jedes Outfit stilvoll erg\u00E4nzt. \u2728","FullDescription":"\u003Cdiv\u003E---\u003Cstrong data-start=\u0022277\u0022 data-end=\u0022296\u0022\u003EBestellhinweis:\u003C/strong\u003E\u003C/div\u003E\r\n\u003Cem data-start=\u0022299\u0022 data-end=\u0022433\u0022 data-is-last-node=\u0022\u0022\u003EBitte geben Sie bei Ihrer Bestellung die gew\u00FCnschte Farbe angeben. Rosa ? oder Creme ?.\u003C/em\u003E\u003Cdiv\u003EDiese handgeh\u00E4kelten Haarspangen sind ein zartes und liebevoll gefertigtes Accessoire f\u00FCr jeden Anlass. Mit ihrer luftigen, leichten Struktur sind sie besonders angenehm zu tragen und setzen einen dezenten, femininen Akzent im Haar.\u003C/div\u003E\u003Cdiv\u003EGr\u00F6\u00DFe: ca. 7 cm L\u00E4nge, ca. 5 cm Breite\u003C/div\u003E\u003Cdiv\u003EMaterial: geh\u00E4kelt, R\u00FCckseite mit stabiler Haarspange/Klammer\u003C/div\u003E\u003Cdiv\u003EDesign: Mit einer kleinen Blume an der Seite verziert\u003C/div\u003E\u003Cdiv\u003ETragekomfort: Sehr leicht, luftig und angenehm\u003C/div\u003E\u003Cdiv\u003E\u003Cbr\u003E\u003C/div\u003E\r\n    \r\n","SeName":"geh\u00E4kelte-haarspange-mit-schleife-handgemachtes-haaraccessoire-im-boho-und-cottagecore-stil","Url":"/de/geh%C3%A4kelte-haarspange-mit-schleife-handgemachtes-haaraccessoire-im-boho-und-cottagecore-stil","ProductType":0,"MarkAsNew":false,"Sku":null,"Flag":null,"Gtin":null,"Mpn":null,"BrandName":"","IsFreeShipping":false,"ShowSku":false,"ShowQty":false,"LowStock":false,"EndTime":"2099-01-01T00:00:00Z","EndTimeLocalTime":"2099-01-01T01:00:00","TaxDisplayType":10,"Interval":0,"IntervalUnitId":0,"ProductPrice":{"OldPrice":null,"OldPriceValue":0,"CatalogPrice":null,"Price":"CHF 15.20","CallForPrice":false,"PriceValue":15.2,"PriceIncludesTax":false,"StartPrice":null,"StartPriceValue":0,"HighestBid":null,"HighestBidValue":0,"BasePricePAngV":null,"DisableBuyButton":false,"DisableWishlistButton":false,"DisableAddToCompareListButton":true,"AvailableForPreOrder":false,"PreOrderDateTimeUtc":null,"ForceRedirectionAfterAddingToCart":false,"AppliedDiscounts":[],"PreferredTierPrice":null,"UserFields":[]},"DefaultPictureModel":{"ImageUrl":"/assets/images/thumbs/gehkelte-haarspange-mit-schleife-handgemachtes-haaraccessoire-im-boho-und-cottagecore-stil_6a246aa27e38e2e39d4c83d5_415.jpeg","ThumbImageUrl":null,"FullSizeImageUrl":"/assets/images/thumbs/gehkelte-haarspange-mit-schleife-handgemachtes-haaraccessoire-im-boho-und-cottagecore-stil_6a246aa27e38e2e39d4c83d5.jpeg","Title":"Geh\u00E4kelte Haarspange mit Schleife \u2013 Handgemachtes Haaraccessoire im Boho- und Cottagecore-Stil 1","AlternateText":"Geh\u00E4kelte Haarspange mit Schleife \u2013 Handgemachtes Haaraccessoire im Boho- und Cottagecore-Stil 1","Style":null,"ExtraField":null,"Id":"6a246aa27e38e2e39d4c83d5","UserFields":[]},"SecondPictureModel":{"ImageUrl":"/assets/images/thumbs/gehkelte-haarspange-mit-schleife-handgemachtes-haaraccessoire-im-boho-und-cottagecore-stil_6a246aa97e38e2e39d4f61f0_415.jpeg","ThumbImageUrl":null,"FullSizeImageUrl":"/assets/images/thumbs/gehkelte-haarspange-mit-schleife-handgemachtes-haaraccessoire-im-boho-und-cottagecore-stil_6a246aa97e38e2e39d4f61f0.jpeg","Title":"Geh\u00E4kelte Haarspange mit Schleife \u2013 Handgemachtes Haaraccessoire im Boho- und Cottagecore-Stil 2","AlternateText":"Geh\u00E4kelte Haarspange mit Schleife \u2013 Handgemachtes Haaraccessoire im Boho- und Cottagecore-Stil 2","Style":null,"ExtraField":null,"Id":"6a246aa97e38e2e39d4f61f0","UserFields":[]},"SpecificationAttributeModels":[],"ProductAttributeModels":[],"ReviewOverviewModel":{"ProductId":"6a246a787e38e2e39d4ad2f1","RatingSum":0,"TotalReviews":0,"AvgRating":0,"AllowCustomerReviews":true,"UserFields":[]},"Id":"6a246a787e38e2e39d4ad2f1","UserFields":[]}],"Id":"66a2b399f8412264632f3e49","UserFields":[]}