{"ParentCategoryId":"","Name":"Party","Description":"Entdecken Sie handgefertigte Sch\u00E4tze, um Ihre Feierlichkeiten zu bereichern. Entdecken Sie einzigartige Partydekorationen, Gastgeschenke und Essentials, die von verschiedenen Anbietern mit Kreativit\u00E4t und Sorgfalt gefertigt wurden.","BottomDescription":null,"MetaKeywords":null,"MetaDescription":"Entdecken Sie handgefertigte Sch\u00E4tze, um Ihre Feierlichkeiten zu bereichern. Entdecken Sie einzigartige Partydekorationen, Gastgeschenke und Essentials, die von verschiedenen Anbietern mit Kreativit\u00E4t und Sorgfalt gefertigt wurden.","MetaTitle":"Party","SeName":"party","Flag":null,"FlagStyle":null,"Icon":null,"PictureModel":{"ImageUrl":null,"ThumbImageUrl":null,"FullSizeImageUrl":null,"Title":null,"AlternateText":null,"Style":null,"ExtraField":null,"Id":null,"UserFields":[]},"PagingFilteringContext":{"SpecificationFilter":{"Enabled":false,"AlreadyFilteredItems":[],"NotFilteredItems":[],"RemoveFilterUrl":null,"UserFields":[]},"AllowProductSorting":true,"AvailableSortOptions":[{"Disabled":false,"Group":null,"Selected":true,"Text":"Position","Value":"/de/party?orderby=0"},{"Disabled":false,"Group":null,"Selected":false,"Text":"Name: A to Z","Value":"/de/party?orderby=5"},{"Disabled":false,"Group":null,"Selected":false,"Text":"Name: Z to A","Value":"/de/party?orderby=6"},{"Disabled":false,"Group":null,"Selected":false,"Text":"Price: Low to High","Value":"/de/party?orderby=10"},{"Disabled":false,"Group":null,"Selected":false,"Text":"Price: High to Low","Value":"/de/party?orderby=11"},{"Disabled":false,"Group":null,"Selected":false,"Text":"Created on","Value":"/de/party?orderby=15"},{"Disabled":false,"Group":null,"Selected":false,"Text":"Best Sellers","Value":"/de/party?orderby=20"},{"Disabled":false,"Group":null,"Selected":false,"Text":"Most Viewed","Value":"/de/party?orderby=25"},{"Disabled":false,"Group":null,"Selected":false,"Text":"On Sale","Value":"/de/party?orderby=30"},{"Disabled":false,"Group":null,"Selected":false,"Text":"Rating","Value":"/de/party?orderby=40"}],"AllowProductViewModeChanging":true,"AvailableViewModes":[{"Disabled":false,"Group":null,"Selected":true,"Text":"Tabelle","Value":"/de/party?viewmode=grid"},{"Disabled":false,"Group":null,"Selected":false,"Text":"Liste","Value":"/de/party?viewmode=list"}],"AllowCustomersToSelectPageSize":false,"PageSizeOptions":[],"OrderBy":0,"Rating":null,"RatingOptions":[],"ViewMode":"grid","FirstItem":1,"HasNextPage":true,"HasPreviousPage":false,"LastItem":12,"PageIndex":0,"PageNumber":1,"PageSize":12,"TotalItems":20,"TotalPages":2},"DisplayCategoryBreadcrumb":true,"CategoryBreadcrumb":[{"ParentCategoryId":null,"Name":"Party","Description":null,"BottomDescription":null,"MetaKeywords":null,"MetaDescription":null,"MetaTitle":null,"SeName":"party","Flag":null,"FlagStyle":null,"Icon":null,"PictureModel":{"ImageUrl":null,"ThumbImageUrl":null,"FullSizeImageUrl":null,"Title":null,"AlternateText":null,"Style":null,"ExtraField":null,"Id":null,"UserFields":[]},"PagingFilteringContext":{"SpecificationFilter":{"Enabled":false,"AlreadyFilteredItems":[],"NotFilteredItems":[],"RemoveFilterUrl":null,"UserFields":[]},"AllowProductSorting":false,"AvailableSortOptions":[],"AllowProductViewModeChanging":false,"AvailableViewModes":[],"AllowCustomersToSelectPageSize":false,"PageSizeOptions":[],"OrderBy":null,"Rating":null,"RatingOptions":[],"ViewMode":null,"FirstItem":0,"HasNextPage":false,"HasPreviousPage":false,"LastItem":0,"PageIndex":0,"PageNumber":0,"PageSize":0,"TotalItems":0,"TotalPages":0},"DisplayCategoryBreadcrumb":false,"CategoryBreadcrumb":[],"SubCategories":[],"FeaturedProducts":[],"Products":[],"Id":"66a2b39af8412264632f4b48","UserFields":[]}],"SubCategories":[{"Name":"Party-Deko","SeName":"party-deko","Description":"Verleihen Sie Ihrer Party mit handgefertigten Dekorationen das gewisse Etwas. Entdecken Sie einzigartige Designs, gefertigt mit Kreativit\u00E4t und Sorgfalt von talentierten Handwerkern.","Flag":null,"FlagStyle":null,"PictureModel":{"ImageUrl":"/assets/images/thumbs/no-image_450.png","ThumbImageUrl":null,"FullSizeImageUrl":"/assets/images/no-image.png","Title":"Zeige Produkte f\u00FCr Kategorie Party-Deko","AlternateText":"Bild f\u00FCr Kategorie Party-Deko","Style":null,"ExtraField":null,"Id":null,"UserFields":[]},"Id":"66a2b39af8412264632f4b83","UserFields":[]},{"Name":"Backen \u0026 Kuchendekoration","SeName":"backen-and-kuchendekoration-1","Description":"Schaffen Sie k\u00F6stliche Erinnerungen mit handgefertigten Back- und Tortendekorationsutensilien. Entdecken Sie einzigartige Artikel, gefertigt f\u00FCr Ihre besonderen Anl\u00E4sse.","Flag":null,"FlagStyle":null,"PictureModel":{"ImageUrl":"/assets/images/thumbs/no-image_450.png","ThumbImageUrl":null,"FullSizeImageUrl":"/assets/images/no-image.png","Title":"Zeige Produkte f\u00FCr Kategorie Backen \u0026 Kuchendekoration","AlternateText":"Bild f\u00FCr Kategorie Backen \u0026 Kuchendekoration","Style":null,"ExtraField":null,"Id":null,"UserFields":[]},"Id":"66a2b39af8412264632f4bd4","UserFields":[]},{"Name":"Einladungen \u0026 Papeterie","SeName":"einladungen-and-papeterie-1","Description":"Setzen Sie den Ton mit handgefertigten Einladungen und Papierwaren. Entdecken Sie einzigartige Designs, gefertigt mit Liebe zum Detail f\u00FCr Ihre Feierlichkeiten.","Flag":null,"FlagStyle":null,"PictureModel":{"ImageUrl":"/assets/images/thumbs/no-image_450.png","ThumbImageUrl":null,"FullSizeImageUrl":"/assets/images/no-image.png","Title":"Zeige Produkte f\u00FCr Kategorie Einladungen \u0026 Papeterie","AlternateText":"Bild f\u00FCr Kategorie Einladungen \u0026 Papeterie","Style":null,"ExtraField":null,"Id":null,"UserFields":[]},"Id":"66a2b39af8412264632f4c2a","UserFields":[]},{"Name":"Mehr","SeName":"mehr-4ea23ad1-10a2-4a7f-b92b-e782a730a485","Description":"Entdecken Sie eine Vielzahl von handgefertigten Essentials f\u00FCr jeden Aspekt Ihrer Party. Entdecken Sie einzigartige Artikel, gefertigt mit Geschick und Leidenschaft von verschiedenen Handwerkern.","Flag":null,"FlagStyle":null,"PictureModel":{"ImageUrl":"/assets/images/thumbs/no-image_450.png","ThumbImageUrl":null,"FullSizeImageUrl":"/assets/images/no-image.png","Title":"Zeige Produkte f\u00FCr Kategorie Mehr","AlternateText":"Bild f\u00FCr Kategorie Mehr","Style":null,"ExtraField":null,"Id":null,"UserFields":[]},"Id":"66a2b39af8412264632f4c80","UserFields":[]}],"FeaturedProducts":[],"Products":[{"Name":"Gl\u00FCckwunschkarte Geburtstag","ShortDescription":"inkl. Couvert","FullDescription":"\u003Cdiv\u003Eselbstgebastelte Karte\u003C/div\u003E\u003Cdiv\u003EHintergrund kann variieren bleibt jedoch in dieser Farbgebung - jede Karte ist ein Unikat\u003C/div\u003E\u003Cdiv\u003EGrundkarte und Couvert sind beige\u003C/div\u003E\u003Cdiv\u003EFormat 15cm x 15cm\u003C/div\u003E\u003Cdiv\u003E\u003Cbr\u003E\u003C/div\u003E\u003Cdiv\u003EKarten werden auf Bestellung gebastelt\u003C/div\u003E\r\n    \r\n","SeName":"gl\u00FCckwunschkarte-geburtstag","Url":"/de/gl%C3%BCckwunschkarte-geburtstag","ProductType":0,"MarkAsNew":false,"Sku":null,"Flag":null,"Gtin":null,"Mpn":null,"BrandName":"","IsFreeShipping":false,"ShowSku":false,"ShowQty":false,"LowStock":false,"EndTime":"2099-01-01T00:00:00Z","EndTimeLocalTime":"2099-01-01T01:00:00","TaxDisplayType":10,"Interval":0,"IntervalUnitId":0,"ProductPrice":{"OldPrice":null,"OldPriceValue":0,"CatalogPrice":null,"Price":"CHF 6.00","CallForPrice":false,"PriceValue":6,"PriceIncludesTax":false,"StartPrice":null,"StartPriceValue":0,"HighestBid":null,"HighestBidValue":0,"BasePricePAngV":null,"DisableBuyButton":false,"DisableWishlistButton":false,"DisableAddToCompareListButton":true,"AvailableForPreOrder":false,"PreOrderDateTimeUtc":null,"ForceRedirectionAfterAddingToCart":false,"AppliedDiscounts":[],"PreferredTierPrice":null,"UserFields":[]},"DefaultPictureModel":{"ImageUrl":"/assets/images/thumbs/glckwunschkarte-geburtstag_673ca62e1e57265db8e1a81c_415.jpeg","ThumbImageUrl":null,"FullSizeImageUrl":"/assets/images/thumbs/glckwunschkarte-geburtstag_673ca62e1e57265db8e1a81c.jpeg","Title":"Gl\u00FCckwunschkarte Geburtstag 1","AlternateText":"Gl\u00FCckwunschkarte Geburtstag 1","Style":null,"ExtraField":null,"Id":"673ca62e1e57265db8e1a81c","UserFields":[]},"SecondPictureModel":{"ImageUrl":null,"ThumbImageUrl":null,"FullSizeImageUrl":null,"Title":null,"AlternateText":null,"Style":null,"ExtraField":null,"Id":null,"UserFields":[]},"SpecificationAttributeModels":[],"ProductAttributeModels":[],"ReviewOverviewModel":{"ProductId":"673ca6141e57265db8e19a12","RatingSum":0,"TotalReviews":0,"AvgRating":0,"AllowCustomerReviews":true,"UserFields":[]},"Id":"673ca6141e57265db8e19a12","UserFields":[]},{"Name":"Teddyb\u00E4r Kerze","ShortDescription":"Teddyb\u00E4r Kerze","FullDescription":"\u003Cp\u003EVerkaufe dise wundersch\u00F6ne und einzigartigen Teddyb\u00E4r-kerze aus Soyawachs.In verschiedene Farben verg\u00FCgbar.\u003C/p\u003E\u003Cp\u003E\u003Cbr\u003E\u003C/p\u003E\u003Cp\u003EPreis pro Kerze 5.-und eine kleine Untersetzer Gratis dazu.\u003C/p\u003E","SeName":"teddyb\u00E4r-kerze-2","Url":"/de/teddyb%C3%A4r-kerze-2","ProductType":0,"MarkAsNew":false,"Sku":null,"Flag":null,"Gtin":null,"Mpn":null,"BrandName":"","IsFreeShipping":false,"ShowSku":false,"ShowQty":false,"LowStock":false,"EndTime":"2099-01-01T00:00:00Z","EndTimeLocalTime":"2099-01-01T01:00:00","TaxDisplayType":10,"Interval":0,"IntervalUnitId":0,"ProductPrice":{"OldPrice":null,"OldPriceValue":0,"CatalogPrice":null,"Price":"CHF 5.00","CallForPrice":false,"PriceValue":5,"PriceIncludesTax":false,"StartPrice":null,"StartPriceValue":0,"HighestBid":null,"HighestBidValue":0,"BasePricePAngV":null,"DisableBuyButton":false,"DisableWishlistButton":false,"DisableAddToCompareListButton":true,"AvailableForPreOrder":false,"PreOrderDateTimeUtc":null,"ForceRedirectionAfterAddingToCart":false,"AppliedDiscounts":[],"PreferredTierPrice":null,"UserFields":[]},"DefaultPictureModel":{"ImageUrl":"/assets/images/thumbs/teddybr-kerze_67447fa8e0104a897775a41d_415.jpeg","ThumbImageUrl":null,"FullSizeImageUrl":"/assets/images/thumbs/teddybr-kerze_67447fa8e0104a897775a41d.jpeg","Title":"Teddyb\u00E4r Kerze 1","AlternateText":"Teddyb\u00E4r Kerze 1","Style":null,"ExtraField":null,"Id":"67447fa8e0104a897775a41d","UserFields":[]},"SecondPictureModel":{"ImageUrl":"/assets/images/thumbs/teddybr-kerze_67447fa8e0104a897775a449_415.jpeg","ThumbImageUrl":null,"FullSizeImageUrl":"/assets/images/thumbs/teddybr-kerze_67447fa8e0104a897775a449.jpeg","Title":"Teddyb\u00E4r Kerze 2","AlternateText":"Teddyb\u00E4r Kerze 2","Style":null,"ExtraField":null,"Id":"67447fa8e0104a897775a449","UserFields":[]},"SpecificationAttributeModels":[],"ProductAttributeModels":[],"ReviewOverviewModel":{"ProductId":"67447f76e0104a89777596b3","RatingSum":0,"TotalReviews":0,"AvgRating":0,"AllowCustomerReviews":true,"UserFields":[]},"Id":"67447f76e0104a89777596b3","UserFields":[]},{"Name":"Pallina di Natale ","ShortDescription":"Pallina di Natale personalizzate, in plexiglas con glitter e scritta in vinile ","FullDescription":"Palline di Natale, per addobbare l\u2019albero di Natale o per fare un regalo unico e personalizzato.\u0026nbsp;\u003Cdiv\u003EOgni pallina \u00E8 lavorata con cura e nei dettagli.\u003C/div\u003E","SeName":"pallina-di-natale","Url":"/de/pallina-di-natale","ProductType":0,"MarkAsNew":false,"Sku":null,"Flag":null,"Gtin":null,"Mpn":null,"BrandName":"","IsFreeShipping":false,"ShowSku":false,"ShowQty":false,"LowStock":false,"EndTime":"2099-01-01T00:00:00Z","EndTimeLocalTime":"2099-01-01T01:00:00","TaxDisplayType":10,"Interval":0,"IntervalUnitId":0,"ProductPrice":{"OldPrice":null,"OldPriceValue":0,"CatalogPrice":null,"Price":"CHF 7.00","CallForPrice":false,"PriceValue":7,"PriceIncludesTax":false,"StartPrice":null,"StartPriceValue":0,"HighestBid":null,"HighestBidValue":0,"BasePricePAngV":null,"DisableBuyButton":false,"DisableWishlistButton":false,"DisableAddToCompareListButton":true,"AvailableForPreOrder":false,"PreOrderDateTimeUtc":null,"ForceRedirectionAfterAddingToCart":false,"AppliedDiscounts":[],"PreferredTierPrice":null,"UserFields":[]},"DefaultPictureModel":{"ImageUrl":"/assets/images/thumbs/pallina-di-natale_6750acc8751c43d2cdc226b3_415.jpeg","ThumbImageUrl":null,"FullSizeImageUrl":"/assets/images/thumbs/pallina-di-natale_6750acc8751c43d2cdc226b3.jpeg","Title":"Pallina di Natale  1","AlternateText":"Pallina di Natale  1","Style":null,"ExtraField":null,"Id":"6750acc8751c43d2cdc226b3","UserFields":[]},"SecondPictureModel":{"ImageUrl":"/assets/images/thumbs/pallina-di-natale_6750acc8751c43d2cdc226d9_415.jpeg","ThumbImageUrl":null,"FullSizeImageUrl":"/assets/images/thumbs/pallina-di-natale_6750acc8751c43d2cdc226d9.jpeg","Title":"Pallina di Natale  2","AlternateText":"Pallina di Natale  2","Style":null,"ExtraField":null,"Id":"6750acc8751c43d2cdc226d9","UserFields":[]},"SpecificationAttributeModels":[],"ProductAttributeModels":[],"ReviewOverviewModel":{"ProductId":"6750ac72751c43d2cdc1e7ce","RatingSum":0,"TotalReviews":0,"AvgRating":0,"AllowCustomerReviews":true,"UserFields":[]},"Id":"6750ac72751c43d2cdc1e7ce","UserFields":[]},{"Name":"Geburtstagskuchen.","ShortDescription":"Windeltorte zur Feier der Ankunft des Babys, ein anderes, h\u00FCbsches und vor allem n\u00FCtzliches Geschenk.","FullDescription":"\u003Cp\u003Eeine zweist\u00F6ckige Torte:\u003C/p\u003E\u003Cp\u003E\u003C/p\u003E\u003Cp class=\u0022MsoNormal\u0022 style=\u0022line-height: normal;\u0022\u003E\u003Cspan style=\u0022font-weight: bolder;\u0022\u003E\u003Cu\u003E\u003Cspan style=\u0022font-size: 24pt; font-family: \u0026quot;Bradley Hand ITC\u0026quot;; color: black;\u0022\u003EGeburtstagskuchen\u003C/span\u003E\u003C/u\u003E\u003C/span\u003E\u003Cspan style=\u0022font-weight: bolder;\u0022\u003E\u003Cspan style=\u0022font-size: 12pt; font-family: \u0026quot;Times New Roman\u0026quot;, serif; color: black;\u0022\u003E\u003C/span\u003E\u003C/span\u003E\u003C/p\u003E\u003Cp class=\u0022MsoNormal\u0022 style=\u0022line-height: normal;\u0022\u003E\u003Cspan style=\u0022font-weight: bolder;\u0022\u003E\u003Cspan style=\u0022font-size: 14pt; font-family: \u0026quot;Bradley Hand ITC\u0026quot;; color: black;\u0022\u003EZutaten\u0026nbsp;:\u003C/span\u003E\u003C/span\u003E\u003Cspan style=\u0022font-weight: bolder;\u0022\u003E\u003Cspan style=\u0022font-size: 12pt; font-family: \u0026quot;Times New Roman\u0026quot;, serif; color: black;\u0022\u003E\u003C/span\u003E\u003C/span\u003E\u003C/p\u003E\u003Cp class=\u0022MsoNormal\u0022 style=\u0022margin-bottom: 0cm; line-height: normal;\u0022\u003E\u003Cspan style=\u0022font-weight: bolder;\u0022\u003E\u003Cspan style=\u0022font-size: 14pt; font-family: \u0026quot;Bradley Hand ITC\u0026quot;; color: black;\u0022\u003EEtwa 55 \u201E\u0026nbsp;Pampers\u0026nbsp;\u201C Gr\u00F6\u00DFe 3\u003C/span\u003E\u003C/span\u003E\u003Cspan style=\u0022font-weight: bolder;\u0022\u003E\u003Cspan style=\u0022font-size: 12pt; font-family: \u0026quot;Times New Roman\u0026quot;, serif; color: black;\u0022\u003E\u003C/span\u003E\u003C/span\u003E\u003C/p\u003E\u003Cp class=\u0022MsoNormal\u0022 style=\u0022margin-bottom: 0cm; line-height: normal;\u0022\u003E\u003Cspan style=\u0022font-weight: bolder;\u0022\u003E\u003Cspan style=\u0022font-size: 14pt; font-family: \u0026quot;Bradley Hand ITC\u0026quot;; color: black;\u0022\u003ESchnuller ab 6 Monaten\u003C/span\u003E\u003C/span\u003E\u003Cspan style=\u0022font-weight: bolder;\u0022\u003E\u003Cspan style=\u0022font-size: 12pt; font-family: \u0026quot;Times New Roman\u0026quot;, serif; color: black;\u0022\u003E\u003C/span\u003E\u003C/span\u003E\u003C/p\u003E\u003Cp class=\u0022MsoNormal\u0022 style=\u0022margin-bottom: 0cm; line-height: normal;\u0022\u003E\u003Cspan style=\u0022font-weight: bolder;\u0022\u003E\u003Cspan style=\u0022font-size: 14pt; font-family: \u0026quot;Bradley Hand ITC\u0026quot;; color: black;\u0022\u003EKuscheltier und handgestrickte S\u00F6ckchen\u003C/span\u003E\u003C/span\u003E\u003Cspan style=\u0022font-weight: bolder;\u0022\u003E\u003Cspan style=\u0022font-size: 12pt; font-family: \u0026quot;Times New Roman\u0026quot;, serif; color: black;\u0022\u003E\u003C/span\u003E\u003C/span\u003E\u003C/p\u003E\u003Cp class=\u0022MsoNormal\u0022 style=\u0022margin-bottom: 0cm; line-height: normal;\u0022\u003E\u003Cspan style=\u0022font-weight: bolder;\u0022\u003E\u003Cspan style=\u0022font-size: 14pt; font-family: \u0026quot;Bradley Hand ITC\u0026quot;; color: black;\u0022\u003EMaterial zum Zusammenbauen\u003C/span\u003E\u003C/span\u003E\u003Cspan style=\u0022font-weight: bolder;\u0022\u003E\u003Cspan style=\u0022font-size: 12pt; font-family: \u0026quot;Times New Roman\u0026quot;, serif; color: black;\u0022\u003E\u003C/span\u003E\u003C/span\u003E\u003C/p\u003E\u003Cp class=\u0022MsoNormal\u0022 style=\u0022margin-bottom: 0cm; line-height: normal;\u0022\u003E\u003Cspan style=\u0022font-weight: bolder;\u0022\u003E\u003Cspan style=\u0022font-size: 12pt; font-family: \u0026quot;Bradley Hand ITC\u0026quot;; color: black;\u0022\u003E(Hei\u00DFkleber, B\u00E4nder, Karton, Geschenkpapier, Gummiband)\u003C/span\u003E\u003C/span\u003E\u003C/p\u003E","SeName":"geburtstagskuchen","Url":"/de/geburtstagskuchen","ProductType":0,"MarkAsNew":false,"Sku":null,"Flag":null,"Gtin":null,"Mpn":null,"BrandName":"","IsFreeShipping":false,"ShowSku":false,"ShowQty":false,"LowStock":false,"EndTime":"2099-01-01T00:00:00Z","EndTimeLocalTime":"2099-01-01T01:00:00","TaxDisplayType":10,"Interval":0,"IntervalUnitId":0,"ProductPrice":{"OldPrice":null,"OldPriceValue":0,"CatalogPrice":null,"Price":"CHF 85.00","CallForPrice":false,"PriceValue":85,"PriceIncludesTax":false,"StartPrice":null,"StartPriceValue":0,"HighestBid":null,"HighestBidValue":0,"BasePricePAngV":null,"DisableBuyButton":false,"DisableWishlistButton":false,"DisableAddToCompareListButton":true,"AvailableForPreOrder":false,"PreOrderDateTimeUtc":null,"ForceRedirectionAfterAddingToCart":false,"AppliedDiscounts":[],"PreferredTierPrice":null,"UserFields":[]},"DefaultPictureModel":{"ImageUrl":"/assets/images/thumbs/geburtstagskuchen_677bf721766af5e87ef793cd_415.png","ThumbImageUrl":null,"FullSizeImageUrl":"/assets/images/thumbs/geburtstagskuchen_677bf721766af5e87ef793cd.png","Title":"Geburtstagskuchen. 1","AlternateText":"Geburtstagskuchen. 1","Style":null,"ExtraField":null,"Id":"677bf721766af5e87ef793cd","UserFields":[]},"SecondPictureModel":{"ImageUrl":null,"ThumbImageUrl":null,"FullSizeImageUrl":null,"Title":null,"AlternateText":null,"Style":null,"ExtraField":null,"Id":null,"UserFields":[]},"SpecificationAttributeModels":[],"ProductAttributeModels":[],"ReviewOverviewModel":{"ProductId":"677bf704766af5e87ef7860c","RatingSum":0,"TotalReviews":0,"AvgRating":0,"AllowCustomerReviews":true,"UserFields":[]},"Id":"677bf704766af5e87ef7860c","UserFields":[]},{"Name":"Tassen 425ml","ShortDescription":"Keramik,  Handmade,  weiss mit Aufdruck,  425ml,","FullDescription":"Wir gestalten f\u00FCr Sie pers\u00F6nlich Ihre Lieblingstasse. Sei es gesch\u00E4ftlich,\u0026nbsp; f\u00FCr den eigenen Bedarf Personalisiert oder sogar als Geschenk . Das ist nur eine ganz kleine Auswahl.\u0026nbsp; Ab 2 Tassen gibt es Rabatt f\u00FCr jeden Kunde/ in. Bei Interesse bitte melden.\u0026nbsp; Wir freuen uns auf Ihren Auftrag . Danke. Twint vorhanden.\u0026nbsp;","SeName":"tassen-425ml","Url":"/de/tassen-425ml","ProductType":0,"MarkAsNew":false,"Sku":null,"Flag":null,"Gtin":null,"Mpn":null,"BrandName":"","IsFreeShipping":false,"ShowSku":false,"ShowQty":false,"LowStock":false,"EndTime":"2099-01-01T00:00:00Z","EndTimeLocalTime":"2099-01-01T01:00:00","TaxDisplayType":10,"Interval":0,"IntervalUnitId":0,"ProductPrice":{"OldPrice":null,"OldPriceValue":0,"CatalogPrice":null,"Price":"CHF 15.00","CallForPrice":false,"PriceValue":15,"PriceIncludesTax":false,"StartPrice":null,"StartPriceValue":0,"HighestBid":null,"HighestBidValue":0,"BasePricePAngV":null,"DisableBuyButton":false,"DisableWishlistButton":false,"DisableAddToCompareListButton":true,"AvailableForPreOrder":false,"PreOrderDateTimeUtc":null,"ForceRedirectionAfterAddingToCart":false,"AppliedDiscounts":[],"PreferredTierPrice":null,"UserFields":[]},"DefaultPictureModel":{"ImageUrl":"/assets/images/thumbs/tassen-425ml_67ac5c48924dbb5d3cb354ae_415.jpeg","ThumbImageUrl":null,"FullSizeImageUrl":"/assets/images/thumbs/tassen-425ml_67ac5c48924dbb5d3cb354ae.jpeg","Title":"Tassen 425ml 1","AlternateText":"Tassen 425ml 1","Style":null,"ExtraField":null,"Id":"67ac5c48924dbb5d3cb354ae","UserFields":[]},"SecondPictureModel":{"ImageUrl":"/assets/images/thumbs/tassen-425ml_67ac5c48924dbb5d3cb354ad_415.jpeg","ThumbImageUrl":null,"FullSizeImageUrl":"/assets/images/thumbs/tassen-425ml_67ac5c48924dbb5d3cb354ad.jpeg","Title":"Tassen 425ml 2","AlternateText":"Tassen 425ml 2","Style":null,"ExtraField":null,"Id":"67ac5c48924dbb5d3cb354ad","UserFields":[]},"SpecificationAttributeModels":[],"ProductAttributeModels":[],"ReviewOverviewModel":{"ProductId":"67ac5b45924dbb5d3cb32822","RatingSum":0,"TotalReviews":0,"AvgRating":0,"AllowCustomerReviews":true,"UserFields":[]},"Id":"67ac5b45924dbb5d3cb32822","UserFields":[]},{"Name":"Tablett/untersetzer","ShortDescription":"Sch\u00F6nes Monstera Deko Tablett mit Teelichthalter","FullDescription":"Eine wundersch\u00F6ne Tablett in Form eines Monstera-Blattes mit Teelichthalter und eine Teelichkerze mit Vanille duft.","SeName":"tablettuntersetzer","Url":"/de/tablettuntersetzer","ProductType":0,"MarkAsNew":false,"Sku":null,"Flag":null,"Gtin":null,"Mpn":null,"BrandName":"","IsFreeShipping":false,"ShowSku":false,"ShowQty":false,"LowStock":false,"EndTime":"2099-01-01T00:00:00Z","EndTimeLocalTime":"2099-01-01T01:00:00","TaxDisplayType":10,"Interval":0,"IntervalUnitId":0,"ProductPrice":{"OldPrice":null,"OldPriceValue":0,"CatalogPrice":null,"Price":"CHF 25.00","CallForPrice":false,"PriceValue":25,"PriceIncludesTax":false,"StartPrice":null,"StartPriceValue":0,"HighestBid":null,"HighestBidValue":0,"BasePricePAngV":null,"DisableBuyButton":false,"DisableWishlistButton":false,"DisableAddToCompareListButton":true,"AvailableForPreOrder":false,"PreOrderDateTimeUtc":null,"ForceRedirectionAfterAddingToCart":false,"AppliedDiscounts":[],"PreferredTierPrice":null,"UserFields":[]},"DefaultPictureModel":{"ImageUrl":"/assets/images/thumbs/tablettuntersetzer_67b3a590eb3e563ff96dd104_415.jpeg","ThumbImageUrl":null,"FullSizeImageUrl":"/assets/images/thumbs/tablettuntersetzer_67b3a590eb3e563ff96dd104.jpeg","Title":"Tablett/untersetzer 1","AlternateText":"Tablett/untersetzer 1","Style":null,"ExtraField":null,"Id":"67b3a590eb3e563ff96dd104","UserFields":[]},"SecondPictureModel":{"ImageUrl":"/assets/images/thumbs/tablettuntersetzer_67b3a591eb3e563ff96dd14e_415.jpeg","ThumbImageUrl":null,"FullSizeImageUrl":"/assets/images/thumbs/tablettuntersetzer_67b3a591eb3e563ff96dd14e.jpeg","Title":"Tablett/untersetzer 2","AlternateText":"Tablett/untersetzer 2","Style":null,"ExtraField":null,"Id":"67b3a591eb3e563ff96dd14e","UserFields":[]},"SpecificationAttributeModels":[],"ProductAttributeModels":[],"ReviewOverviewModel":{"ProductId":"67b3a568eb3e563ff96dbca7","RatingSum":0,"TotalReviews":0,"AvgRating":0,"AllowCustomerReviews":true,"UserFields":[]},"Id":"67b3a568eb3e563ff96dbca7","UserFields":[]},{"Name":"Box mit handgemachten Satinrosen \u2013 Elegantes Geschenk","ShortDescription":"Dieser elegante Box mit handgefertigten Satinrosen ist ein einzigartiges Geschenk f\u00FCr besondere Anl\u00E4sse. Jede Rose wird sorgf\u00E4ltig aus hochwertigem Satinband gefertigt und bleibt f\u00FCr immer sch\u00F6n \u2013 ohne zu verwelken. Perfekt als Geburtstagsgeschenk, Valentinstags\u00FCberraschung, Hochzeitsdekoration oder als stilvolle Dekoration f\u00FCr Ihr Zuhause.","FullDescription":"\u003Cp data-start=\u0022644\u0022 data-end=\u0022667\u0022\u003E\uD83D\uDC90 \u003Cstrong data-start=\u0022647\u0022 data-end=\u0022665\u0022\u003EBesonderheiten\u003C/strong\u003E\u003C/p\u003E\r\n\u003Cul data-start=\u0022668\u0022 data-end=\u0022882\u0022\u003E\r\n\u003Cli data-start=\u0022668\u0022 data-end=\u0022719\u0022\u003E\r\n\u003Cp data-start=\u0022670\u0022 data-end=\u0022719\u0022\u003EHochwertige Satinrosen in einer dekorativen Box\u003C/p\u003E\r\n\u003C/li\u003E\r\n\u003Cli data-start=\u0022720\u0022 data-end=\u0022781\u0022\u003E\r\n\u003Cp data-start=\u0022722\u0022 data-end=\u0022781\u0022\u003E100 % Handarbeit \u2013 langlebig, pflegeleicht \u0026amp; allergiefrei\u003C/p\u003E\r\n\u003C/li\u003E\r\n\u003Cli data-start=\u0022782\u0022 data-end=\u0022825\u0022\u003E\r\n\u003Cp data-start=\u0022784\u0022 data-end=\u0022825\u0022\u003EIndividuell anpassbar in Farbe \u0026amp; Design\u003C/p\u003E\r\n\u003C/li\u003E\r\n\u003Cli data-start=\u0022826\u0022 data-end=\u0022882\u0022\u003E\r\n\u003Cp data-start=\u0022828\u0022 data-end=\u0022882\u0022\u003EIdeal f\u00FCr Geburtstage, Jubil\u00E4en, Valentinstag \u0026amp; mehr\u003C/p\u003E\r\n\u003C/li\u003E\r\n\u003C/ul\u003E\r\n\u003Cp data-start=\u0022884\u0022 data-end=\u0022976\u0022\u003E\uD83D\uDC49 Schenken Sie ein Geschenk, das zeitlos sch\u00F6n bleibt und unvergessliche Momente schafft!\u003C/p\u003E\r\n    \r\n","SeName":"box-mit-handgemachten-satinrosen-elegantes-geschenk","Url":"/de/box-mit-handgemachten-satinrosen-elegantes-geschenk","ProductType":0,"MarkAsNew":false,"Sku":null,"Flag":null,"Gtin":null,"Mpn":null,"BrandName":"","IsFreeShipping":false,"ShowSku":false,"ShowQty":false,"LowStock":false,"EndTime":"2099-01-01T00:00:00Z","EndTimeLocalTime":"2099-01-01T01:00:00","TaxDisplayType":10,"Interval":0,"IntervalUnitId":0,"ProductPrice":{"OldPrice":null,"OldPriceValue":0,"CatalogPrice":null,"Price":"CHF 59.00","CallForPrice":false,"PriceValue":59,"PriceIncludesTax":false,"StartPrice":null,"StartPriceValue":0,"HighestBid":null,"HighestBidValue":0,"BasePricePAngV":null,"DisableBuyButton":false,"DisableWishlistButton":false,"DisableAddToCompareListButton":true,"AvailableForPreOrder":false,"PreOrderDateTimeUtc":null,"ForceRedirectionAfterAddingToCart":false,"AppliedDiscounts":[],"PreferredTierPrice":null,"UserFields":[]},"DefaultPictureModel":{"ImageUrl":"/assets/images/thumbs/box-mit-handgemachten-satinrosen-elegantes-geschenk_68ab28fd0468372616c97bf2_415.jpeg","ThumbImageUrl":null,"FullSizeImageUrl":"/assets/images/thumbs/box-mit-handgemachten-satinrosen-elegantes-geschenk_68ab28fd0468372616c97bf2.jpeg","Title":"Box mit handgemachten Satinrosen \u2013 Elegantes Geschenk 1","AlternateText":"Box mit handgemachten Satinrosen \u2013 Elegantes Geschenk 1","Style":null,"ExtraField":null,"Id":"68ab28fd0468372616c97bf2","UserFields":[]},"SecondPictureModel":{"ImageUrl":"/assets/images/thumbs/box-mit-handgemachten-satinrosen-elegantes-geschenk_68ab28fe0468372616c97c42_415.jpeg","ThumbImageUrl":null,"FullSizeImageUrl":"/assets/images/thumbs/box-mit-handgemachten-satinrosen-elegantes-geschenk_68ab28fe0468372616c97c42.jpeg","Title":"Box mit handgemachten Satinrosen \u2013 Elegantes Geschenk 2","AlternateText":"Box mit handgemachten Satinrosen \u2013 Elegantes Geschenk 2","Style":null,"ExtraField":null,"Id":"68ab28fe0468372616c97c42","UserFields":[]},"SpecificationAttributeModels":[],"ProductAttributeModels":[],"ReviewOverviewModel":{"ProductId":"68ab27130468372616c91efd","RatingSum":0,"TotalReviews":0,"AvgRating":0,"AllowCustomerReviews":true,"UserFields":[]},"Id":"68ab27130468372616c91efd","UserFields":[]},{"Name":"Handgeh\u00E4kelt: Gl\u00FCcksschweinchen","ShortDescription":"Gl\u00FCcksschweinchen in Geschenkverpackung mit Spruch.\r\n\r\nGeh\u00E4kelt mit 100% Baumwollgarn in den Farben Rosa und Gelbgold\r\nSchwarze angen\u00E4hte Perlen als Augen\r\nGr\u00FCne Schleife mit einem Gl\u00FCcksklee Anh\u00E4nger\r\n\r\nGr\u00F6sse 6 x 4 cm\r\n","FullDescription":"\u003Cp\u003EVorr\u00E4tig\u003C/p\u003E\u003Cp\u003ESammelbestellung in meinem Shop f\u00FCr \u00FCber CHF 100,- ist Versandkostenfrei.\u0026nbsp;\u003C/p\u003E","SeName":"handgeh\u00E4kelt-gl\u00FCcksschweinchen","Url":"/de/handgeh%C3%A4kelt-gl%C3%BCcksschweinchen","ProductType":0,"MarkAsNew":false,"Sku":"363","Flag":null,"Gtin":null,"Mpn":null,"BrandName":"","IsFreeShipping":false,"ShowSku":false,"ShowQty":false,"LowStock":true,"EndTime":"2099-01-01T00:00:00Z","EndTimeLocalTime":"2099-01-01T01:00:00","TaxDisplayType":10,"Interval":0,"IntervalUnitId":0,"ProductPrice":{"OldPrice":null,"OldPriceValue":0,"CatalogPrice":null,"Price":"CHF 17.50","CallForPrice":false,"PriceValue":17.5,"PriceIncludesTax":false,"StartPrice":null,"StartPriceValue":0,"HighestBid":null,"HighestBidValue":0,"BasePricePAngV":null,"DisableBuyButton":false,"DisableWishlistButton":false,"DisableAddToCompareListButton":true,"AvailableForPreOrder":false,"PreOrderDateTimeUtc":null,"ForceRedirectionAfterAddingToCart":false,"AppliedDiscounts":[],"PreferredTierPrice":null,"UserFields":[]},"DefaultPictureModel":{"ImageUrl":"/assets/images/thumbs/handgehkelt-glcksschweinchen_6995d78fa44e89a71daa90ee_415.jpeg","ThumbImageUrl":null,"FullSizeImageUrl":"/assets/images/thumbs/handgehkelt-glcksschweinchen_6995d78fa44e89a71daa90ee.jpeg","Title":"Handgeh\u00E4kelt: Gl\u00FCcksschweinchen 1","AlternateText":"Handgeh\u00E4kelt: Gl\u00FCcksschweinchen 1","Style":null,"ExtraField":null,"Id":"6995d78fa44e89a71daa90ee","UserFields":[]},"SecondPictureModel":{"ImageUrl":"/assets/images/thumbs/handgehkelt-glcksschweinchen_6995d79fa44e89a71daa916e_415.jpeg","ThumbImageUrl":null,"FullSizeImageUrl":"/assets/images/thumbs/handgehkelt-glcksschweinchen_6995d79fa44e89a71daa916e.jpeg","Title":"Handgeh\u00E4kelt: Gl\u00FCcksschweinchen 2","AlternateText":"Handgeh\u00E4kelt: Gl\u00FCcksschweinchen 2","Style":null,"ExtraField":null,"Id":"6995d79fa44e89a71daa916e","UserFields":[]},"SpecificationAttributeModels":[],"ProductAttributeModels":[],"ReviewOverviewModel":{"ProductId":"6995d637a44e89a71d9d1eb7","RatingSum":0,"TotalReviews":0,"AvgRating":0,"AllowCustomerReviews":true,"UserFields":[]},"Id":"6995d637a44e89a71d9d1eb7","UserFields":[]},{"Name":"Notizheft Traveljournal- Meeresbrise","ShortDescription":"handgemachtes Notizheft Traveljournal- Meeresbrise","FullDescription":"\u003Cdiv\u003EF\u00FCr mein handgefertigtes Traveljournal Notizheft-Design \u201EMeeresbrise\u201C habe ich Aquarellfarben, eigene Fotografien aus Schottland und ausgew\u00E4hlte Elemente aus meinem pers\u00F6nlichen Fundus miteinander verwoben. So entstand eine vielschichtige Collage, in der sich sanfte Farbt\u00F6ne, dynamische Bewegungen und maritime Motive zu einer harmonischen Bildsprache verbinden.\u003C/div\u003E\u003Cdiv\u003E\u003Cbr\u003E\u003C/div\u003E\u003Cdiv\u003EIm Inneren erwarten dich 40 Seiten aus hochwertigem 90g/m\u00B2 Papier, fest gebunden mit einer stabilen Fadenheftung \u2013 bereit f\u00FCr Gedanken, die wie M\u00F6wen im Wind aufsteigen oder sich wie Spuren im Sand niederlassen.\u003C/div\u003E\u003Cdiv\u003E\u003Cbr\u003E\u003C/div\u003E\u003Cdiv\u003E\u003Cb\u003EHauptmerkmale:\u003C/b\u003E\u003C/div\u003E\u003Cdiv\u003EFormat: 21 x 11 cm\u003C/div\u003E\u003Cdiv\u003ESeiten: 40\u003C/div\u003E\u003Cdiv\u003EPapier: Hochwertiges 90 Gramm-Papier auf der Innenseite und stabiler Umschlag mit Leinenstruktur\u003C/div\u003E\u003Cdiv\u003EInnenseiten: blanko\u003C/div\u003E\u003Cdiv\u003EAbgerundete Ecken: Mehr Stil und Haltbarkeit f\u00FCr Ihr Notizbuch\u003C/div\u003E\u003Cdiv\u003EEntworfen und hergestellt in der Schweiz\u003C/div\u003E\r\n    \r\n","SeName":"notizheft-traveljournal-meeresbrise","Url":"/de/notizheft-traveljournal-meeresbrise","ProductType":0,"MarkAsNew":false,"Sku":"NH-26018","Flag":null,"Gtin":null,"Mpn":null,"BrandName":"","IsFreeShipping":false,"ShowSku":false,"ShowQty":false,"LowStock":false,"EndTime":"2099-01-01T00:00:00Z","EndTimeLocalTime":"2099-01-01T01:00:00","TaxDisplayType":10,"Interval":0,"IntervalUnitId":0,"ProductPrice":{"OldPrice":null,"OldPriceValue":0,"CatalogPrice":null,"Price":"CHF 9.90","CallForPrice":false,"PriceValue":9.9,"PriceIncludesTax":false,"StartPrice":null,"StartPriceValue":0,"HighestBid":null,"HighestBidValue":0,"BasePricePAngV":null,"DisableBuyButton":false,"DisableWishlistButton":false,"DisableAddToCompareListButton":true,"AvailableForPreOrder":false,"PreOrderDateTimeUtc":null,"ForceRedirectionAfterAddingToCart":false,"AppliedDiscounts":[],"PreferredTierPrice":null,"UserFields":[]},"DefaultPictureModel":{"ImageUrl":"/assets/images/thumbs/notizheft-traveljournal-meeresbrise_6a1fea0ba43dd1d8bb1d00ea_415.jpeg","ThumbImageUrl":null,"FullSizeImageUrl":"/assets/images/thumbs/notizheft-traveljournal-meeresbrise_6a1fea0ba43dd1d8bb1d00ea.jpeg","Title":"Notizheft Traveljournal- Meeresbrise 1","AlternateText":"Notizheft Traveljournal- Meeresbrise 1","Style":null,"ExtraField":null,"Id":"6a1fea0ba43dd1d8bb1d00ea","UserFields":[]},"SecondPictureModel":{"ImageUrl":"/assets/images/thumbs/notizheft-traveljournal-meeresbrise_6a2000cda43dd1d8bb2b1543_415.jpeg","ThumbImageUrl":null,"FullSizeImageUrl":"/assets/images/thumbs/notizheft-traveljournal-meeresbrise_6a2000cda43dd1d8bb2b1543.jpeg","Title":"Notizheft Traveljournal- Meeresbrise 2","AlternateText":"Notizheft Traveljournal- Meeresbrise 2","Style":null,"ExtraField":null,"Id":"6a2000cda43dd1d8bb2b1543","UserFields":[]},"SpecificationAttributeModels":[],"ProductAttributeModels":[],"ReviewOverviewModel":{"ProductId":"6a1fe9baa43dd1d8bb1876c2","RatingSum":0,"TotalReviews":0,"AvgRating":0,"AllowCustomerReviews":true,"UserFields":[]},"Id":"6a1fe9baa43dd1d8bb1876c2","UserFields":[]},{"Name":"Notizheft quadratisch - Meeresbrise","ShortDescription":"Notizheft quadratisch - Meeresbrise","FullDescription":"\u003C!-- x-tinymce/html --\u003E\u003Cp class=\u0022MsoNormal\u0022\u003EF\u00FCr mein handgefertigtes quadratisches Notizheft-Design \u201EMeeresbrise\u201C habe ich Aquarellfarben, eigene Fotografien aus Schottland und ausgew\u00E4hlte Elemente aus meinem pers\u00F6nlichen Fundus miteinander verwoben. So entstand eine vielschichtige Collage, in der sich sanfte Farbt\u00F6ne, dynamische Bewegungen und maritime Motive zu einer harmonischen Bildsprache verbinden.\u003C/p\u003E\r\n\u003Cp class=\u0022MsoNormal\u0022\u003EIm Inneren erwarten dich 40 Seiten aus hochwertigem 120 g/m\u00B2 Papier, fest gebunden mit einer stabilen Fadenheftung \u2013 bereit f\u00FCr Gedanken, die wie M\u00F6wen im Wind aufsteigen oder sich wie Spuren im Sand niederlassen.\u003C/p\u003E\r\n\u003Cp\u003E\u003Cstrong\u003EHauptmerkmale:\u003C/strong\u003E\u003C/p\u003E\r\n\u003Cul\u003E\r\n\u003Cli\u003EFormat: 15 x 15 cm\u003C/li\u003E\r\n\u003Cli\u003ESeiten: 40\u003C/li\u003E\r\n\u003Cli\u003EPapier: Hochwertiges 120 Gramm-Papier auf der Innenseite und stabiler Umschlag mit Leinenstruktur\u003C/li\u003E\r\n\u003Cli\u003EInnenseiten: blanko\u003C/li\u003E\r\n\u003Cli\u003EAbgerundete Ecken: Mehr Stil und Haltbarkeit f\u00FCr Ihr Notizbuch\u003C/li\u003E\r\n\u003Cli\u003EEntworfen und hergestellt in der Schweiz\u003C/li\u003E\u003C/ul\u003E\r\n    \r\n","SeName":"notizheft-quadratisch-meeresbrise","Url":"/de/notizheft-quadratisch-meeresbrise","ProductType":0,"MarkAsNew":false,"Sku":"NH-26015","Flag":null,"Gtin":null,"Mpn":null,"BrandName":"","IsFreeShipping":false,"ShowSku":false,"ShowQty":false,"LowStock":false,"EndTime":"2099-01-01T00:00:00Z","EndTimeLocalTime":"2099-01-01T01:00:00","TaxDisplayType":10,"Interval":0,"IntervalUnitId":0,"ProductPrice":{"OldPrice":null,"OldPriceValue":0,"CatalogPrice":null,"Price":"CHF 9.90","CallForPrice":false,"PriceValue":9.9,"PriceIncludesTax":false,"StartPrice":null,"StartPriceValue":0,"HighestBid":null,"HighestBidValue":0,"BasePricePAngV":null,"DisableBuyButton":false,"DisableWishlistButton":false,"DisableAddToCompareListButton":true,"AvailableForPreOrder":false,"PreOrderDateTimeUtc":null,"ForceRedirectionAfterAddingToCart":false,"AppliedDiscounts":[],"PreferredTierPrice":null,"UserFields":[]},"DefaultPictureModel":{"ImageUrl":"/assets/images/thumbs/notizheft-quadratisch-meeresbrise_6a1ff198a43dd1d8bbb2f3c2_415.jpeg","ThumbImageUrl":null,"FullSizeImageUrl":"/assets/images/thumbs/notizheft-quadratisch-meeresbrise_6a1ff198a43dd1d8bbb2f3c2.jpeg","Title":"Notizheft quadratisch - Meeresbrise 1","AlternateText":"Notizheft quadratisch - Meeresbrise 1","Style":null,"ExtraField":null,"Id":"6a1ff198a43dd1d8bbb2f3c2","UserFields":[]},"SecondPictureModel":{"ImageUrl":"/assets/images/thumbs/notizheft-quadratisch-meeresbrise_6a1ffdc1a43dd1d8bb141a1d_415.jpeg","ThumbImageUrl":null,"FullSizeImageUrl":"/assets/images/thumbs/notizheft-quadratisch-meeresbrise_6a1ffdc1a43dd1d8bb141a1d.jpeg","Title":"Notizheft quadratisch - Meeresbrise 2","AlternateText":"Notizheft quadratisch - Meeresbrise 2","Style":null,"ExtraField":null,"Id":"6a1ffdc1a43dd1d8bb141a1d","UserFields":[]},"SpecificationAttributeModels":[],"ProductAttributeModels":[],"ReviewOverviewModel":{"ProductId":"6a1ff154a43dd1d8bbb2ca77","RatingSum":0,"TotalReviews":0,"AvgRating":0,"AllowCustomerReviews":true,"UserFields":[]},"Id":"6a1ff154a43dd1d8bbb2ca77","UserFields":[]},{"Name":"Klemmbrett A5 \u0026 Notizblock Meeresbrise","ShortDescription":"Klemmbrett A5 \u0026 Notizblock Meeresbrise","FullDescription":"\u003C!-- x-tinymce/html --\u003E\u003Cp\u003EDieses Klemmbrett eignet sich perfekt f\u00FCr Notizbl\u00F6cke und Hefte im Format A5 und l\u00E4sst sich einfach an der Wand befestigen. So bleibt dein Schreibtisch frei und wichtige Unterlagen sind jederzeit griffbereit.\u003C/p\u003E\r\n\u003Cp\u003EF\u00FCr mein handgefertigtes A5 Notizblock-Design \u201EMeeresbrise\u201C habe ich Aquarellfarben, eigene Fotografien aus Schottland und ausgew\u00E4hlte Elemente aus meinem pers\u00F6nlichen Fundus miteinander verwoben. So entstand eine vielschichtige Collage, in der sich sanfte Farbt\u00F6ne, dynamische Bewegungen und maritime Motive zu einer harmonischen Bildsprache verbinden.\u003C/p\u003E\r\n\u003Cp\u003EDie Klemmvorrichtung h\u00E4lt deinen Block sicher fest, ohne die Seiten zu besch\u00E4digen. Das stabile, schlanke Design passt in B\u00FCro, Werkstatt oder Zuhause und sorgt f\u00FCr eine ordentliche, aufger\u00E4umte Arbeitsumgebung.\u003C/p\u003E\r\n\u003Cp\u003E\u0026nbsp;\u003C/p\u003E\r\n\u003Cp\u003EBitte beachte, dass Farben je nach Bildschirmeinstellung leicht abweichen k\u00F6nnen.\u003C/p\u003E\u003Cp\u003E\u003Cbr\u003E\u003C/p\u003E\r\n\u003Cp\u003E\u003Cstrong style=\u0022font-size: 0.875rem;\u0022\u003EHauptmerkmale Klemmbrett:\u003C/strong\u003E\u003C/p\u003E\r\n\u003Cblockquote\u003E\r\n\u003Cul\u003E\r\n\u003Cli\u003E15 x 16 cm | 3mm dick\u003C/li\u003E\r\n\u003Cli\u003EPowercraft 3.0 mm\u003C/li\u003E\r\n\u003Cli\u003EHalterung entlang der oberen Kante\u003C/li\u003E\r\n\u003Cli\u003EEntworfen und hergestellt in der Schweiz\u003C/li\u003E\r\n\u003Cli\u003Emit Notizblock A5 / Meeresbrise\u003C/li\u003E\r\n\u003Cli\u003Eohne Dekomaterial (Kugelschreiber)\u003C/li\u003E\r\n\u003C/ul\u003E\u003C/blockquote\u003E\r\n    \r\n","SeName":"klemmbrett-a5-notizblock-meeresbrise","Url":"/de/klemmbrett-a5-notizblock-meeresbrise","ProductType":0,"MarkAsNew":false,"Sku":"KLB-26001","Flag":null,"Gtin":null,"Mpn":null,"BrandName":"","IsFreeShipping":false,"ShowSku":false,"ShowQty":false,"LowStock":false,"EndTime":"2099-01-01T00:00:00Z","EndTimeLocalTime":"2099-01-01T01:00:00","TaxDisplayType":10,"Interval":0,"IntervalUnitId":0,"ProductPrice":{"OldPrice":null,"OldPriceValue":0,"CatalogPrice":null,"Price":"CHF 17.80","CallForPrice":false,"PriceValue":17.8,"PriceIncludesTax":false,"StartPrice":null,"StartPriceValue":0,"HighestBid":null,"HighestBidValue":0,"BasePricePAngV":null,"DisableBuyButton":false,"DisableWishlistButton":false,"DisableAddToCompareListButton":true,"AvailableForPreOrder":false,"PreOrderDateTimeUtc":null,"ForceRedirectionAfterAddingToCart":false,"AppliedDiscounts":[],"PreferredTierPrice":null,"UserFields":[]},"DefaultPictureModel":{"ImageUrl":"/assets/images/thumbs/klemmbrett-a5-notizblock-meeresbrise_6a1ff313a43dd1d8bbce4172_415.jpeg","ThumbImageUrl":null,"FullSizeImageUrl":"/assets/images/thumbs/klemmbrett-a5-notizblock-meeresbrise_6a1ff313a43dd1d8bbce4172.jpeg","Title":"Klemmbrett A5 \u0026 Notizblock Meeresbrise 1","AlternateText":"Klemmbrett A5 \u0026 Notizblock Meeresbrise 1","Style":null,"ExtraField":null,"Id":"6a1ff313a43dd1d8bbce4172","UserFields":[]},"SecondPictureModel":{"ImageUrl":"/assets/images/thumbs/klemmbrett-a5-notizblock-meeresbrise_6a1ffd69a43dd1d8bb0ae866_415.jpeg","ThumbImageUrl":null,"FullSizeImageUrl":"/assets/images/thumbs/klemmbrett-a5-notizblock-meeresbrise_6a1ffd69a43dd1d8bb0ae866.jpeg","Title":"Klemmbrett A5 \u0026 Notizblock Meeresbrise 2","AlternateText":"Klemmbrett A5 \u0026 Notizblock Meeresbrise 2","Style":null,"ExtraField":null,"Id":"6a1ffd69a43dd1d8bb0ae866","UserFields":[]},"SpecificationAttributeModels":[],"ProductAttributeModels":[],"ReviewOverviewModel":{"ProductId":"6a1ff2f6a43dd1d8bbce26ac","RatingSum":0,"TotalReviews":0,"AvgRating":0,"AllowCustomerReviews":true,"UserFields":[]},"Id":"6a1ff2f6a43dd1d8bbce26ac","UserFields":[]},{"Name":"Notizblock A5 - Meeresbrise","ShortDescription":"Notizblock A5 - Meeresbrise","FullDescription":"\u003C!-- x-tinymce/html --\u003E\u003Cp\u003ELass deine Ideen aufbl\u00FChen mit unserem A5-Notizblock, dann auch als Briefpapier verwendet werden.\u003C/p\u003E\r\n\u003Cp\u003EF\u00FCr mein handgefertigtes A5\u003Cspan style=\u0022font-family: \u0027Cambria Math\u0027,serif; mso-bidi-font-family: \u0027Cambria Math\u0027;\u0022\u003E\u2011\u003C/span\u003ENotizheft-Design \u201EMeeresbrise\u201C habe ich Aquarellfarben, eigene Fotografien aus Schottland und ausgew\u00E4hlte Elemente aus meinem pers\u00F6nlichen Fundus miteinander verwoben. So entstand eine vielschichtige Collage, in der sich sanfte Farbt\u00F6ne, dynamische Bewegungen und maritime Motive zu einer harmonischen Bildsprache verbinden.\u003C/p\u003E\u003Cp\u003E\u003Cbr\u003E\u003C/p\u003E\r\n\u003Cp\u003E\u003Cstrong style=\u0022font-size: 0.875rem;\u0022\u003EHauptmerkmale:\u003C/strong\u003E\u003C/p\u003E\r\n\u003Cblockquote\u003E\r\n\u003Cul\u003E\r\n\u003Cli\u003EA5 (14.8 x 21.0cm)\u003C/li\u003E\r\n\u003Cli\u003E90g Papier\u003C/li\u003E\r\n\u003Cli\u003EEntlang der oberen Kante geklebt\u003C/li\u003E\r\n\u003Cli\u003E50 abtrennbare Seiten\u003C/li\u003E\r\n\u003Cli\u003ER\u00FCckwand aus Karton\u003C/li\u003E\r\n\u003Cli\u003EEntworfen und in der hergestellt Schweiz\u003Cbr\u003E\u003C/li\u003E\r\n\u003Cli\u003Eohne Kugelschreiber oder Dekomaterial\u003C/li\u003E\r\n\u003C/ul\u003E\u003C/blockquote\u003E\r\n    \r\n","SeName":"notizblock-a5-meeresbrise","Url":"/de/notizblock-a5-meeresbrise","ProductType":0,"MarkAsNew":false,"Sku":"NB-26001","Flag":null,"Gtin":null,"Mpn":null,"BrandName":"","IsFreeShipping":false,"ShowSku":false,"ShowQty":false,"LowStock":false,"EndTime":"2099-01-01T00:00:00Z","EndTimeLocalTime":"2099-01-01T01:00:00","TaxDisplayType":10,"Interval":0,"IntervalUnitId":0,"ProductPrice":{"OldPrice":null,"OldPriceValue":0,"CatalogPrice":null,"Price":"CHF 9.90","CallForPrice":false,"PriceValue":9.9,"PriceIncludesTax":false,"StartPrice":null,"StartPriceValue":0,"HighestBid":null,"HighestBidValue":0,"BasePricePAngV":null,"DisableBuyButton":false,"DisableWishlistButton":false,"DisableAddToCompareListButton":true,"AvailableForPreOrder":false,"PreOrderDateTimeUtc":null,"ForceRedirectionAfterAddingToCart":false,"AppliedDiscounts":[],"PreferredTierPrice":null,"UserFields":[]},"DefaultPictureModel":{"ImageUrl":"/assets/images/thumbs/notizblock-a5-meeresbrise_6a1ff777a43dd1d8bbe59c8c_415.jpeg","ThumbImageUrl":null,"FullSizeImageUrl":"/assets/images/thumbs/notizblock-a5-meeresbrise_6a1ff777a43dd1d8bbe59c8c.jpeg","Title":"Notizblock A5 - Meeresbrise 1","AlternateText":"Notizblock A5 - Meeresbrise 1","Style":null,"ExtraField":null,"Id":"6a1ff777a43dd1d8bbe59c8c","UserFields":[]},"SecondPictureModel":{"ImageUrl":null,"ThumbImageUrl":null,"FullSizeImageUrl":null,"Title":null,"AlternateText":null,"Style":null,"ExtraField":null,"Id":null,"UserFields":[]},"SpecificationAttributeModels":[],"ProductAttributeModels":[],"ReviewOverviewModel":{"ProductId":"6a1ff760a43dd1d8bbe581c5","RatingSum":0,"TotalReviews":0,"AvgRating":0,"AllowCustomerReviews":true,"UserFields":[]},"Id":"6a1ff760a43dd1d8bbe581c5","UserFields":[]}],"Id":"66a2b39af8412264632f4b48","UserFields":[]}