{"ParentCategoryId":"66a2b39af8412264632f42af","Name":"Outdoor \u0026 Gartenarbeit","Description":"Verwandeln Sie Ihre Outdoor-Oase mit handgefertigten Garten-Essentials. Entdecken Sie einzigartige Dekoration und Werkzeuge, gefertigt von Handwerkern f\u00FCr Ihren Au\u00DFenbereich.","BottomDescription":null,"MetaKeywords":null,"MetaDescription":"Verwandeln Sie Ihre Outdoor-Oase mit handgefertigten Garten-Essentials. Entdecken Sie einzigartige Dekoration und Werkzeuge, gefertigt von Handwerkern f\u00FCr Ihren Au\u00DFenbereich.","MetaTitle":"Outdoor \u0026 Gartenarbeit","SeName":"outdoor-and-gartenarbeit","Flag":null,"FlagStyle":null,"Icon":null,"PictureModel":{"ImageUrl":null,"ThumbImageUrl":null,"FullSizeImageUrl":null,"Title":null,"AlternateText":null,"Style":null,"ExtraField":null,"Id":null,"UserFields":[]},"PagingFilteringContext":{"SpecificationFilter":{"Enabled":false,"AlreadyFilteredItems":[],"NotFilteredItems":[],"RemoveFilterUrl":null,"UserFields":[]},"AllowProductSorting":true,"AvailableSortOptions":[{"Disabled":false,"Group":null,"Selected":true,"Text":"Position","Value":"/de/outdoor-and-gartenarbeit?orderby=0"},{"Disabled":false,"Group":null,"Selected":false,"Text":"Name: A to Z","Value":"/de/outdoor-and-gartenarbeit?orderby=5"},{"Disabled":false,"Group":null,"Selected":false,"Text":"Name: Z to A","Value":"/de/outdoor-and-gartenarbeit?orderby=6"},{"Disabled":false,"Group":null,"Selected":false,"Text":"Price: Low to High","Value":"/de/outdoor-and-gartenarbeit?orderby=10"},{"Disabled":false,"Group":null,"Selected":false,"Text":"Price: High to Low","Value":"/de/outdoor-and-gartenarbeit?orderby=11"},{"Disabled":false,"Group":null,"Selected":false,"Text":"Created on","Value":"/de/outdoor-and-gartenarbeit?orderby=15"},{"Disabled":false,"Group":null,"Selected":false,"Text":"Best Sellers","Value":"/de/outdoor-and-gartenarbeit?orderby=20"},{"Disabled":false,"Group":null,"Selected":false,"Text":"Most Viewed","Value":"/de/outdoor-and-gartenarbeit?orderby=25"},{"Disabled":false,"Group":null,"Selected":false,"Text":"On Sale","Value":"/de/outdoor-and-gartenarbeit?orderby=30"},{"Disabled":false,"Group":null,"Selected":false,"Text":"Rating","Value":"/de/outdoor-and-gartenarbeit?orderby=40"}],"AllowProductViewModeChanging":true,"AvailableViewModes":[{"Disabled":false,"Group":null,"Selected":true,"Text":"Tabelle","Value":"/de/outdoor-and-gartenarbeit?viewmode=grid"},{"Disabled":false,"Group":null,"Selected":false,"Text":"Liste","Value":"/de/outdoor-and-gartenarbeit?viewmode=list"}],"AllowCustomersToSelectPageSize":false,"PageSizeOptions":[],"OrderBy":0,"Rating":null,"RatingOptions":[],"ViewMode":"grid","FirstItem":1,"HasNextPage":false,"HasPreviousPage":false,"LastItem":8,"PageIndex":0,"PageNumber":1,"PageSize":12,"TotalItems":8,"TotalPages":1},"DisplayCategoryBreadcrumb":true,"CategoryBreadcrumb":[{"ParentCategoryId":null,"Name":"Haus \u0026 Wohnen","Description":null,"BottomDescription":null,"MetaKeywords":null,"MetaDescription":null,"MetaTitle":null,"SeName":"haus-and-wohnen","Flag":null,"FlagStyle":null,"Icon":null,"PictureModel":{"ImageUrl":null,"ThumbImageUrl":null,"FullSizeImageUrl":null,"Title":null,"AlternateText":null,"Style":null,"ExtraField":null,"Id":null,"UserFields":[]},"PagingFilteringContext":{"SpecificationFilter":{"Enabled":false,"AlreadyFilteredItems":[],"NotFilteredItems":[],"RemoveFilterUrl":null,"UserFields":[]},"AllowProductSorting":false,"AvailableSortOptions":[],"AllowProductViewModeChanging":false,"AvailableViewModes":[],"AllowCustomersToSelectPageSize":false,"PageSizeOptions":[],"OrderBy":null,"Rating":null,"RatingOptions":[],"ViewMode":null,"FirstItem":0,"HasNextPage":false,"HasPreviousPage":false,"LastItem":0,"PageIndex":0,"PageNumber":0,"PageSize":0,"TotalItems":0,"TotalPages":0},"DisplayCategoryBreadcrumb":false,"CategoryBreadcrumb":[],"SubCategories":[],"FeaturedProducts":[],"Products":[],"Id":"66a2b39af8412264632f42af","UserFields":[]},{"ParentCategoryId":null,"Name":"Outdoor \u0026 Gartenarbeit","Description":null,"BottomDescription":null,"MetaKeywords":null,"MetaDescription":null,"MetaTitle":null,"SeName":"outdoor-and-gartenarbeit","Flag":null,"FlagStyle":null,"Icon":null,"PictureModel":{"ImageUrl":null,"ThumbImageUrl":null,"FullSizeImageUrl":null,"Title":null,"AlternateText":null,"Style":null,"ExtraField":null,"Id":null,"UserFields":[]},"PagingFilteringContext":{"SpecificationFilter":{"Enabled":false,"AlreadyFilteredItems":[],"NotFilteredItems":[],"RemoveFilterUrl":null,"UserFields":[]},"AllowProductSorting":false,"AvailableSortOptions":[],"AllowProductViewModeChanging":false,"AvailableViewModes":[],"AllowCustomersToSelectPageSize":false,"PageSizeOptions":[],"OrderBy":null,"Rating":null,"RatingOptions":[],"ViewMode":null,"FirstItem":0,"HasNextPage":false,"HasPreviousPage":false,"LastItem":0,"PageIndex":0,"PageNumber":0,"PageSize":0,"TotalItems":0,"TotalPages":0},"DisplayCategoryBreadcrumb":false,"CategoryBreadcrumb":[],"SubCategories":[],"FeaturedProducts":[],"Products":[],"Id":"66a2b39af8412264632f4612","UserFields":[]}],"SubCategories":[],"FeaturedProducts":[],"Products":[{"Name":"Teelichthalter","ShortDescription":"Teelichthalter aus Beton","FullDescription":"\u003Cp\u003ETeelichthalter aus Beton\u0026nbsp;\u003C/p\u003E\u003Cp\u003EH10cm/B7cm\u003C/p\u003E","SeName":"teelichthalter","Url":"/de/teelichthalter","ProductType":0,"MarkAsNew":false,"Sku":null,"Flag":null,"Gtin":null,"Mpn":null,"BrandName":"","IsFreeShipping":false,"ShowSku":false,"ShowQty":false,"LowStock":false,"EndTime":"2099-01-01T00:00:00Z","EndTimeLocalTime":"2099-01-01T01:00:00","TaxDisplayType":10,"Interval":0,"IntervalUnitId":0,"ProductPrice":{"OldPrice":null,"OldPriceValue":0,"CatalogPrice":null,"Price":"CHF 15.00","CallForPrice":false,"PriceValue":15,"PriceIncludesTax":false,"StartPrice":null,"StartPriceValue":0,"HighestBid":null,"HighestBidValue":0,"BasePricePAngV":null,"DisableBuyButton":false,"DisableWishlistButton":false,"DisableAddToCompareListButton":true,"AvailableForPreOrder":false,"PreOrderDateTimeUtc":null,"ForceRedirectionAfterAddingToCart":false,"AppliedDiscounts":[],"PreferredTierPrice":null,"UserFields":[]},"DefaultPictureModel":{"ImageUrl":"/assets/images/thumbs/teelichthalter_6714c9688f50738cdbd53856_415.jpeg","ThumbImageUrl":null,"FullSizeImageUrl":"/assets/images/thumbs/teelichthalter_6714c9688f50738cdbd53856.jpeg","Title":"Teelichthalter 1","AlternateText":"Teelichthalter 1","Style":null,"ExtraField":null,"Id":"6714c9688f50738cdbd53856","UserFields":[]},"SecondPictureModel":{"ImageUrl":"/assets/images/thumbs/teelichthalter_6714c96a8f50738cdbd53875_415.jpeg","ThumbImageUrl":null,"FullSizeImageUrl":"/assets/images/thumbs/teelichthalter_6714c96a8f50738cdbd53875.jpeg","Title":"Teelichthalter 2","AlternateText":"Teelichthalter 2","Style":null,"ExtraField":null,"Id":"6714c96a8f50738cdbd53875","UserFields":[]},"SpecificationAttributeModels":[],"ProductAttributeModels":[],"ReviewOverviewModel":{"ProductId":"6714c9028f50738cdbd523d6","RatingSum":0,"TotalReviews":0,"AvgRating":0,"AllowCustomerReviews":true,"UserFields":[]},"Id":"6714c9028f50738cdbd523d6","UserFields":[]},{"Name":"Teelichthalter","ShortDescription":"2\u00D7Teelichthalter Heuser","FullDescription":"\r\n    \u003Cp\u003EIch Verkaufe diese wundersch\u00F6nen Handgefertigte Deko Heuser aus Materiall Raysin in farbe Weiss.\u003C/p\u003E\u003Cp\u003EGrosse Haus L19cm/B10cm\u003C/p\u003E\u003Cp\u003EKleine Haus L16cm/B10cm\u003C/p\u003E\u003Cp\u003E\u003Cbr\u003E\u003C/p\u003E\r\n","SeName":"teelichthalter-1","Url":"/de/teelichthalter-1","ProductType":0,"MarkAsNew":false,"Sku":null,"Flag":null,"Gtin":null,"Mpn":null,"BrandName":"","IsFreeShipping":false,"ShowSku":false,"ShowQty":false,"LowStock":false,"EndTime":"2099-01-01T00:00:00Z","EndTimeLocalTime":"2099-01-01T01:00:00","TaxDisplayType":10,"Interval":0,"IntervalUnitId":0,"ProductPrice":{"OldPrice":null,"OldPriceValue":0,"CatalogPrice":null,"Price":"CHF 35.00","CallForPrice":false,"PriceValue":35,"PriceIncludesTax":false,"StartPrice":null,"StartPriceValue":0,"HighestBid":null,"HighestBidValue":0,"BasePricePAngV":null,"DisableBuyButton":false,"DisableWishlistButton":false,"DisableAddToCompareListButton":true,"AvailableForPreOrder":false,"PreOrderDateTimeUtc":null,"ForceRedirectionAfterAddingToCart":false,"AppliedDiscounts":[],"PreferredTierPrice":null,"UserFields":[]},"DefaultPictureModel":{"ImageUrl":"/assets/images/thumbs/teelichthalter_672f4dcd5b55f1947a07e822_415.jpeg","ThumbImageUrl":null,"FullSizeImageUrl":"/assets/images/thumbs/teelichthalter_672f4dcd5b55f1947a07e822.jpeg","Title":"Teelichthalter 1","AlternateText":"Teelichthalter 1","Style":null,"ExtraField":null,"Id":"672f4dcd5b55f1947a07e822","UserFields":[]},"SecondPictureModel":{"ImageUrl":"/assets/images/thumbs/teelichthalter_672f4dcd5b55f1947a07e8d0_415.jpeg","ThumbImageUrl":null,"FullSizeImageUrl":"/assets/images/thumbs/teelichthalter_672f4dcd5b55f1947a07e8d0.jpeg","Title":"Teelichthalter 2","AlternateText":"Teelichthalter 2","Style":null,"ExtraField":null,"Id":"672f4dcd5b55f1947a07e8d0","UserFields":[]},"SpecificationAttributeModels":[],"ProductAttributeModels":[],"ReviewOverviewModel":{"ProductId":"672f4d195b55f1947a078cea","RatingSum":0,"TotalReviews":0,"AvgRating":0,"AllowCustomerReviews":true,"UserFields":[]},"Id":"672f4d195b55f1947a078cea","UserFields":[]},{"Name":"Kartoffel-Balsam 50 ml","ShortDescription":"www.molashandgemacht.ch","FullDescription":"\u003Cp style=\u0022-webkit-tap-highlight-color: rgba(26, 26, 26, 0.3); font-family: Verdana, Arial, Helvetica, sans-serif; font-size: 14px;\u0022\u003EKartoffelbalsam ist eine reichhaltige Pflege f\u00FCr trockene, rissige und strapazierte Haut (H\u00E4nde/F\u00FC\u00DFe), die intensiv Feuchtigkeit spendet und regenerierend wirkt. Er gl\u00E4ttet Hornhaut, wirkt entz\u00FCndungshemmend und sch\u00FCtzt vor dem Austrocknen\u003C/p\u003E\u003Cp style=\u0022-webkit-tap-highlight-color: rgba(26, 26, 26, 0.3); font-family: Verdana, Arial, Helvetica, sans-serif; font-size: 14px;\u0022\u003EZusammensetzung: Kartoffel\u00F6l, Bienenwachs, Vitamin-E, Lavendel\u00F6l\u003C/p\u003E\r\n    \r\n","SeName":"kartoffel-balsam-50-ml","Url":"/de/kartoffel-balsam-50-ml","ProductType":0,"MarkAsNew":false,"Sku":null,"Flag":null,"Gtin":null,"Mpn":null,"BrandName":"","IsFreeShipping":false,"ShowSku":false,"ShowQty":false,"LowStock":false,"EndTime":"2099-01-01T00:00:00Z","EndTimeLocalTime":"2099-01-01T01:00:00","TaxDisplayType":10,"Interval":0,"IntervalUnitId":0,"ProductPrice":{"OldPrice":null,"OldPriceValue":0,"CatalogPrice":null,"Price":"CHF 6.20","CallForPrice":false,"PriceValue":6.2,"PriceIncludesTax":false,"StartPrice":null,"StartPriceValue":0,"HighestBid":null,"HighestBidValue":0,"BasePricePAngV":null,"DisableBuyButton":false,"DisableWishlistButton":false,"DisableAddToCompareListButton":true,"AvailableForPreOrder":false,"PreOrderDateTimeUtc":null,"ForceRedirectionAfterAddingToCart":false,"AppliedDiscounts":[],"PreferredTierPrice":null,"UserFields":[]},"DefaultPictureModel":{"ImageUrl":"/assets/images/thumbs/kartoffel-balsam-50-ml_6a12d06d8f26cb224396f7f4_415.jpeg","ThumbImageUrl":null,"FullSizeImageUrl":"/assets/images/thumbs/kartoffel-balsam-50-ml_6a12d06d8f26cb224396f7f4.jpeg","Title":"Kartoffel-Balsam 50 ml 1","AlternateText":"Kartoffel-Balsam 50 ml 1","Style":null,"ExtraField":null,"Id":"6a12d06d8f26cb224396f7f4","UserFields":[]},"SecondPictureModel":{"ImageUrl":null,"ThumbImageUrl":null,"FullSizeImageUrl":null,"Title":null,"AlternateText":null,"Style":null,"ExtraField":null,"Id":null,"UserFields":[]},"SpecificationAttributeModels":[],"ProductAttributeModels":[],"ReviewOverviewModel":{"ProductId":"6a12d01b8f26cb22439277e2","RatingSum":0,"TotalReviews":0,"AvgRating":0,"AllowCustomerReviews":true,"UserFields":[]},"Id":"6a12d01b8f26cb22439277e2","UserFields":[]},{"Name":"Kaffeeseife (Neutralisierend)","ShortDescription":"www.molashandgemacht.ch","FullDescription":"\r\n    \u003Cp style=\u0022-webkit-tap-highlight-color: rgba(26, 26, 26, 0.3); font-family: Verdana, Arial, Helvetica, sans-serif; font-size: 14px;\u0022\u003EKaffee ist nicht nur ein nat\u00FCrlicher Wachmacher, sondern auch ein echter Geheimtipp f\u00FCr die Hautpflege. Dank des enthaltenen Kaffeepulvers wirkt sie leicht peelend und zudem kann Kaffeeseife unangenehme Ger\u00FCche neutralisieren \u2013 ideal also f\u00FCr die K\u00FCche oder nach der Gartenarbeit.\u003C/p\u003E\u003Cp style=\u0022-webkit-tap-highlight-color: rgba(26, 26, 26, 0.3); font-family: Verdana, Arial, Helvetica, sans-serif; font-size: 14px;\u0022\u003E\u003Cstrong data-start=\u0022459\u0022 data-end=\u0022473\u0022\u003EAnwendung:\u003C/strong\u003E\u003Cbr data-start=\u0022473\u0022 data-end=\u0022476\u0022\u003EDie Seife wie gewohnt mit Wasser aufsch\u00E4umen und auf der Haut verreiben. Besonders f\u00FCr H\u00E4nde, F\u00FC\u00DFe oder raue Stellen wie Ellenbogen eignet sie sich hervorragend. Nach dem Einmassieren gr\u00FCndlich absp\u00FClen.\u003C/p\u003E\u003Cp style=\u0022-webkit-tap-highlight-color: rgba(26, 26, 26, 0.3); font-family: Verdana, Arial, Helvetica, sans-serif; font-size: 14px;\u0022\u003E\u003Cstrong data-start=\u0022757\u0022 data-end=\u0022766\u0022\u003ETipp:\u003C/strong\u003E\u003Cbr data-start=\u0022766\u0022 data-end=\u0022769\u0022\u003EAuch im Kleiderschrank kann ein St\u00FCck Kaffeeseife f\u00FCr einen angenehmen, dezenten Duft sorgen.\u003C/p\u003E\u003Cp style=\u0022-webkit-tap-highlight-color: rgba(26, 26, 26, 0.3); font-family: Verdana, Arial, Helvetica, sans-serif; font-size: 14px;\u0022\u003E\u0026nbsp;\u003C/p\u003E\u003Cp style=\u0022-webkit-tap-highlight-color: rgba(26, 26, 26, 0.3); font-family: Verdana, Arial, Helvetica, sans-serif; font-size: 14px;\u0022\u003EZusammensetzung: Seifenlauge, Kaffeesatz, Duft\u00F6l\u003C/p\u003E\u003Cp style=\u0022-webkit-tap-highlight-color: rgba(26, 26, 26, 0.3); font-family: Verdana, Arial, Helvetica, sans-serif; font-size: 14px;\u0022\u003E\u003Cbr\u003E\u003C/p\u003E\u003Cp style=\u0022-webkit-tap-highlight-color: rgba(26, 26, 26, 0.3); font-family: Verdana, Arial, Helvetica, sans-serif; font-size: 14px;\u0022\u003EErh\u00E4ltlich in folgenden D\u00FCften:\u0026nbsp;\u003C/p\u003E\u003Cp style=\u0022-webkit-tap-highlight-color: rgba(26, 26, 26, 0.3); font-family: Verdana, Arial, Helvetica, sans-serif; font-size: 14px;\u0022\u003E\u003Cbr\u003E\u003C/p\u003E\u003Cp style=\u0022-webkit-tap-highlight-color: rgba(26, 26, 26, 0.3); font-family: Verdana, Arial, Helvetica, sans-serif; font-size: 14px;\u0022\u003E34: Lavendel\u003C/p\u003E\u003Cp style=\u0022-webkit-tap-highlight-color: rgba(26, 26, 26, 0.3); font-family: Verdana, Arial, Helvetica, sans-serif; font-size: 14px;\u0022\u003E36: Orange\u003C/p\u003E\u003Cp style=\u0022-webkit-tap-highlight-color: rgba(26, 26, 26, 0.3); font-family: Verdana, Arial, Helvetica, sans-serif; font-size: 14px;\u0022\u003E38: Zitrone\u003C/p\u003E\u003Cp style=\u0022-webkit-tap-highlight-color: rgba(26, 26, 26, 0.3); font-family: Verdana, Arial, Helvetica, sans-serif; font-size: 14px;\u0022\u003E40: Frische-Kick\u003C/p\u003E\u003Cp style=\u0022-webkit-tap-highlight-color: rgba(26, 26, 26, 0.3); font-family: Verdana, Arial, Helvetica, sans-serif; font-size: 14px;\u0022\u003E42: Vanille\u003C/p\u003E\u003Cp style=\u0022-webkit-tap-highlight-color: rgba(26, 26, 26, 0.3); font-family: Verdana, Arial, Helvetica, sans-serif; font-size: 14px;\u0022\u003E44: Pfefferminze\u003C/p\u003E\u003Cp style=\u0022-webkit-tap-highlight-color: rgba(26, 26, 26, 0.3); font-family: Verdana, Arial, Helvetica, sans-serif; font-size: 14px;\u0022\u003E\u003Cbr\u003E\u003C/p\u003E\u003Cp style=\u0022-webkit-tap-highlight-color: rgba(26, 26, 26, 0.3); font-family: Verdana, Arial, Helvetica, sans-serif; font-size: 14px;\u0022\u003E\u003Cbr\u003E\u003C/p\u003E\r\n    \r\n\r\n","SeName":"kaffeeseife-neutralisierend","Url":"/de/kaffeeseife-neutralisierend","ProductType":0,"MarkAsNew":false,"Sku":null,"Flag":null,"Gtin":null,"Mpn":null,"BrandName":"","IsFreeShipping":false,"ShowSku":false,"ShowQty":false,"LowStock":false,"EndTime":"2099-01-01T00:00:00Z","EndTimeLocalTime":"2099-01-01T01:00:00","TaxDisplayType":10,"Interval":0,"IntervalUnitId":0,"ProductPrice":{"OldPrice":null,"OldPriceValue":0,"CatalogPrice":null,"Price":"CHF 6.10","CallForPrice":false,"PriceValue":6.1,"PriceIncludesTax":false,"StartPrice":null,"StartPriceValue":0,"HighestBid":null,"HighestBidValue":0,"BasePricePAngV":null,"DisableBuyButton":false,"DisableWishlistButton":false,"DisableAddToCompareListButton":true,"AvailableForPreOrder":false,"PreOrderDateTimeUtc":null,"ForceRedirectionAfterAddingToCart":false,"AppliedDiscounts":[],"PreferredTierPrice":null,"UserFields":[]},"DefaultPictureModel":{"ImageUrl":"/assets/images/thumbs/kaffeeseife-neutralisierend_6a1f0f641b124daee9df1018_415.jpeg","ThumbImageUrl":null,"FullSizeImageUrl":"/assets/images/thumbs/kaffeeseife-neutralisierend_6a1f0f641b124daee9df1018.jpeg","Title":"Kaffeeseife (Neutralisierend) 1","AlternateText":"Kaffeeseife (Neutralisierend) 1","Style":null,"ExtraField":null,"Id":"6a1f0f641b124daee9df1018","UserFields":[]},"SecondPictureModel":{"ImageUrl":"/assets/images/thumbs/kaffeeseife-neutralisierend_6a1f0f7c1b124daee9df106a_415.jpeg","ThumbImageUrl":null,"FullSizeImageUrl":"/assets/images/thumbs/kaffeeseife-neutralisierend_6a1f0f7c1b124daee9df106a.jpeg","Title":"Kaffeeseife (Neutralisierend) 2","AlternateText":"Kaffeeseife (Neutralisierend) 2","Style":null,"ExtraField":null,"Id":"6a1f0f7c1b124daee9df106a","UserFields":[]},"SpecificationAttributeModels":[],"ProductAttributeModels":[],"ReviewOverviewModel":{"ProductId":"6a1f0f481b124daee9defbe5","RatingSum":0,"TotalReviews":0,"AvgRating":0,"AllowCustomerReviews":true,"UserFields":[]},"Id":"6a1f0f481b124daee9defbe5","UserFields":[]},{"Name":"M\u00E4des\u00FCss-Salbe 50ml","ShortDescription":"www.molashandgemacht.ch","FullDescription":"\u003Cp style=\u0022-webkit-tap-highlight-color: rgba(26, 26, 26, 0.3); font-family: Verdana, Arial, Helvetica, sans-serif; font-size: 14px;\u0022\u003EM\u00E4des\u00FCss-Salbe 50 ml\u003C/p\u003E\u003Cp style=\u0022-webkit-tap-highlight-color: rgba(26, 26, 26, 0.3); font-family: Verdana, Arial, Helvetica, sans-serif; font-size: 14px;\u0022\u003E\u003Cbr\u003E\u003C/p\u003E\u003Cp style=\u0022-webkit-tap-highlight-color: rgba(26, 26, 26, 0.3); font-family: Verdana, Arial, Helvetica, sans-serif; font-size: 14px;\u0022\u003EM\u00E4des\u00FC\u00DF (Filipendula ulmaria) ist eine Heilpflanze, die traditionell in der Naturheilkunde verwendet wird. Die Salbe wird h\u00E4ufig bei folgenden Beschwerden angewendet:\u003C/p\u003E\u003Cp style=\u0022-webkit-tap-highlight-color: rgba(26, 26, 26, 0.3); font-family: Verdana, Arial, Helvetica, sans-serif; font-size: 14px;\u0022\u003E\u003Cbr\u003E\u003C/p\u003E\u003Cul style=\u0022-webkit-tap-highlight-color: rgba(26, 26, 26, 0.3); font-family: Verdana, Arial, Helvetica, sans-serif; font-size: 14px;\u0022\u003E\u003Cli\u003E\u003Cstrong\u003ESchmerzlinderung\u003C/strong\u003E: M\u00E4des\u00FC\u00DF hat schmerzlindernde Eigenschaften, die bei rheumatischen Erkrankungen, Gelenkschmerzen und Kopfschmerzen helfen k\u00F6nnen.\u003C/li\u003E\u003C/ul\u003E\u003Cp style=\u0022-webkit-tap-highlight-color: rgba(26, 26, 26, 0.3); font-family: Verdana, Arial, Helvetica, sans-serif; font-size: 14px;\u0022\u003E\u0026nbsp;\u003C/p\u003E\u003Cul style=\u0022-webkit-tap-highlight-color: rgba(26, 26, 26, 0.3); font-family: Verdana, Arial, Helvetica, sans-serif; font-size: 14px;\u0022\u003E\u003Cli\u003E\u003Cstrong\u003EEntz\u00FCndungen\u003C/strong\u003E: Die entz\u00FCndungshemmenden Wirkstoffe der Pflanze k\u00F6nnen bei Entz\u00FCndungen der Haut oder Gelenke unterst\u00FCtzend wirken.\u003C/li\u003E\u003C/ul\u003E\u003Cp style=\u0022-webkit-tap-highlight-color: rgba(26, 26, 26, 0.3); font-family: Verdana, Arial, Helvetica, sans-serif; font-size: 14px;\u0022\u003E\u003Cbr\u003E\u003C/p\u003E\u003Cp style=\u0022-webkit-tap-highlight-color: rgba(26, 26, 26, 0.3); font-family: Verdana, Arial, Helvetica, sans-serif; font-size: 14px;\u0022\u003EZusammensetzung : getrockneter M\u00E4des\u00FCssbl\u00FCten und Kraut, Mandel\u00F6l, Bienenwachs, \u00E4therisches \u00D6l ( Vanille )\u003C/p\u003E\r\n    \r\n","SeName":"m\u00E4des\u00FCss-salbe-50ml","Url":"/de/m%C3%A4des%C3%BCss-salbe-50ml","ProductType":0,"MarkAsNew":false,"Sku":null,"Flag":null,"Gtin":null,"Mpn":null,"BrandName":"","IsFreeShipping":false,"ShowSku":false,"ShowQty":false,"LowStock":false,"EndTime":"2099-01-01T00:00:00Z","EndTimeLocalTime":"2099-01-01T01:00:00","TaxDisplayType":10,"Interval":0,"IntervalUnitId":0,"ProductPrice":{"OldPrice":null,"OldPriceValue":0,"CatalogPrice":null,"Price":"CHF 6.40","CallForPrice":false,"PriceValue":6.4,"PriceIncludesTax":false,"StartPrice":null,"StartPriceValue":0,"HighestBid":null,"HighestBidValue":0,"BasePricePAngV":null,"DisableBuyButton":false,"DisableWishlistButton":false,"DisableAddToCompareListButton":true,"AvailableForPreOrder":false,"PreOrderDateTimeUtc":null,"ForceRedirectionAfterAddingToCart":false,"AppliedDiscounts":[],"PreferredTierPrice":null,"UserFields":[]},"DefaultPictureModel":{"ImageUrl":"/assets/images/thumbs/mdesss-salbe-50ml_6a64ccd53c1756786b0328f2_415.jpeg","ThumbImageUrl":null,"FullSizeImageUrl":"/assets/images/thumbs/mdesss-salbe-50ml_6a64ccd53c1756786b0328f2.jpeg","Title":"M\u00E4des\u00FCss-Salbe 50ml 1","AlternateText":"M\u00E4des\u00FCss-Salbe 50ml 1","Style":null,"ExtraField":null,"Id":"6a64ccd53c1756786b0328f2","UserFields":[]},"SecondPictureModel":{"ImageUrl":"/assets/images/thumbs/mdesss-salbe-50ml_6a64cce23c1756786b032944_415.jpeg","ThumbImageUrl":null,"FullSizeImageUrl":"/assets/images/thumbs/mdesss-salbe-50ml_6a64cce23c1756786b032944.jpeg","Title":"M\u00E4des\u00FCss-Salbe 50ml 2","AlternateText":"M\u00E4des\u00FCss-Salbe 50ml 2","Style":null,"ExtraField":null,"Id":"6a64cce23c1756786b032944","UserFields":[]},"SpecificationAttributeModels":[],"ProductAttributeModels":[],"ReviewOverviewModel":{"ProductId":"6a64ccb93c1756786b031942","RatingSum":0,"TotalReviews":0,"AvgRating":0,"AllowCustomerReviews":true,"UserFields":[]},"Id":"6a64ccb93c1756786b031942","UserFields":[]},{"Name":"Getrocknete Zwetschgen 150 Gramm","ShortDescription":"www.molashandgemacht.ch","FullDescription":"\u003Cp\u003EGetrocknete Zwetschgen 150 Gramm\u003C/p\u003E\u003Cp\u003Eschonend getrocknet ohne Zucker.\u0026nbsp;\u003C/p\u003E\u003Cp\u003EAus dem eigenen Garten\u003C/p\u003E","SeName":"getrocknete-zwetschgen-150-gramm","Url":"/de/getrocknete-zwetschgen-150-gramm","ProductType":0,"MarkAsNew":false,"Sku":null,"Flag":null,"Gtin":null,"Mpn":null,"BrandName":"","IsFreeShipping":false,"ShowSku":false,"ShowQty":false,"LowStock":false,"EndTime":"2099-01-01T00:00:00Z","EndTimeLocalTime":"2099-01-01T01:00:00","TaxDisplayType":10,"Interval":0,"IntervalUnitId":0,"ProductPrice":{"OldPrice":null,"OldPriceValue":0,"CatalogPrice":null,"Price":"CHF 8.00","CallForPrice":false,"PriceValue":8,"PriceIncludesTax":false,"StartPrice":null,"StartPriceValue":0,"HighestBid":null,"HighestBidValue":0,"BasePricePAngV":null,"DisableBuyButton":false,"DisableWishlistButton":false,"DisableAddToCompareListButton":true,"AvailableForPreOrder":false,"PreOrderDateTimeUtc":null,"ForceRedirectionAfterAddingToCart":false,"AppliedDiscounts":[],"PreferredTierPrice":null,"UserFields":[]},"DefaultPictureModel":{"ImageUrl":"/assets/images/thumbs/getrocknete-zwetschgen-150-gramm_6a6a516bff05cdeb0d53acd3_415.jpeg","ThumbImageUrl":null,"FullSizeImageUrl":"/assets/images/thumbs/getrocknete-zwetschgen-150-gramm_6a6a516bff05cdeb0d53acd3.jpeg","Title":"Getrocknete Zwetschgen 150 Gramm 1","AlternateText":"Getrocknete Zwetschgen 150 Gramm 1","Style":null,"ExtraField":null,"Id":"6a6a516bff05cdeb0d53acd3","UserFields":[]},"SecondPictureModel":{"ImageUrl":null,"ThumbImageUrl":null,"FullSizeImageUrl":null,"Title":null,"AlternateText":null,"Style":null,"ExtraField":null,"Id":null,"UserFields":[]},"SpecificationAttributeModels":[],"ProductAttributeModels":[],"ReviewOverviewModel":{"ProductId":"6a6a50bcff05cdeb0d538f59","RatingSum":0,"TotalReviews":0,"AvgRating":0,"AllowCustomerReviews":true,"UserFields":[]},"Id":"6a6a50bcff05cdeb0d538f59","UserFields":[]},{"Name":"Unikat Schalm\u00FCtze","ShortDescription":"www.molashandgemacht.ch","FullDescription":"\u003Cp\u003EUnikat Schalm\u00FCtze \u003C/p\u003E\u003Cp\u003Egestrickt, mit Wolle. Nicht kratzend.\u003Cdiv\u003EWaschbar bis 30 Grad.\u0026nbsp;\u003C/div\u003E\u003Cdiv\u003E\u003Cbr\u003E\u003C/div\u003E\u003Cdiv\u003EIn der Gr\u00F6sse f\u00FCr Jugendliche oder Erwachsene.\u0026nbsp;\u003C/div\u003E\u003Cdiv\u003E\u003Cbr\u003E\u003C/div\u003E\u003C/p\u003E","SeName":"unikat-schalm\u00FCtze","Url":"/de/unikat-schalm%C3%BCtze","ProductType":0,"MarkAsNew":true,"Sku":null,"Flag":null,"Gtin":null,"Mpn":null,"BrandName":"","IsFreeShipping":false,"ShowSku":false,"ShowQty":false,"LowStock":false,"EndTime":"2126-08-19T14:42:10.151Z","EndTimeLocalTime":"2126-08-19T16:42:10.151","TaxDisplayType":10,"Interval":0,"IntervalUnitId":0,"ProductPrice":{"OldPrice":null,"OldPriceValue":0,"CatalogPrice":null,"Price":"CHF 33.00","CallForPrice":false,"PriceValue":33,"PriceIncludesTax":false,"StartPrice":null,"StartPriceValue":0,"HighestBid":null,"HighestBidValue":0,"BasePricePAngV":null,"DisableBuyButton":false,"DisableWishlistButton":false,"DisableAddToCompareListButton":true,"AvailableForPreOrder":false,"PreOrderDateTimeUtc":null,"ForceRedirectionAfterAddingToCart":false,"AppliedDiscounts":[],"PreferredTierPrice":null,"UserFields":[]},"DefaultPictureModel":{"ImageUrl":"/assets/images/thumbs/unikat-schalmtze_6a85a4e65f631a2c2e707104_415.jpeg","ThumbImageUrl":null,"FullSizeImageUrl":"/assets/images/thumbs/unikat-schalmtze_6a85a4e65f631a2c2e707104.jpeg","Title":"Unikat Schalm\u00FCtze 1","AlternateText":"Unikat Schalm\u00FCtze 1","Style":null,"ExtraField":null,"Id":"6a85a4e65f631a2c2e707104","UserFields":[]},"SecondPictureModel":{"ImageUrl":"/assets/images/thumbs/unikat-schalmtze_6a85a5165f631a2c2e74dc93_415.jpeg","ThumbImageUrl":null,"FullSizeImageUrl":"/assets/images/thumbs/unikat-schalmtze_6a85a5165f631a2c2e74dc93.jpeg","Title":"Unikat Schalm\u00FCtze 2","AlternateText":"Unikat Schalm\u00FCtze 2","Style":null,"ExtraField":null,"Id":"6a85a5165f631a2c2e74dc93","UserFields":[]},"SpecificationAttributeModels":[],"ProductAttributeModels":[],"ReviewOverviewModel":{"ProductId":"6a859dce5f631a2c2e32fa6d","RatingSum":0,"TotalReviews":0,"AvgRating":0,"AllowCustomerReviews":true,"UserFields":[]},"Id":"6a859dce5f631a2c2e32fa6d","UserFields":[]},{"Name":"UNIKAT Schalm\u00FCtze","ShortDescription":"www.molashandgemacht.ch","FullDescription":"\u003Cp style=\u0022border-color: var(--color-gray-200, currentColor); border-image-source: none;\u0022\u003EUnikat Schalm\u00FCtze\u0026nbsp;\u003C/p\u003E\u003Cp style=\u0022border-color: var(--color-gray-200, currentColor); border-image-source: none;\u0022\u003Egestrickt, mit Wolle. Nicht kratzend.\u003C/p\u003E\u003Cdiv style=\u0022border-color: var(--color-gray-200, currentColor); border-image-source: none;\u0022\u003EWaschbar bis 30 Grad.\u0026nbsp;\u003C/div\u003E\u003Cdiv style=\u0022border-color: var(--color-gray-200, currentColor); border-image-source: none;\u0022\u003E\u003Cbr style=\u0022border-color: var(--color-gray-200, currentColor); border-image-source: none;\u0022\u003E\u003C/div\u003E\u003Cdiv style=\u0022border-color: var(--color-gray-200, currentColor); border-image-source: none;\u0022\u003EIn der Gr\u00F6sse f\u00FCr Jugendliche oder Erwachsene.\u0026nbsp;\u003C/div\u003E\u003Cdiv\u003E\u003Cbr\u003E\u003C/div\u003E\r\n    \r\n","SeName":"unikat-schalm\u00FCtze-1","Url":"/de/unikat-schalm%C3%BCtze-1","ProductType":0,"MarkAsNew":true,"Sku":null,"Flag":null,"Gtin":null,"Mpn":null,"BrandName":"","IsFreeShipping":false,"ShowSku":false,"ShowQty":false,"LowStock":false,"EndTime":"2126-08-23T11:08:45.035Z","EndTimeLocalTime":"2126-08-23T13:08:45.035","TaxDisplayType":10,"Interval":0,"IntervalUnitId":0,"ProductPrice":{"OldPrice":null,"OldPriceValue":0,"CatalogPrice":null,"Price":"CHF 33.00","CallForPrice":false,"PriceValue":33,"PriceIncludesTax":false,"StartPrice":null,"StartPriceValue":0,"HighestBid":null,"HighestBidValue":0,"BasePricePAngV":null,"DisableBuyButton":false,"DisableWishlistButton":false,"DisableAddToCompareListButton":true,"AvailableForPreOrder":false,"PreOrderDateTimeUtc":null,"ForceRedirectionAfterAddingToCart":false,"AppliedDiscounts":[],"PreferredTierPrice":null,"UserFields":[]},"DefaultPictureModel":{"ImageUrl":"/assets/images/thumbs/unikat-schalmtze_6a8ab8b6007311a2b57a8fca_415.jpeg","ThumbImageUrl":null,"FullSizeImageUrl":"/assets/images/thumbs/unikat-schalmtze_6a8ab8b6007311a2b57a8fca.jpeg","Title":"UNIKAT Schalm\u00FCtze 1","AlternateText":"UNIKAT Schalm\u00FCtze 1","Style":null,"ExtraField":null,"Id":"6a8ab8b6007311a2b57a8fca","UserFields":[]},"SecondPictureModel":{"ImageUrl":"/assets/images/thumbs/unikat-schalmtze_6a8ab8c7007311a2b57a901e_415.jpeg","ThumbImageUrl":null,"FullSizeImageUrl":"/assets/images/thumbs/unikat-schalmtze_6a8ab8c7007311a2b57a901e.jpeg","Title":"UNIKAT Schalm\u00FCtze 2","AlternateText":"UNIKAT Schalm\u00FCtze 2","Style":null,"ExtraField":null,"Id":"6a8ab8c7007311a2b57a901e","UserFields":[]},"SpecificationAttributeModels":[],"ProductAttributeModels":[],"ReviewOverviewModel":{"ProductId":"6a8ab86f007311a2b57a742d","RatingSum":0,"TotalReviews":0,"AvgRating":0,"AllowCustomerReviews":true,"UserFields":[]},"Id":"6a8ab86f007311a2b57a742d","UserFields":[]}],"Id":"66a2b39af8412264632f4612","UserFields":[]}