{"ParentCategoryId":"67e029ed1b6988643a5ad162","Name":"Mehr","Description":null,"BottomDescription":null,"MetaKeywords":null,"MetaDescription":null,"MetaTitle":null,"SeName":"mehr-b6bda66f-6d15-4b5d-b29e-8c53bcd3f145","Flag":null,"FlagStyle":null,"Icon":null,"PictureModel":{"ImageUrl":null,"ThumbImageUrl":null,"FullSizeImageUrl":null,"Title":null,"AlternateText":null,"Style":null,"ExtraField":null,"Id":null,"UserFields":[]},"PagingFilteringContext":{"SpecificationFilter":{"Enabled":false,"AlreadyFilteredItems":[],"NotFilteredItems":[],"RemoveFilterUrl":null,"UserFields":[]},"AllowProductSorting":true,"AvailableSortOptions":[{"Disabled":false,"Group":null,"Selected":true,"Text":"Position","Value":"/de/mehr-b6bda66f-6d15-4b5d-b29e-8c53bcd3f145?orderby=0"},{"Disabled":false,"Group":null,"Selected":false,"Text":"Name: A to Z","Value":"/de/mehr-b6bda66f-6d15-4b5d-b29e-8c53bcd3f145?orderby=5"},{"Disabled":false,"Group":null,"Selected":false,"Text":"Name: Z to A","Value":"/de/mehr-b6bda66f-6d15-4b5d-b29e-8c53bcd3f145?orderby=6"},{"Disabled":false,"Group":null,"Selected":false,"Text":"Price: Low to High","Value":"/de/mehr-b6bda66f-6d15-4b5d-b29e-8c53bcd3f145?orderby=10"},{"Disabled":false,"Group":null,"Selected":false,"Text":"Price: High to Low","Value":"/de/mehr-b6bda66f-6d15-4b5d-b29e-8c53bcd3f145?orderby=11"},{"Disabled":false,"Group":null,"Selected":false,"Text":"Created on","Value":"/de/mehr-b6bda66f-6d15-4b5d-b29e-8c53bcd3f145?orderby=15"},{"Disabled":false,"Group":null,"Selected":false,"Text":"Best Sellers","Value":"/de/mehr-b6bda66f-6d15-4b5d-b29e-8c53bcd3f145?orderby=20"},{"Disabled":false,"Group":null,"Selected":false,"Text":"Most Viewed","Value":"/de/mehr-b6bda66f-6d15-4b5d-b29e-8c53bcd3f145?orderby=25"},{"Disabled":false,"Group":null,"Selected":false,"Text":"On Sale","Value":"/de/mehr-b6bda66f-6d15-4b5d-b29e-8c53bcd3f145?orderby=30"},{"Disabled":false,"Group":null,"Selected":false,"Text":"Rating","Value":"/de/mehr-b6bda66f-6d15-4b5d-b29e-8c53bcd3f145?orderby=40"}],"AllowProductViewModeChanging":true,"AvailableViewModes":[{"Disabled":false,"Group":null,"Selected":true,"Text":"Tabelle","Value":"/de/mehr-b6bda66f-6d15-4b5d-b29e-8c53bcd3f145?viewmode=grid"},{"Disabled":false,"Group":null,"Selected":false,"Text":"Liste","Value":"/de/mehr-b6bda66f-6d15-4b5d-b29e-8c53bcd3f145?viewmode=list"}],"AllowCustomersToSelectPageSize":false,"PageSizeOptions":[],"OrderBy":0,"Rating":null,"RatingOptions":[],"ViewMode":"grid","FirstItem":1,"HasNextPage":false,"HasPreviousPage":false,"LastItem":6,"PageIndex":0,"PageNumber":1,"PageSize":12,"TotalItems":6,"TotalPages":1},"DisplayCategoryBreadcrumb":true,"CategoryBreadcrumb":[{"ParentCategoryId":null,"Name":"Bad \u0026 Beauty","Description":null,"BottomDescription":null,"MetaKeywords":null,"MetaDescription":null,"MetaTitle":null,"SeName":"bad-beauty","Flag":null,"FlagStyle":null,"Icon":null,"PictureModel":{"ImageUrl":null,"ThumbImageUrl":null,"FullSizeImageUrl":null,"Title":null,"AlternateText":null,"Style":null,"ExtraField":null,"Id":null,"UserFields":[]},"PagingFilteringContext":{"SpecificationFilter":{"Enabled":false,"AlreadyFilteredItems":[],"NotFilteredItems":[],"RemoveFilterUrl":null,"UserFields":[]},"AllowProductSorting":false,"AvailableSortOptions":[],"AllowProductViewModeChanging":false,"AvailableViewModes":[],"AllowCustomersToSelectPageSize":false,"PageSizeOptions":[],"OrderBy":null,"Rating":null,"RatingOptions":[],"ViewMode":null,"FirstItem":0,"HasNextPage":false,"HasPreviousPage":false,"LastItem":0,"PageIndex":0,"PageNumber":0,"PageSize":0,"TotalItems":0,"TotalPages":0},"DisplayCategoryBreadcrumb":false,"CategoryBreadcrumb":[],"SubCategories":[],"FeaturedProducts":[],"Products":[],"Id":"67e029ed1b6988643a5ad162","UserFields":[]},{"ParentCategoryId":null,"Name":"Mehr","Description":null,"BottomDescription":null,"MetaKeywords":null,"MetaDescription":null,"MetaTitle":null,"SeName":"mehr-b6bda66f-6d15-4b5d-b29e-8c53bcd3f145","Flag":null,"FlagStyle":null,"Icon":null,"PictureModel":{"ImageUrl":null,"ThumbImageUrl":null,"FullSizeImageUrl":null,"Title":null,"AlternateText":null,"Style":null,"ExtraField":null,"Id":null,"UserFields":[]},"PagingFilteringContext":{"SpecificationFilter":{"Enabled":false,"AlreadyFilteredItems":[],"NotFilteredItems":[],"RemoveFilterUrl":null,"UserFields":[]},"AllowProductSorting":false,"AvailableSortOptions":[],"AllowProductViewModeChanging":false,"AvailableViewModes":[],"AllowCustomersToSelectPageSize":false,"PageSizeOptions":[],"OrderBy":null,"Rating":null,"RatingOptions":[],"ViewMode":null,"FirstItem":0,"HasNextPage":false,"HasPreviousPage":false,"LastItem":0,"PageIndex":0,"PageNumber":0,"PageSize":0,"TotalItems":0,"TotalPages":0},"DisplayCategoryBreadcrumb":false,"CategoryBreadcrumb":[],"SubCategories":[],"FeaturedProducts":[],"Products":[],"Id":"67e2603fb67213d7a6939b8d","UserFields":[]}],"SubCategories":[],"FeaturedProducts":[],"Products":[{"Name":"Abschminkpads","ShortDescription":"www.molashandgemacht.ch","FullDescription":"\u003Cp style=\u0022margin-bottom: 1rem; caret-color: rgb(33, 37, 41); color: rgb(33, 37, 41); -webkit-text-size-adjust: 100%; -webkit-tap-highlight-color: rgba(26, 26, 26, 0.3); font-family: Verdana, Arial, Helvetica, sans-serif; font-size: 14px;\u0022\u003EWiedervendbare Abschminkpads im 3er Set.\u0026nbsp;\u003Cbr\u003E\u003Cbr\u003E\u003C/p\u003E\u003Cp style=\u0022margin-bottom: 1rem; caret-color: rgb(33, 37, 41); color: rgb(33, 37, 41); -webkit-text-size-adjust: 100%; -webkit-tap-highlight-color: rgba(26, 26, 26, 0.3); font-family: Verdana, Arial, Helvetica, sans-serif; font-size: 14px;\u0022\u003EAus Baumwolle.\u0026nbsp;\u003Cbr\u003EWaschbar bis 60 Grad.\u0026nbsp;\u003C/p\u003E\u003Cdiv\u003E\u003Cbr\u003E\u003C/div\u003E\r\n    \r\n","SeName":"abschminkpads","Url":"/de/abschminkpads","ProductType":0,"MarkAsNew":false,"Sku":null,"Flag":null,"Gtin":null,"Mpn":null,"BrandName":"","IsFreeShipping":false,"ShowSku":false,"ShowQty":false,"LowStock":false,"EndTime":"2099-01-01T00:00:00Z","EndTimeLocalTime":"2099-01-01T01:00:00","TaxDisplayType":10,"Interval":0,"IntervalUnitId":0,"ProductPrice":{"OldPrice":null,"OldPriceValue":0,"CatalogPrice":null,"Price":"CHF 6.00","CallForPrice":false,"PriceValue":6,"PriceIncludesTax":false,"StartPrice":null,"StartPriceValue":0,"HighestBid":null,"HighestBidValue":0,"BasePricePAngV":null,"DisableBuyButton":false,"DisableWishlistButton":false,"DisableAddToCompareListButton":true,"AvailableForPreOrder":false,"PreOrderDateTimeUtc":null,"ForceRedirectionAfterAddingToCart":false,"AppliedDiscounts":[],"PreferredTierPrice":null,"UserFields":[]},"DefaultPictureModel":{"ImageUrl":"/assets/images/thumbs/abschminkpads_6a1f16dc1b124daee9f9df6f_415.jpeg","ThumbImageUrl":null,"FullSizeImageUrl":"/assets/images/thumbs/abschminkpads_6a1f16dc1b124daee9f9df6f.jpeg","Title":"Abschminkpads 1","AlternateText":"Abschminkpads 1","Style":null,"ExtraField":null,"Id":"6a1f16dc1b124daee9f9df6f","UserFields":[]},"SecondPictureModel":{"ImageUrl":"/assets/images/thumbs/abschminkpads_6a1f16e51b124daee9f9dfc1_415.jpeg","ThumbImageUrl":null,"FullSizeImageUrl":"/assets/images/thumbs/abschminkpads_6a1f16e51b124daee9f9dfc1.jpeg","Title":"Abschminkpads 2","AlternateText":"Abschminkpads 2","Style":null,"ExtraField":null,"Id":"6a1f16e51b124daee9f9dfc1","UserFields":[]},"SpecificationAttributeModels":[],"ProductAttributeModels":[],"ReviewOverviewModel":{"ProductId":"6a1f16cc1b124daee9f9d1cd","RatingSum":0,"TotalReviews":0,"AvgRating":0,"AllowCustomerReviews":true,"UserFields":[]},"Id":"6a1f16cc1b124daee9f9d1cd","UserFields":[]},{"Name":"Tannenspitzsirup 2dl","ShortDescription":"www.molashandgemacht.ch","FullDescription":"\u003Cp style=\u0022-webkit-tap-highlight-color: rgba(26, 26, 26, 0.3); font-family: Verdana, Arial, Helvetica, sans-serif; font-size: 14px;\u0022\u003E\u003Cb\u003ETannenspitzsirup 2dl\u0026nbsp;\u003C/b\u003E\u003C/p\u003E\u003Cp style=\u0022-webkit-tap-highlight-color: rgba(26, 26, 26, 0.3); font-family: Verdana, Arial, Helvetica, sans-serif; font-size: 14px;\u0022\u003E\u003Cbr\u003E\u003C/p\u003E\u003Cul class=\u0022\u0022 data-sfc-root=\u0022ep\u0022 data-sfc-cb=\u0022\u0022 data-complete=\u0022true\u0022 data-processed=\u0022true\u0022 data-copy-service-computed-style=\u0022font-family: \u0026quot;Google Sans\u0026quot;, \u0026quot;Helvetica Neue\u0026quot;, sans-serif; font-size: 16px; font-weight: 400; margin: 12px 0px 16px; text-decoration: none; border-bottom: 0px rgb(10, 10, 10);\u0022 style=\u0022-webkit-tap-highlight-color: rgba(26, 26, 26, 0.3); font-family: Verdana, Arial, Helvetica, sans-serif; font-size: 14px;\u0022\u003E\u003Cli class=\u0022\u0022 data-sfc-cp=\u0022\u0022 data-sfc-root=\u0022ep\u0022 data-sfc-cb=\u0022\u0022 data-hveid=\u0022CAIIAAgDEAA\u0022 data-complete=\u0022true\u0022 data-sae=\u0022\u0022 data-copy-service-computed-style=\u0022font-family: \u0026quot;Google Sans\u0026quot;, \u0026quot;Helvetica Neue\u0026quot;, sans-serif; font-size: 16px; font-weight: 400; margin: 0px 0px 12px; text-decoration: none; border-bottom: 0px rgb(10, 10, 10);\u0022\u003E\u003Cspan class=\u0022\u0022 data-sfc-cp=\u0022\u0022 data-sfc-root=\u0022ep\u0022 data-sfc-cb=\u0022\u0022 data-complete=\u0022true\u0022 data-copy-service-computed-style=\u0022font-family: \u0026quot;Google Sans\u0026quot;, \u0026quot;Helvetica Neue\u0026quot;, sans-serif; font-size: 16px; font-weight: 400; margin: 0px; text-decoration: none; border-bottom: 0px rgb(10, 10, 10);\u0022\u003E\u003Cstrong class=\u0022\u0022 data-sfc-root=\u0022ep\u0022 data-sfc-cb=\u0022\u0022 data-complete=\u0022true\u0022 data-copy-service-computed-style=\u0022font-family: \u0026quot;Google Sans\u0026quot;, \u0026quot;Helvetica Neue\u0026quot;, sans-serif; font-size: 16px; font-weight: 700; margin: 0px; text-decoration: none; border-bottom: 0px rgb(10, 10, 10);\u0022\u003EHusten lindern\u003C/strong\u003E: Wirkt schleiml\u00F6send bei Erk\u00E4ltungen.\u003C/span\u003E\u003C/li\u003E\u003Cli class=\u0022\u0022 data-sfc-cp=\u0022\u0022 data-sfc-root=\u0022ep\u0022 data-sfc-cb=\u0022\u0022 data-hveid=\u0022CAIIAAgDEAE\u0022 data-complete=\u0022true\u0022 data-sae=\u0022\u0022 data-copy-service-computed-style=\u0022font-family: \u0026quot;Google Sans\u0026quot;, \u0026quot;Helvetica Neue\u0026quot;, sans-serif; font-size: 16px; font-weight: 400; margin: 0px 0px 12px; text-decoration: none; border-bottom: 0px rgb(10, 10, 10);\u0022\u003E\u003Cspan class=\u0022\u0022 data-sfc-cp=\u0022\u0022 data-sfc-root=\u0022ep\u0022 data-sfc-cb=\u0022\u0022 data-complete=\u0022true\u0022 data-copy-service-computed-style=\u0022font-family: \u0026quot;Google Sans\u0026quot;, \u0026quot;Helvetica Neue\u0026quot;, sans-serif; font-size: 16px; font-weight: 400; margin: 0px; text-decoration: none; border-bottom: 0px rgb(10, 10, 10);\u0022\u003E\u003Cstrong class=\u0022\u0022 data-sfc-root=\u0022ep\u0022 data-sfc-cb=\u0022\u0022 data-complete=\u0022true\u0022 data-copy-service-computed-style=\u0022font-family: \u0026quot;Google Sans\u0026quot;, \u0026quot;Helvetica Neue\u0026quot;, sans-serif; font-size: 16px; font-weight: 700; margin: 0px; text-decoration: none; border-bottom: 0px rgb(10, 10, 10);\u0022\u003EHalsweh beruhigen\u003C/strong\u003E: Lindert Reizungen im Rachenraum.\u003C/span\u003E\u003C/li\u003E\u003Cli class=\u0022\u0022 data-sfc-cp=\u0022\u0022 data-sfc-root=\u0022ep\u0022 data-sfc-cb=\u0022\u0022 data-hveid=\u0022CAIIAAgDEAI\u0022 data-complete=\u0022true\u0022 data-sae=\u0022\u0022 data-copy-service-computed-style=\u0022font-family: \u0026quot;Google Sans\u0026quot;, \u0026quot;Helvetica Neue\u0026quot;, sans-serif; font-size: 16px; font-weight: 400; margin: 0px 0px 12px; text-decoration: none; border-bottom: 0px rgb(10, 10, 10);\u0022\u003E\u003Cspan class=\u0022\u0022 data-sfc-cp=\u0022\u0022 data-sfc-root=\u0022ep\u0022 data-sfc-cb=\u0022\u0022 data-complete=\u0022true\u0022 data-copy-service-computed-style=\u0022font-family: \u0026quot;Google Sans\u0026quot;, \u0026quot;Helvetica Neue\u0026quot;, sans-serif; font-size: 16px; font-weight: 400; margin: 0px; text-decoration: none; border-bottom: 0px rgb(10, 10, 10);\u0022\u003E\u003Cstrong class=\u0022\u0022 data-sfc-root=\u0022ep\u0022 data-sfc-cb=\u0022\u0022 data-complete=\u0022true\u0022 data-copy-service-computed-style=\u0022font-family: \u0026quot;Google Sans\u0026quot;, \u0026quot;Helvetica Neue\u0026quot;, sans-serif; font-size: 16px; font-weight: 700; margin: 0px; text-decoration: none; border-bottom: 0px rgb(10, 10, 10);\u0022\u003EEinnahme\u003C/strong\u003E: 3x1 Essl\u00F6ffel pro Tag f\u00FCr Erwachsene und Kinder 3x1 Teel\u00F6ffel pro Tag. Ab 1 Jahr alt m\u00F6glich.\u0026nbsp;\u003C/span\u003E\u003C/li\u003E\u003Cli class=\u0022\u0022 data-sfc-cp=\u0022\u0022 data-sfc-root=\u0022ep\u0022 data-sfc-cb=\u0022\u0022 data-hveid=\u0022CAIIAAgDEAI\u0022 data-complete=\u0022true\u0022 data-sae=\u0022\u0022 data-copy-service-computed-style=\u0022font-family: \u0026quot;Google Sans\u0026quot;, \u0026quot;Helvetica Neue\u0026quot;, sans-serif; font-size: 16px; font-weight: 400; margin: 0px 0px 12px; text-decoration: none; border-bottom: 0px rgb(10, 10, 10);\u0022\u003E\u003Cstrong class=\u0022\u0022 data-sfc-root=\u0022ep\u0022 data-sfc-cb=\u0022\u0022 data-complete=\u0022true\u0022 data-copy-service-computed-style=\u0022font-family: \u0026quot;Google Sans\u0026quot;, \u0026quot;Helvetica Neue\u0026quot;, sans-serif; font-size: 16px; font-weight: 700; margin: 0px; text-decoration: none; border-bottom: 0px rgb(10, 10, 10);\u0022\u003ETee\u003C/strong\u003E: Passt perfekt zu Kr\u00E4uter-, Kamillen- oder Schwarztee\u003C/li\u003E\u003Cli class=\u0022\u0022 data-sfc-cp=\u0022\u0022 data-sfc-root=\u0022ep\u0022 data-sfc-cb=\u0022\u0022 data-hveid=\u0022CAIIAAgDEAI\u0022 data-complete=\u0022true\u0022 data-sae=\u0022\u0022 data-copy-service-computed-style=\u0022font-family: \u0026quot;Google Sans\u0026quot;, \u0026quot;Helvetica Neue\u0026quot;, sans-serif; font-size: 16px; font-weight: 400; margin: 0px 0px 12px; text-decoration: none; border-bottom: 0px rgb(10, 10, 10);\u0022\u003E\u003Cspan class=\u0022\u0022 data-sfc-cp=\u0022\u0022 data-sfc-root=\u0022ep\u0022 data-sfc-cb=\u0022\u0022 data-complete=\u0022true\u0022 data-copy-service-computed-style=\u0022font-family: \u0026quot;Google Sans\u0026quot;, \u0026quot;Helvetica Neue\u0026quot;, sans-serif; font-size: 16px; font-weight: 400; margin: 0px; text-decoration: none; border-bottom: 0px rgb(10, 10, 10);\u0022\u003E\u003Cstrong class=\u0022\u0022 data-sfc-root=\u0022ep\u0022 data-sfc-cb=\u0022\u0022 data-complete=\u0022true\u0022 data-copy-service-computed-style=\u0022font-family: \u0026quot;Google Sans\u0026quot;, \u0026quot;Helvetica Neue\u0026quot;, sans-serif; font-size: 16px; font-weight: 700; margin: 0px; text-decoration: none; border-bottom: 0px rgb(10, 10, 10);\u0022\u003EKaffee \u0026amp; Punsch\u003C/strong\u003E: Gibt winterlichen Getr\u00E4nken eine waldige Note.\u003C/span\u003E\u003C/li\u003E\u003C/ul\u003E\u003Cp style=\u0022-webkit-tap-highlight-color: rgba(26, 26, 26, 0.3); font-family: Verdana, Arial, Helvetica, sans-serif; font-size: 14px;\u0022\u003EZusammensetzung: frische Tannenspitzen, Zucker, Zitrone und Wasser\u003C/p\u003E\r\n    \r\n","SeName":"tannenspitzsirup-2dl","Url":"/de/tannenspitzsirup-2dl","ProductType":0,"MarkAsNew":false,"Sku":null,"Flag":null,"Gtin":null,"Mpn":null,"BrandName":"","IsFreeShipping":false,"ShowSku":false,"ShowQty":false,"LowStock":false,"EndTime":"2099-01-01T00:00:00Z","EndTimeLocalTime":"2099-01-01T01:00:00","TaxDisplayType":10,"Interval":0,"IntervalUnitId":0,"ProductPrice":{"OldPrice":null,"OldPriceValue":0,"CatalogPrice":null,"Price":"CHF 7.00","CallForPrice":false,"PriceValue":7,"PriceIncludesTax":false,"StartPrice":null,"StartPriceValue":0,"HighestBid":null,"HighestBidValue":0,"BasePricePAngV":null,"DisableBuyButton":false,"DisableWishlistButton":false,"DisableAddToCompareListButton":true,"AvailableForPreOrder":false,"PreOrderDateTimeUtc":null,"ForceRedirectionAfterAddingToCart":false,"AppliedDiscounts":[],"PreferredTierPrice":null,"UserFields":[]},"DefaultPictureModel":{"ImageUrl":"/assets/images/thumbs/tannenspitzsirup-2dl_6a4176b0937fbd39ee743b10_415.jpeg","ThumbImageUrl":null,"FullSizeImageUrl":"/assets/images/thumbs/tannenspitzsirup-2dl_6a4176b0937fbd39ee743b10.jpeg","Title":"Tannenspitzsirup 2dl 1","AlternateText":"Tannenspitzsirup 2dl 1","Style":null,"ExtraField":null,"Id":"6a4176b0937fbd39ee743b10","UserFields":[]},"SecondPictureModel":{"ImageUrl":null,"ThumbImageUrl":null,"FullSizeImageUrl":null,"Title":null,"AlternateText":null,"Style":null,"ExtraField":null,"Id":null,"UserFields":[]},"SpecificationAttributeModels":[],"ProductAttributeModels":[],"ReviewOverviewModel":{"ProductId":"6a417697937fbd39ee742c3f","RatingSum":0,"TotalReviews":0,"AvgRating":0,"AllowCustomerReviews":true,"UserFields":[]},"Id":"6a417697937fbd39ee742c3f","UserFields":[]},{"Name":"Handseife Lavendel marmoriert","ShortDescription":"www.molashandgemacht.ch","FullDescription":"\u003Cp style=\u0022-webkit-tap-highlight-color: rgba(26, 26, 26, 0.3); font-family: Verdana, Arial, Helvetica, sans-serif; font-size: 14px;\u0022\u003EJede Seife ein UNIKAT\u003C/p\u003E\u003Cp style=\u0022-webkit-tap-highlight-color: rgba(26, 26, 26, 0.3); font-family: Verdana, Arial, Helvetica, sans-serif; font-size: 14px;\u0022\u003E\u003Cbr\u003E\u003C/p\u003E\u003Cul style=\u0022-webkit-tap-highlight-color: rgba(26, 26, 26, 0.3); font-family: Verdana, Arial, Helvetica, sans-serif; font-size: 14px;\u0022\u003E\u003Cli class=\u0022\u0022 data-sfc-cp=\u0022\u0022 data-sfc-root=\u0022ep\u0022 data-sfc-cb=\u0022\u0022 data-hveid=\u0022CAIIAAgDEAA\u0022 data-complete=\u0022true\u0022 data-sae=\u0022\u0022 data-copy-service-computed-style=\u0022font-family: \u0026quot;Google Sans\u0026quot;, \u0026quot;Helvetica Neue\u0026quot;, sans-serif; font-size: 16px; font-weight: 400; margin: 0px 0px 12px; text-decoration: none; border-bottom: 0px rgb(10, 10, 10);\u0022\u003E\u003Cspan class=\u0022\u0022 data-sfc-cp=\u0022\u0022 data-sfc-root=\u0022ep\u0022 data-sfc-cb=\u0022\u0022 data-complete=\u0022true\u0022 data-copy-service-computed-style=\u0022font-family: \u0026quot;Google Sans\u0026quot;, \u0026quot;Helvetica Neue\u0026quot;, sans-serif; font-size: 16px; font-weight: 400; margin: 0px; text-decoration: none; border-bottom: 0px rgb(10, 10, 10);\u0022\u003E\u003Cstrong class=\u0022\u0022 data-sfc-root=\u0022ep\u0022 data-sfc-cb=\u0022\u0022 data-complete=\u0022true\u0022 data-copy-service-computed-style=\u0022font-family: \u0026quot;Google Sans\u0026quot;, \u0026quot;Helvetica Neue\u0026quot;, sans-serif; font-size: 16px; font-weight: 700; margin: 0px; text-decoration: none; border-bottom: 0px rgb(10, 10, 10);\u0022\u003EH\u00E4ndewaschen\u003C/strong\u003E: Reinigt die Haut gr\u00FCndlich von Schmutz und Keimen.\u003C/span\u003E\u003C/li\u003E\u003Cli class=\u0022\u0022 data-sfc-cp=\u0022\u0022 data-sfc-root=\u0022ep\u0022 data-sfc-cb=\u0022\u0022 data-hveid=\u0022CAIIAAgDEAA\u0022 data-complete=\u0022true\u0022 data-sae=\u0022\u0022 data-copy-service-computed-style=\u0022font-family: \u0026quot;Google Sans\u0026quot;, \u0026quot;Helvetica Neue\u0026quot;, sans-serif; font-size: 16px; font-weight: 400; margin: 0px 0px 12px; text-decoration: none; border-bottom: 0px rgb(10, 10, 10);\u0022\u003E\u003Cspan class=\u0022\u0022 data-sfc-cp=\u0022\u0022 data-sfc-root=\u0022ep\u0022 data-sfc-cb=\u0022\u0022 data-complete=\u0022true\u0022 data-copy-service-computed-style=\u0022font-family: \u0026quot;Google Sans\u0026quot;, \u0026quot;Helvetica Neue\u0026quot;, sans-serif; font-size: 16px; font-weight: 400; margin: 0px; text-decoration: none; border-bottom: 0px rgb(10, 10, 10);\u0022\u003E\u003Cbr\u003E\u003C/span\u003E\u003C/li\u003E\u003Cli class=\u0022\u0022 data-sfc-cp=\u0022\u0022 data-sfc-root=\u0022ep\u0022 data-sfc-cb=\u0022\u0022 data-hveid=\u0022CAIIAAgDEAE\u0022 data-complete=\u0022true\u0022 data-sae=\u0022\u0022 data-copy-service-computed-style=\u0022font-family: \u0026quot;Google Sans\u0026quot;, \u0026quot;Helvetica Neue\u0026quot;, sans-serif; font-size: 16px; font-weight: 400; margin: 0px 0px 12px; text-decoration: none; border-bottom: 0px rgb(10, 10, 10);\u0022\u003E\u003Cspan class=\u0022\u0022 data-sfc-cp=\u0022\u0022 data-sfc-root=\u0022ep\u0022 data-sfc-cb=\u0022\u0022 data-complete=\u0022true\u0022 data-copy-service-computed-style=\u0022font-family: \u0026quot;Google Sans\u0026quot;, \u0026quot;Helvetica Neue\u0026quot;, sans-serif; font-size: 16px; font-weight: 400; margin: 0px; text-decoration: none; border-bottom: 0px rgb(10, 10, 10);\u0022\u003E\u003Cstrong class=\u0022\u0022 data-sfc-root=\u0022ep\u0022 data-sfc-cb=\u0022\u0022 data-complete=\u0022true\u0022 data-copy-service-computed-style=\u0022font-family: \u0026quot;Google Sans\u0026quot;, \u0026quot;Helvetica Neue\u0026quot;, sans-serif; font-size: 16px; font-weight: 700; margin: 0px; text-decoration: none; border-bottom: 0px rgb(10, 10, 10);\u0022\u003EAromatherapie\u003C/strong\u003E: Der Lavendelduft wirkt beim Waschen beruhigend und stressreduzierend.\u003C/span\u003E\u003C/li\u003E\u003Cli class=\u0022\u0022 data-sfc-cp=\u0022\u0022 data-sfc-root=\u0022ep\u0022 data-sfc-cb=\u0022\u0022 data-hveid=\u0022CAIIAAgDEAE\u0022 data-complete=\u0022true\u0022 data-sae=\u0022\u0022 data-copy-service-computed-style=\u0022font-family: \u0026quot;Google Sans\u0026quot;, \u0026quot;Helvetica Neue\u0026quot;, sans-serif; font-size: 16px; font-weight: 400; margin: 0px 0px 12px; text-decoration: none; border-bottom: 0px rgb(10, 10, 10);\u0022\u003E\u003Cspan class=\u0022\u0022 data-sfc-cp=\u0022\u0022 data-sfc-root=\u0022ep\u0022 data-sfc-cb=\u0022\u0022 data-complete=\u0022true\u0022 data-copy-service-computed-style=\u0022font-family: \u0026quot;Google Sans\u0026quot;, \u0026quot;Helvetica Neue\u0026quot;, sans-serif; font-size: 16px; font-weight: 400; margin: 0px; text-decoration: none; border-bottom: 0px rgb(10, 10, 10);\u0022\u003E\u003Cbr\u003E\u003C/span\u003E\u003C/li\u003E\u003C/ul\u003E\u003Cul style=\u0022-webkit-tap-highlight-color: rgba(26, 26, 26, 0.3); font-family: Verdana, Arial, Helvetica, sans-serif; font-size: 14px;\u0022\u003E\u003Cli class=\u0022\u0022 data-sfc-cp=\u0022\u0022 data-sfc-root=\u0022ep\u0022 data-sfc-cb=\u0022\u0022 data-hveid=\u0022CAIIAAgDEAI\u0022 data-complete=\u0022true\u0022 data-sae=\u0022\u0022 data-copy-service-computed-style=\u0022font-family: \u0026quot;Google Sans\u0026quot;, \u0026quot;Helvetica Neue\u0026quot;, sans-serif; font-size: 16px; font-weight: 400; margin: 0px 0px 12px; text-decoration: none; border-bottom: 0px rgb(10, 10, 10);\u0022\u003E\u003Cspan class=\u0022\u0022 data-sfc-cp=\u0022\u0022 data-sfc-root=\u0022ep\u0022 data-sfc-cb=\u0022\u0022 data-complete=\u0022true\u0022 data-copy-service-computed-style=\u0022font-family: \u0026quot;Google Sans\u0026quot;, \u0026quot;Helvetica Neue\u0026quot;, sans-serif; font-size: 16px; font-weight: 400; margin: 0px; text-decoration: none; border-bottom: 0px rgb(10, 10, 10);\u0022\u003E\u003Cstrong class=\u0022\u0022 data-sfc-root=\u0022ep\u0022 data-sfc-cb=\u0022\u0022 data-complete=\u0022true\u0022 data-copy-service-computed-style=\u0022font-family: \u0026quot;Google Sans\u0026quot;, \u0026quot;Helvetica Neue\u0026quot;, sans-serif; font-size: 16px; font-weight: 700; margin: 0px; text-decoration: none; border-bottom: 0px rgb(10, 10, 10);\u0022\u003EAbendroutine\u003C/strong\u003E: Ideal vor dem Schlafengehen, um K\u00F6rper und Geist zu entspannen.\u003C/span\u003E\u003C/li\u003E\u003Cli class=\u0022\u0022 data-sfc-cp=\u0022\u0022 data-sfc-root=\u0022ep\u0022 data-sfc-cb=\u0022\u0022 data-hveid=\u0022CAIIAAgDEAI\u0022 data-complete=\u0022true\u0022 data-sae=\u0022\u0022 data-copy-service-computed-style=\u0022font-family: \u0026quot;Google Sans\u0026quot;, \u0026quot;Helvetica Neue\u0026quot;, sans-serif; font-size: 16px; font-weight: 400; margin: 0px 0px 12px; text-decoration: none; border-bottom: 0px rgb(10, 10, 10);\u0022\u003E\u003Cspan class=\u0022\u0022 data-sfc-cp=\u0022\u0022 data-sfc-root=\u0022ep\u0022 data-sfc-cb=\u0022\u0022 data-complete=\u0022true\u0022 data-copy-service-computed-style=\u0022font-family: \u0026quot;Google Sans\u0026quot;, \u0026quot;Helvetica Neue\u0026quot;, sans-serif; font-size: 16px; font-weight: 400; margin: 0px; text-decoration: none; border-bottom: 0px rgb(10, 10, 10);\u0022\u003E\u003Cbr\u003E\u003C/span\u003E\u003C/li\u003E\u003Cli class=\u0022\u0022 data-sfc-cp=\u0022\u0022 data-sfc-root=\u0022ep\u0022 data-sfc-cb=\u0022\u0022 data-hveid=\u0022CAIIAAgDEAM\u0022 data-complete=\u0022true\u0022 data-sae=\u0022\u0022 data-copy-service-computed-style=\u0022font-family: \u0026quot;Google Sans\u0026quot;, \u0026quot;Helvetica Neue\u0026quot;, sans-serif; font-size: 16px; font-weight: 400; margin: 0px 0px 12px; text-decoration: none; border-bottom: 0px rgb(10, 10, 10);\u0022\u003E\u003Cspan class=\u0022\u0022 data-sfc-cp=\u0022\u0022 data-sfc-root=\u0022ep\u0022 data-sfc-cb=\u0022\u0022 data-complete=\u0022true\u0022 data-copy-service-computed-style=\u0022font-family: \u0026quot;Google Sans\u0026quot;, \u0026quot;Helvetica Neue\u0026quot;, sans-serif; font-size: 16px; font-weight: 400; margin: 0px; text-decoration: none; border-bottom: 0px rgb(10, 10, 10);\u0022\u003E\u003Cstrong class=\u0022\u0022 data-sfc-root=\u0022ep\u0022 data-sfc-cb=\u0022\u0022 data-complete=\u0022true\u0022 data-copy-service-computed-style=\u0022font-family: \u0026quot;Google Sans\u0026quot;, \u0026quot;Helvetica Neue\u0026quot;, sans-serif; font-size: 16px; font-weight: 700; margin: 0px; text-decoration: none; border-bottom: 0px rgb(10, 10, 10);\u0022\u003EG\u00E4stebad\u003C/strong\u003E: Wirkt einladend und sorgt f\u00FCr ein frisches, gepflegtes Gef\u00FChl.\u003C/span\u003E\u003C/li\u003E\u003Cli class=\u0022\u0022 data-sfc-cp=\u0022\u0022 data-sfc-root=\u0022ep\u0022 data-sfc-cb=\u0022\u0022 data-hveid=\u0022CAIIAAgDEAM\u0022 data-complete=\u0022true\u0022 data-sae=\u0022\u0022 data-copy-service-computed-style=\u0022font-family: \u0026quot;Google Sans\u0026quot;, \u0026quot;Helvetica Neue\u0026quot;, sans-serif; font-size: 16px; font-weight: 400; margin: 0px 0px 12px; text-decoration: none; border-bottom: 0px rgb(10, 10, 10);\u0022\u003E\u003Cspan class=\u0022\u0022 data-sfc-cp=\u0022\u0022 data-sfc-root=\u0022ep\u0022 data-sfc-cb=\u0022\u0022 data-complete=\u0022true\u0022 data-copy-service-computed-style=\u0022font-family: \u0026quot;Google Sans\u0026quot;, \u0026quot;Helvetica Neue\u0026quot;, sans-serif; font-size: 16px; font-weight: 400; margin: 0px; text-decoration: none; border-bottom: 0px rgb(10, 10, 10);\u0022\u003E\u003Cbr\u003E\u003C/span\u003E\u003C/li\u003E\u003C/ul\u003E\u003Cp style=\u0022-webkit-tap-highlight-color: rgba(26, 26, 26, 0.3); font-family: Verdana, Arial, Helvetica, sans-serif; font-size: 14px;\u0022\u003E\u003Cspan class=\u0022\u0022 data-sfc-cp=\u0022\u0022 data-sfc-root=\u0022ep\u0022 data-sfc-cb=\u0022\u0022 data-complete=\u0022true\u0022 data-copy-service-computed-style=\u0022font-family: \u0026quot;Google Sans\u0026quot;, \u0026quot;Helvetica Neue\u0026quot;, sans-serif; font-size: 16px; font-weight: 400; margin: 0px; text-decoration: none; border-bottom: 0px rgb(10, 10, 10);\u0022\u003EZusammensetzung: Seifenbasis, Seifenfarbe, Mande\u00F6l, \u00E4therisches \u00D6l\u003C/span\u003E\u003C/p\u003E\u003Cp style=\u0022-webkit-tap-highlight-color: rgba(26, 26, 26, 0.3); font-family: Verdana, Arial, Helvetica, sans-serif; font-size: 14px;\u0022\u003E\u0026nbsp;\u003C/p\u003E\r\n    \r\n","SeName":"handseife-lavendel-marmoriert","Url":"/de/handseife-lavendel-marmoriert","ProductType":0,"MarkAsNew":false,"Sku":null,"Flag":null,"Gtin":null,"Mpn":null,"BrandName":"","IsFreeShipping":false,"ShowSku":false,"ShowQty":false,"LowStock":false,"EndTime":"2099-01-01T00:00:00Z","EndTimeLocalTime":"2099-01-01T01:00:00","TaxDisplayType":10,"Interval":0,"IntervalUnitId":0,"ProductPrice":{"OldPrice":null,"OldPriceValue":0,"CatalogPrice":null,"Price":"CHF 5.90","CallForPrice":false,"PriceValue":5.9,"PriceIncludesTax":false,"StartPrice":null,"StartPriceValue":0,"HighestBid":null,"HighestBidValue":0,"BasePricePAngV":null,"DisableBuyButton":false,"DisableWishlistButton":false,"DisableAddToCompareListButton":true,"AvailableForPreOrder":false,"PreOrderDateTimeUtc":null,"ForceRedirectionAfterAddingToCart":false,"AppliedDiscounts":[],"PreferredTierPrice":null,"UserFields":[]},"DefaultPictureModel":{"ImageUrl":"/assets/images/thumbs/handseife-lavendel-marmoriert_6a42c964620b84d9f271eaba_415.jpeg","ThumbImageUrl":null,"FullSizeImageUrl":"/assets/images/thumbs/handseife-lavendel-marmoriert_6a42c964620b84d9f271eaba.jpeg","Title":"Handseife Lavendel marmoriert 1","AlternateText":"Handseife Lavendel marmoriert 1","Style":null,"ExtraField":null,"Id":"6a42c964620b84d9f271eaba","UserFields":[]},"SecondPictureModel":{"ImageUrl":"/assets/images/thumbs/handseife-lavendel-marmoriert_6a42c970620b84d9f271eb0a_415.jpeg","ThumbImageUrl":null,"FullSizeImageUrl":"/assets/images/thumbs/handseife-lavendel-marmoriert_6a42c970620b84d9f271eb0a.jpeg","Title":"Handseife Lavendel marmoriert 2","AlternateText":"Handseife Lavendel marmoriert 2","Style":null,"ExtraField":null,"Id":"6a42c970620b84d9f271eb0a","UserFields":[]},"SpecificationAttributeModels":[],"ProductAttributeModels":[],"ReviewOverviewModel":{"ProductId":"6a42c955620b84d9f271dbff","RatingSum":0,"TotalReviews":0,"AvgRating":0,"AllowCustomerReviews":true,"UserFields":[]},"Id":"6a42c955620b84d9f271dbff","UserFields":[]},{"Name":"Adventskalender Frau","ShortDescription":"www.molashandgemacht.ch","FullDescription":"\r\n    \r\n    \r\n    \u003Cp\u003EAdventskalender Frau\u0026nbsp;\u003C/p\u003E\u003Cp\u003E\u003Cbr\u003E\u003C/p\u003E\u003Cp\u003E24 \u00DCberraschungen bis Weihnachten \uD83C\uDF85\uD83C\uDF84, jeden Tag ein Produkt von unserem Sortiment. Naturkosmetik, Gew\u00FCrze u.s.w\u003C/p\u003E\u003Cp\u003EAlles sch\u00F6n eingepackt und sehr Abwechslungsreich.\u0026nbsp;\u003C/p\u003E\u003Cp\u003E\u003Cbr\u003E\u003C/p\u003E\r\n\r\n\r\n","SeName":"adventskalender-frau","Url":"/de/adventskalender-frau","ProductType":0,"MarkAsNew":false,"Sku":null,"Flag":null,"Gtin":null,"Mpn":null,"BrandName":"","IsFreeShipping":false,"ShowSku":false,"ShowQty":false,"LowStock":false,"EndTime":"2099-01-01T00:00:00Z","EndTimeLocalTime":"2099-01-01T01:00:00","TaxDisplayType":10,"Interval":0,"IntervalUnitId":0,"ProductPrice":{"OldPrice":null,"OldPriceValue":0,"CatalogPrice":null,"Price":"CHF 160.00","CallForPrice":false,"PriceValue":160,"PriceIncludesTax":false,"StartPrice":null,"StartPriceValue":0,"HighestBid":null,"HighestBidValue":0,"BasePricePAngV":null,"DisableBuyButton":false,"DisableWishlistButton":false,"DisableAddToCompareListButton":true,"AvailableForPreOrder":false,"PreOrderDateTimeUtc":null,"ForceRedirectionAfterAddingToCart":false,"AppliedDiscounts":[],"PreferredTierPrice":null,"UserFields":[]},"DefaultPictureModel":{"ImageUrl":"/assets/images/thumbs/adventskalender-frau_6a4977e3c23537022c847f75_415.jpeg","ThumbImageUrl":null,"FullSizeImageUrl":"/assets/images/thumbs/adventskalender-frau_6a4977e3c23537022c847f75.jpeg","Title":"Adventskalender Frau 1","AlternateText":"Adventskalender Frau 1","Style":null,"ExtraField":null,"Id":"6a4977e3c23537022c847f75","UserFields":[]},"SecondPictureModel":{"ImageUrl":null,"ThumbImageUrl":null,"FullSizeImageUrl":null,"Title":null,"AlternateText":null,"Style":null,"ExtraField":null,"Id":null,"UserFields":[]},"SpecificationAttributeModels":[],"ProductAttributeModels":[],"ReviewOverviewModel":{"ProductId":"6a4977d3c23537022c846ff3","RatingSum":0,"TotalReviews":0,"AvgRating":0,"AllowCustomerReviews":true,"UserFields":[]},"Id":"6a4977d3c23537022c846ff3","UserFields":[]},{"Name":"Adventskalender Mann","ShortDescription":"www.molashandgemacht.ch","FullDescription":"\r\n    \u003Cp style=\u0022border-color: var(--color-gray-200, currentColor); border-image-source: none;\u0022\u003E24 \u00DCberraschungen bis Weihnachten \uD83C\uDF85\uD83C\uDF84, jeden Tag ein Produkt von unserem Sortiment. Naturkosmetik, Gew\u00FCrze u.s.w\u003C/p\u003E\u003Cp style=\u0022border-color: var(--color-gray-200, currentColor); border-image-source: none;\u0022\u003EAlles sch\u00F6n eingepackt und sehr Abwechslungsreich.\u0026nbsp;\u003C/p\u003E\u003Cdiv\u003E\u003Cbr\u003E\u003C/div\u003E\r\n    \r\n\r\n","SeName":"adventskalender-mann","Url":"/de/adventskalender-mann","ProductType":0,"MarkAsNew":false,"Sku":null,"Flag":null,"Gtin":null,"Mpn":null,"BrandName":"","IsFreeShipping":false,"ShowSku":false,"ShowQty":false,"LowStock":false,"EndTime":"2099-01-01T00:00:00Z","EndTimeLocalTime":"2099-01-01T01:00:00","TaxDisplayType":10,"Interval":0,"IntervalUnitId":0,"ProductPrice":{"OldPrice":null,"OldPriceValue":0,"CatalogPrice":null,"Price":"CHF 160.00","CallForPrice":false,"PriceValue":160,"PriceIncludesTax":false,"StartPrice":null,"StartPriceValue":0,"HighestBid":null,"HighestBidValue":0,"BasePricePAngV":null,"DisableBuyButton":false,"DisableWishlistButton":false,"DisableAddToCompareListButton":true,"AvailableForPreOrder":false,"PreOrderDateTimeUtc":null,"ForceRedirectionAfterAddingToCart":false,"AppliedDiscounts":[],"PreferredTierPrice":null,"UserFields":[]},"DefaultPictureModel":{"ImageUrl":"/assets/images/thumbs/adventskalender-mann_6a4978cdc23537022c8d9fa8_415.jpeg","ThumbImageUrl":null,"FullSizeImageUrl":"/assets/images/thumbs/adventskalender-mann_6a4978cdc23537022c8d9fa8.jpeg","Title":"Adventskalender Mann 1","AlternateText":"Adventskalender Mann 1","Style":null,"ExtraField":null,"Id":"6a4978cdc23537022c8d9fa8","UserFields":[]},"SecondPictureModel":{"ImageUrl":null,"ThumbImageUrl":null,"FullSizeImageUrl":null,"Title":null,"AlternateText":null,"Style":null,"ExtraField":null,"Id":null,"UserFields":[]},"SpecificationAttributeModels":[],"ProductAttributeModels":[],"ReviewOverviewModel":{"ProductId":"6a4978c4c23537022c8d9090","RatingSum":0,"TotalReviews":0,"AvgRating":0,"AllowCustomerReviews":true,"UserFields":[]},"Id":"6a4978c4c23537022c8d9090","UserFields":[]},{"Name":"M\u00E4des\u00FCss-Salbe 50ml","ShortDescription":"www.molashandgemacht.ch","FullDescription":"\u003Cp style=\u0022-webkit-tap-highlight-color: rgba(26, 26, 26, 0.3); font-family: Verdana, Arial, Helvetica, sans-serif; font-size: 14px;\u0022\u003EM\u00E4des\u00FCss-Salbe 50 ml\u003C/p\u003E\u003Cp style=\u0022-webkit-tap-highlight-color: rgba(26, 26, 26, 0.3); font-family: Verdana, Arial, Helvetica, sans-serif; font-size: 14px;\u0022\u003E\u003Cbr\u003E\u003C/p\u003E\u003Cp style=\u0022-webkit-tap-highlight-color: rgba(26, 26, 26, 0.3); font-family: Verdana, Arial, Helvetica, sans-serif; font-size: 14px;\u0022\u003EM\u00E4des\u00FC\u00DF (Filipendula ulmaria) ist eine Heilpflanze, die traditionell in der Naturheilkunde verwendet wird. Die Salbe wird h\u00E4ufig bei folgenden Beschwerden angewendet:\u003C/p\u003E\u003Cp style=\u0022-webkit-tap-highlight-color: rgba(26, 26, 26, 0.3); font-family: Verdana, Arial, Helvetica, sans-serif; font-size: 14px;\u0022\u003E\u003Cbr\u003E\u003C/p\u003E\u003Cul style=\u0022-webkit-tap-highlight-color: rgba(26, 26, 26, 0.3); font-family: Verdana, Arial, Helvetica, sans-serif; font-size: 14px;\u0022\u003E\u003Cli\u003E\u003Cstrong\u003ESchmerzlinderung\u003C/strong\u003E: M\u00E4des\u00FC\u00DF hat schmerzlindernde Eigenschaften, die bei rheumatischen Erkrankungen, Gelenkschmerzen und Kopfschmerzen helfen k\u00F6nnen.\u003C/li\u003E\u003C/ul\u003E\u003Cp style=\u0022-webkit-tap-highlight-color: rgba(26, 26, 26, 0.3); font-family: Verdana, Arial, Helvetica, sans-serif; font-size: 14px;\u0022\u003E\u0026nbsp;\u003C/p\u003E\u003Cul style=\u0022-webkit-tap-highlight-color: rgba(26, 26, 26, 0.3); font-family: Verdana, Arial, Helvetica, sans-serif; font-size: 14px;\u0022\u003E\u003Cli\u003E\u003Cstrong\u003EEntz\u00FCndungen\u003C/strong\u003E: Die entz\u00FCndungshemmenden Wirkstoffe der Pflanze k\u00F6nnen bei Entz\u00FCndungen der Haut oder Gelenke unterst\u00FCtzend wirken.\u003C/li\u003E\u003C/ul\u003E\u003Cp style=\u0022-webkit-tap-highlight-color: rgba(26, 26, 26, 0.3); font-family: Verdana, Arial, Helvetica, sans-serif; font-size: 14px;\u0022\u003E\u003Cbr\u003E\u003C/p\u003E\u003Cp style=\u0022-webkit-tap-highlight-color: rgba(26, 26, 26, 0.3); font-family: Verdana, Arial, Helvetica, sans-serif; font-size: 14px;\u0022\u003EZusammensetzung : getrockneter M\u00E4des\u00FCssbl\u00FCten und Kraut, Mandel\u00F6l, Bienenwachs, \u00E4therisches \u00D6l ( Vanille )\u003C/p\u003E\r\n    \r\n","SeName":"m\u00E4des\u00FCss-salbe-50ml","Url":"/de/m%C3%A4des%C3%BCss-salbe-50ml","ProductType":0,"MarkAsNew":false,"Sku":null,"Flag":null,"Gtin":null,"Mpn":null,"BrandName":"","IsFreeShipping":false,"ShowSku":false,"ShowQty":false,"LowStock":false,"EndTime":"2099-01-01T00:00:00Z","EndTimeLocalTime":"2099-01-01T01:00:00","TaxDisplayType":10,"Interval":0,"IntervalUnitId":0,"ProductPrice":{"OldPrice":null,"OldPriceValue":0,"CatalogPrice":null,"Price":"CHF 6.40","CallForPrice":false,"PriceValue":6.4,"PriceIncludesTax":false,"StartPrice":null,"StartPriceValue":0,"HighestBid":null,"HighestBidValue":0,"BasePricePAngV":null,"DisableBuyButton":false,"DisableWishlistButton":false,"DisableAddToCompareListButton":true,"AvailableForPreOrder":false,"PreOrderDateTimeUtc":null,"ForceRedirectionAfterAddingToCart":false,"AppliedDiscounts":[],"PreferredTierPrice":null,"UserFields":[]},"DefaultPictureModel":{"ImageUrl":"/assets/images/thumbs/mdesss-salbe-50ml_6a64ccd53c1756786b0328f2_415.jpeg","ThumbImageUrl":null,"FullSizeImageUrl":"/assets/images/thumbs/mdesss-salbe-50ml_6a64ccd53c1756786b0328f2.jpeg","Title":"M\u00E4des\u00FCss-Salbe 50ml 1","AlternateText":"M\u00E4des\u00FCss-Salbe 50ml 1","Style":null,"ExtraField":null,"Id":"6a64ccd53c1756786b0328f2","UserFields":[]},"SecondPictureModel":{"ImageUrl":"/assets/images/thumbs/mdesss-salbe-50ml_6a64cce23c1756786b032944_415.jpeg","ThumbImageUrl":null,"FullSizeImageUrl":"/assets/images/thumbs/mdesss-salbe-50ml_6a64cce23c1756786b032944.jpeg","Title":"M\u00E4des\u00FCss-Salbe 50ml 2","AlternateText":"M\u00E4des\u00FCss-Salbe 50ml 2","Style":null,"ExtraField":null,"Id":"6a64cce23c1756786b032944","UserFields":[]},"SpecificationAttributeModels":[],"ProductAttributeModels":[],"ReviewOverviewModel":{"ProductId":"6a64ccb93c1756786b031942","RatingSum":0,"TotalReviews":0,"AvgRating":0,"AllowCustomerReviews":true,"UserFields":[]},"Id":"6a64ccb93c1756786b031942","UserFields":[]}],"Id":"67e2603fb67213d7a6939b8d","UserFields":[]}