{"ParentCategoryId":"67e029ed1b6988643a5ad162","Name":"Badebomben","Description":null,"BottomDescription":null,"MetaKeywords":null,"MetaDescription":null,"MetaTitle":null,"SeName":"badebomben","Flag":null,"FlagStyle":null,"Icon":null,"PictureModel":{"ImageUrl":null,"ThumbImageUrl":null,"FullSizeImageUrl":null,"Title":null,"AlternateText":null,"Style":null,"ExtraField":null,"Id":null,"UserFields":[]},"PagingFilteringContext":{"SpecificationFilter":{"Enabled":false,"AlreadyFilteredItems":[],"NotFilteredItems":[],"RemoveFilterUrl":null,"UserFields":[]},"AllowProductSorting":true,"AvailableSortOptions":[{"Disabled":false,"Group":null,"Selected":true,"Text":"Position","Value":"/de/badebomben?orderby=0"},{"Disabled":false,"Group":null,"Selected":false,"Text":"Name: A to Z","Value":"/de/badebomben?orderby=5"},{"Disabled":false,"Group":null,"Selected":false,"Text":"Name: Z to A","Value":"/de/badebomben?orderby=6"},{"Disabled":false,"Group":null,"Selected":false,"Text":"Price: Low to High","Value":"/de/badebomben?orderby=10"},{"Disabled":false,"Group":null,"Selected":false,"Text":"Price: High to Low","Value":"/de/badebomben?orderby=11"},{"Disabled":false,"Group":null,"Selected":false,"Text":"Created on","Value":"/de/badebomben?orderby=15"},{"Disabled":false,"Group":null,"Selected":false,"Text":"Best Sellers","Value":"/de/badebomben?orderby=20"},{"Disabled":false,"Group":null,"Selected":false,"Text":"Most Viewed","Value":"/de/badebomben?orderby=25"},{"Disabled":false,"Group":null,"Selected":false,"Text":"On Sale","Value":"/de/badebomben?orderby=30"},{"Disabled":false,"Group":null,"Selected":false,"Text":"Rating","Value":"/de/badebomben?orderby=40"}],"AllowProductViewModeChanging":true,"AvailableViewModes":[{"Disabled":false,"Group":null,"Selected":true,"Text":"Tabelle","Value":"/de/badebomben?viewmode=grid"},{"Disabled":false,"Group":null,"Selected":false,"Text":"Liste","Value":"/de/badebomben?viewmode=list"}],"AllowCustomersToSelectPageSize":false,"PageSizeOptions":[],"OrderBy":0,"Rating":null,"RatingOptions":[],"ViewMode":"grid","FirstItem":1,"HasNextPage":false,"HasPreviousPage":false,"LastItem":6,"PageIndex":0,"PageNumber":1,"PageSize":12,"TotalItems":6,"TotalPages":1},"DisplayCategoryBreadcrumb":true,"CategoryBreadcrumb":[{"ParentCategoryId":null,"Name":"Bad \u0026 Beauty","Description":null,"BottomDescription":null,"MetaKeywords":null,"MetaDescription":null,"MetaTitle":null,"SeName":"bad-beauty","Flag":null,"FlagStyle":null,"Icon":null,"PictureModel":{"ImageUrl":null,"ThumbImageUrl":null,"FullSizeImageUrl":null,"Title":null,"AlternateText":null,"Style":null,"ExtraField":null,"Id":null,"UserFields":[]},"PagingFilteringContext":{"SpecificationFilter":{"Enabled":false,"AlreadyFilteredItems":[],"NotFilteredItems":[],"RemoveFilterUrl":null,"UserFields":[]},"AllowProductSorting":false,"AvailableSortOptions":[],"AllowProductViewModeChanging":false,"AvailableViewModes":[],"AllowCustomersToSelectPageSize":false,"PageSizeOptions":[],"OrderBy":null,"Rating":null,"RatingOptions":[],"ViewMode":null,"FirstItem":0,"HasNextPage":false,"HasPreviousPage":false,"LastItem":0,"PageIndex":0,"PageNumber":0,"PageSize":0,"TotalItems":0,"TotalPages":0},"DisplayCategoryBreadcrumb":false,"CategoryBreadcrumb":[],"SubCategories":[],"FeaturedProducts":[],"Products":[],"Id":"67e029ed1b6988643a5ad162","UserFields":[]},{"ParentCategoryId":null,"Name":"Badebomben","Description":null,"BottomDescription":null,"MetaKeywords":null,"MetaDescription":null,"MetaTitle":null,"SeName":"badebomben","Flag":null,"FlagStyle":null,"Icon":null,"PictureModel":{"ImageUrl":null,"ThumbImageUrl":null,"FullSizeImageUrl":null,"Title":null,"AlternateText":null,"Style":null,"ExtraField":null,"Id":null,"UserFields":[]},"PagingFilteringContext":{"SpecificationFilter":{"Enabled":false,"AlreadyFilteredItems":[],"NotFilteredItems":[],"RemoveFilterUrl":null,"UserFields":[]},"AllowProductSorting":false,"AvailableSortOptions":[],"AllowProductViewModeChanging":false,"AvailableViewModes":[],"AllowCustomersToSelectPageSize":false,"PageSizeOptions":[],"OrderBy":null,"Rating":null,"RatingOptions":[],"ViewMode":null,"FirstItem":0,"HasNextPage":false,"HasPreviousPage":false,"LastItem":0,"PageIndex":0,"PageNumber":0,"PageSize":0,"TotalItems":0,"TotalPages":0},"DisplayCategoryBreadcrumb":false,"CategoryBreadcrumb":[],"SubCategories":[],"FeaturedProducts":[],"Products":[],"Id":"67e25b97b67213d7a69072c8","UserFields":[]}],"SubCategories":[],"FeaturedProducts":[],"Products":[{"Name":"Badepralinen 6er Set ","ShortDescription":"www.molashandgemacht.ch","FullDescription":"\u003Cp style=\u0022-webkit-tap-highlight-color: rgba(26, 26, 26, 0.3); font-family: Verdana, Arial, Helvetica, sans-serif; font-size: 14px;\u0022\u003EBadepralinen in einem 6-Set.\u0026nbsp;\u003C/p\u003E\u003Cp style=\u0022-webkit-tap-highlight-color: rgba(26, 26, 26, 0.3); font-family: Verdana, Arial, Helvetica, sans-serif; font-size: 14px;\u0022\u003EBadepralinen f\u00FCr den ultimativen Badespass, mit viel Schaum und Duft. (fest)\u003C/p\u003E\u003Cp style=\u0022-webkit-tap-highlight-color: rgba(26, 26, 26, 0.3); font-family: Verdana, Arial, Helvetica, sans-serif; font-size: 14px;\u0022\u003EAlles ohne Zusatzstoffe und Chemikalien\u003C/p\u003E\u003Cp style=\u0022-webkit-tap-highlight-color: rgba(26, 26, 26, 0.3); font-family: Verdana, Arial, Helvetica, sans-serif; font-size: 14px;\u0022\u003EZusammensetzung: Maizena, Zitronens\u00E4ure, Natron, Kokosfett, \u00E4therisches \u00D6l\u003C/p\u003E\u003Cp style=\u0022-webkit-tap-highlight-color: rgba(26, 26, 26, 0.3); font-family: Verdana, Arial, Helvetica, sans-serif; font-size: 14px;\u0022\u003E\u003Cbr\u003E\u003C/p\u003E\u003Cp style=\u0022-webkit-tap-highlight-color: rgba(26, 26, 26, 0.3); font-family: Verdana, Arial, Helvetica, sans-serif; font-size: 14px;\u0022\u003EZufalls D\u00FCfte\u003C/p\u003E\r\n    \r\n","SeName":"badepralinen-6er-set","Url":"/de/badepralinen-6er-set","ProductType":0,"MarkAsNew":false,"Sku":null,"Flag":null,"Gtin":null,"Mpn":null,"BrandName":"","IsFreeShipping":false,"ShowSku":false,"ShowQty":false,"LowStock":false,"EndTime":"2099-01-01T00:00:00Z","EndTimeLocalTime":"2099-01-01T01:00:00","TaxDisplayType":10,"Interval":0,"IntervalUnitId":0,"ProductPrice":{"OldPrice":null,"OldPriceValue":0,"CatalogPrice":null,"Price":"CHF 6.10","CallForPrice":false,"PriceValue":6.1,"PriceIncludesTax":false,"StartPrice":null,"StartPriceValue":0,"HighestBid":null,"HighestBidValue":0,"BasePricePAngV":null,"DisableBuyButton":false,"DisableWishlistButton":false,"DisableAddToCompareListButton":true,"AvailableForPreOrder":false,"PreOrderDateTimeUtc":null,"ForceRedirectionAfterAddingToCart":false,"AppliedDiscounts":[],"PreferredTierPrice":null,"UserFields":[]},"DefaultPictureModel":{"ImageUrl":"/assets/images/thumbs/badepralinen-6er-set_6a1851ab7679df8a95be39ff_415.jpeg","ThumbImageUrl":null,"FullSizeImageUrl":"/assets/images/thumbs/badepralinen-6er-set_6a1851ab7679df8a95be39ff.jpeg","Title":"Badepralinen 6er Set  1","AlternateText":"Badepralinen 6er Set  1","Style":null,"ExtraField":null,"Id":"6a1851ab7679df8a95be39ff","UserFields":[]},"SecondPictureModel":{"ImageUrl":null,"ThumbImageUrl":null,"FullSizeImageUrl":null,"Title":null,"AlternateText":null,"Style":null,"ExtraField":null,"Id":null,"UserFields":[]},"SpecificationAttributeModels":[],"ProductAttributeModels":[],"ReviewOverviewModel":{"ProductId":"6a1851787679df8a95b9be30","RatingSum":0,"TotalReviews":0,"AvgRating":0,"AllowCustomerReviews":true,"UserFields":[]},"Id":"6a1851787679df8a95b9be30","UserFields":[]},{"Name":"Feste Duschseife","ShortDescription":"www.molashandgemacht.ch","FullDescription":"\r\n    \u003Cp style=\u0022-webkit-tap-highlight-color: rgba(26, 26, 26, 0.3); font-family: Verdana, Arial, Helvetica, sans-serif; font-size: 14px;\u0022\u003EFeste Duschseife circa 75 Gramm.\u0026nbsp;\u003C/p\u003E\u003Cp style=\u0022-webkit-tap-highlight-color: rgba(26, 26, 26, 0.3); font-family: Verdana, Arial, Helvetica, sans-serif; font-size: 14px;\u0022\u003E\u003Cbr\u003E\u003C/p\u003E\u003Cp style=\u0022-webkit-tap-highlight-color: rgba(26, 26, 26, 0.3); font-family: Verdana, Arial, Helvetica, sans-serif; font-size: 14px;\u0022\u003EIdela f\u00FCr die t\u00E4gliche Reinigung, ohne Plastik oder Zusatzstoffe.\u0026nbsp;\u003C/p\u003E\u003Cp style=\u0022-webkit-tap-highlight-color: rgba(26, 26, 26, 0.3); font-family: Verdana, Arial, Helvetica, sans-serif; font-size: 14px;\u0022\u003EZusammensetzung: Maisst\u00E4rke, Natron, SLSA, Kakaobutter, \u00E4therisches \u00D6l\u003C/p\u003E\u003Cp style=\u0022-webkit-tap-highlight-color: rgba(26, 26, 26, 0.3); font-family: Verdana, Arial, Helvetica, sans-serif; font-size: 14px;\u0022\u003E\u003Cbr\u003E\u003C/p\u003E\u003Cp style=\u0022-webkit-tap-highlight-color: rgba(26, 26, 26, 0.3); font-family: Verdana, Arial, Helvetica, sans-serif; font-size: 14px;\u0022\u003ED\u00FCfte\u003C/p\u003E\u003Cp style=\u0022-webkit-tap-highlight-color: rgba(26, 26, 26, 0.3); font-family: Verdana, Arial, Helvetica, sans-serif; font-size: 14px;\u0022\u003E34: Zitrone\u003C/p\u003E\u003Cp style=\u0022-webkit-tap-highlight-color: rgba(26, 26, 26, 0.3); font-family: Verdana, Arial, Helvetica, sans-serif; font-size: 14px;\u0022\u003E36: Orange\u003C/p\u003E\u003Cp style=\u0022-webkit-tap-highlight-color: rgba(26, 26, 26, 0.3); font-family: Verdana, Arial, Helvetica, sans-serif; font-size: 14px;\u0022\u003E38: Grapefruit\u003C/p\u003E\u003Cp style=\u0022-webkit-tap-highlight-color: rgba(26, 26, 26, 0.3); font-family: Verdana, Arial, Helvetica, sans-serif; font-size: 14px;\u0022\u003E40: Lavendel\u003C/p\u003E\u003Cp style=\u0022-webkit-tap-highlight-color: rgba(26, 26, 26, 0.3); font-family: Verdana, Arial, Helvetica, sans-serif; font-size: 14px;\u0022\u003E42: Sandelholz\u003C/p\u003E\u003Cp style=\u0022-webkit-tap-highlight-color: rgba(26, 26, 26, 0.3); font-family: Verdana, Arial, Helvetica, sans-serif; font-size: 14px;\u0022\u003E44: Pfefferminze\u003C/p\u003E\u003Cp style=\u0022-webkit-tap-highlight-color: rgba(26, 26, 26, 0.3); font-family: Verdana, Arial, Helvetica, sans-serif; font-size: 14px;\u0022\u003E46: Kokosnuss\u003C/p\u003E\u003Cp style=\u0022-webkit-tap-highlight-color: rgba(26, 26, 26, 0.3); font-family: Verdana, Arial, Helvetica, sans-serif; font-size: 14px;\u0022\u003E48: LaMillion\u003C/p\u003E\u003Cp style=\u0022-webkit-tap-highlight-color: rgba(26, 26, 26, 0.3); font-family: Verdana, Arial, Helvetica, sans-serif; font-size: 14px;\u0022\u003E50: Frische-Kick\u003C/p\u003E\u003Cp style=\u0022-webkit-tap-highlight-color: rgba(26, 26, 26, 0.3); font-family: Verdana, Arial, Helvetica, sans-serif; font-size: 14px;\u0022\u003E52: Vanille\u003C/p\u003E\u003Cp style=\u0022-webkit-tap-highlight-color: rgba(26, 26, 26, 0.3); font-family: Verdana, Arial, Helvetica, sans-serif; font-size: 14px;\u0022\u003E54: Honig\u003C/p\u003E\u003Cp style=\u0022-webkit-tap-highlight-color: rgba(26, 26, 26, 0.3); font-family: Verdana, Arial, Helvetica, sans-serif; font-size: 14px;\u0022\u003E56: Ananas\u003C/p\u003E\r\n    \r\n\r\n","SeName":"feste-duschseife","Url":"/de/feste-duschseife","ProductType":0,"MarkAsNew":false,"Sku":null,"Flag":null,"Gtin":null,"Mpn":null,"BrandName":"","IsFreeShipping":false,"ShowSku":false,"ShowQty":false,"LowStock":false,"EndTime":"2099-01-01T00:00:00Z","EndTimeLocalTime":"2099-01-01T01:00:00","TaxDisplayType":10,"Interval":0,"IntervalUnitId":0,"ProductPrice":{"OldPrice":null,"OldPriceValue":0,"CatalogPrice":null,"Price":"CHF 6.30","CallForPrice":false,"PriceValue":6.3,"PriceIncludesTax":false,"StartPrice":null,"StartPriceValue":0,"HighestBid":null,"HighestBidValue":0,"BasePricePAngV":null,"DisableBuyButton":false,"DisableWishlistButton":false,"DisableAddToCompareListButton":true,"AvailableForPreOrder":false,"PreOrderDateTimeUtc":null,"ForceRedirectionAfterAddingToCart":false,"AppliedDiscounts":[],"PreferredTierPrice":null,"UserFields":[]},"DefaultPictureModel":{"ImageUrl":"/assets/images/thumbs/feste-duschseife_6a1852647679df8a95be54c5_415.jpeg","ThumbImageUrl":null,"FullSizeImageUrl":"/assets/images/thumbs/feste-duschseife_6a1852647679df8a95be54c5.jpeg","Title":"Feste Duschseife 1","AlternateText":"Feste Duschseife 1","Style":null,"ExtraField":null,"Id":"6a1852647679df8a95be54c5","UserFields":[]},"SecondPictureModel":{"ImageUrl":null,"ThumbImageUrl":null,"FullSizeImageUrl":null,"Title":null,"AlternateText":null,"Style":null,"ExtraField":null,"Id":null,"UserFields":[]},"SpecificationAttributeModels":[],"ProductAttributeModels":[],"ReviewOverviewModel":{"ProductId":"6a18521a7679df8a95be46b6","RatingSum":0,"TotalReviews":0,"AvgRating":0,"AllowCustomerReviews":true,"UserFields":[]},"Id":"6a18521a7679df8a95be46b6","UserFields":[]},{"Name":"Dusch-Peelingseife","ShortDescription":"www.molashandgemacht.ch","FullDescription":"\u003Cp style=\u0022-webkit-tap-highlight-color: rgba(26, 26, 26, 0.3); font-family: Verdana, Arial, Helvetica, sans-serif; font-size: 14px;\u0022\u003EFeste Dusch-Peelingseife circa 75 Gramm.\u0026nbsp;\u003C/p\u003E\u003Cp style=\u0022-webkit-tap-highlight-color: rgba(26, 26, 26, 0.3); font-family: Verdana, Arial, Helvetica, sans-serif; font-size: 14px;\u0022\u003E\u003Cbr\u003E\u003C/p\u003E\u003Cp style=\u0022-webkit-tap-highlight-color: rgba(26, 26, 26, 0.3); font-family: Verdana, Arial, Helvetica, sans-serif; font-size: 14px;\u0022\u003EIdeal f\u00FCr die Reinigung und ein zus\u00E4tzliches Peeling, alles in einem Produkt. Ohne Plastik oder Zusatzstoffe.\u0026nbsp;\u003C/p\u003E\u003Cp style=\u0022-webkit-tap-highlight-color: rgba(26, 26, 26, 0.3); font-family: Verdana, Arial, Helvetica, sans-serif; font-size: 14px;\u0022\u003EZusammensetzung: Maisst\u00E4rke, Natron, SLSA, Kakaobutter, \u00E4therisches \u00D6l, Kaffeesatz\u003C/p\u003E\u003Cp style=\u0022-webkit-tap-highlight-color: rgba(26, 26, 26, 0.3); font-family: Verdana, Arial, Helvetica, sans-serif; font-size: 14px;\u0022\u003E\u003Cbr\u003E\u003C/p\u003E\u003Cp style=\u0022-webkit-tap-highlight-color: rgba(26, 26, 26, 0.3); font-family: Verdana, Arial, Helvetica, sans-serif; font-size: 14px;\u0022\u003EIn folgenden D\u00FCfte erh\u00E4ltlich\u003C/p\u003E\u003Cp style=\u0022-webkit-tap-highlight-color: rgba(26, 26, 26, 0.3); font-family: Verdana, Arial, Helvetica, sans-serif; font-size: 14px;\u0022\u003E\u003Cbr\u003E\u003C/p\u003E\u003Cp style=\u0022-webkit-tap-highlight-color: rgba(26, 26, 26, 0.3); font-family: Verdana, Arial, Helvetica, sans-serif; font-size: 14px;\u0022\u003E34: Lavendel\u003C/p\u003E\u003Cp style=\u0022-webkit-tap-highlight-color: rgba(26, 26, 26, 0.3); font-family: Verdana, Arial, Helvetica, sans-serif; font-size: 14px;\u0022\u003E36: Pfefferminze\u003C/p\u003E\u003Cp style=\u0022-webkit-tap-highlight-color: rgba(26, 26, 26, 0.3); font-family: Verdana, Arial, Helvetica, sans-serif; font-size: 14px;\u0022\u003E38: Vanille\u003C/p\u003E\u003Cp style=\u0022-webkit-tap-highlight-color: rgba(26, 26, 26, 0.3); font-family: Verdana, Arial, Helvetica, sans-serif; font-size: 14px;\u0022\u003E40: Zitrone\u003C/p\u003E\u003Cp style=\u0022-webkit-tap-highlight-color: rgba(26, 26, 26, 0.3); font-family: Verdana, Arial, Helvetica, sans-serif; font-size: 14px;\u0022\u003E42: Orange\u003C/p\u003E\u003Cp style=\u0022-webkit-tap-highlight-color: rgba(26, 26, 26, 0.3); font-family: Verdana, Arial, Helvetica, sans-serif; font-size: 14px;\u0022\u003E44: Sandelholz\u003C/p\u003E\r\n    \r\n","SeName":"dusch-peelingseife","Url":"/de/dusch-peelingseife","ProductType":0,"MarkAsNew":false,"Sku":null,"Flag":null,"Gtin":null,"Mpn":null,"BrandName":"","IsFreeShipping":false,"ShowSku":false,"ShowQty":false,"LowStock":false,"EndTime":"2099-01-01T00:00:00Z","EndTimeLocalTime":"2099-01-01T01:00:00","TaxDisplayType":10,"Interval":0,"IntervalUnitId":0,"ProductPrice":{"OldPrice":null,"OldPriceValue":0,"CatalogPrice":null,"Price":"CHF 6.60","CallForPrice":false,"PriceValue":6.6,"PriceIncludesTax":false,"StartPrice":null,"StartPriceValue":0,"HighestBid":null,"HighestBidValue":0,"BasePricePAngV":null,"DisableBuyButton":false,"DisableWishlistButton":false,"DisableAddToCompareListButton":true,"AvailableForPreOrder":false,"PreOrderDateTimeUtc":null,"ForceRedirectionAfterAddingToCart":false,"AppliedDiscounts":[],"PreferredTierPrice":null,"UserFields":[]},"DefaultPictureModel":{"ImageUrl":"/assets/images/thumbs/dusch-peelingseife_6a18551f7679df8a95cc31d6_415.jpeg","ThumbImageUrl":null,"FullSizeImageUrl":"/assets/images/thumbs/dusch-peelingseife_6a18551f7679df8a95cc31d6.jpeg","Title":"Dusch-Peelingseife 1","AlternateText":"Dusch-Peelingseife 1","Style":null,"ExtraField":null,"Id":"6a18551f7679df8a95cc31d6","UserFields":[]},"SecondPictureModel":{"ImageUrl":null,"ThumbImageUrl":null,"FullSizeImageUrl":null,"Title":null,"AlternateText":null,"Style":null,"ExtraField":null,"Id":null,"UserFields":[]},"SpecificationAttributeModels":[],"ProductAttributeModels":[],"ReviewOverviewModel":{"ProductId":"6a1854f07679df8a95cc2444","RatingSum":0,"TotalReviews":0,"AvgRating":0,"AllowCustomerReviews":true,"UserFields":[]},"Id":"6a1854f07679df8a95cc2444","UserFields":[]},{"Name":"Badesalz mit Lavendelduft im Glas 300 Gramm","ShortDescription":"www.molashandgemacht.ch","FullDescription":"\u003Cp style=\u0022border-color: var(--color-gray-200, currentColor); border-image-source: none; -webkit-tap-highlight-color: rgba(26, 26, 26, 0.3); font-family: Verdana, Arial, Helvetica, sans-serif; font-size: 14px;\u0022\u003EBadesalz im Glas 300 Gramm\u003C/p\u003E\u003Cp style=\u0022border-color: var(--color-gray-200, currentColor); border-image-source: none; -webkit-tap-highlight-color: rgba(26, 26, 26, 0.3); font-family: Verdana, Arial, Helvetica, sans-serif; font-size: 14px;\u0022\u003ETauchen Sie mit Ihren Lieblingsd\u00FCften in die Wanne ein.\u003C/p\u003E\u003Cp style=\u0022border-color: var(--color-gray-200, currentColor); border-image-source: none; -webkit-tap-highlight-color: rgba(26, 26, 26, 0.3); font-family: Verdana, Arial, Helvetica, sans-serif; font-size: 14px;\u0022\u003EZur Anwendung geben Sie das Badesalz einfach in die gef\u00FCllte Wanne. F\u00FCr ein Vollbad gen\u00FCgen zwei bis drei Essl\u00F6ffel der duftenden Mischung. Ein wohlig-w\u00E4rmendes Fussbad in einer kleinen Wanne kommt mit etwa einem Teel\u00F6ffel aus.\u003C/p\u003E\u003Cp style=\u0022border-color: var(--color-gray-200, currentColor); border-image-source: none; -webkit-tap-highlight-color: rgba(26, 26, 26, 0.3); font-family: Verdana, Arial, Helvetica, sans-serif; font-size: 14px;\u0022\u003E\u0026nbsp;\u003C/p\u003E\u003Cp style=\u0022border-color: var(--color-gray-200, currentColor); border-image-source: none; -webkit-tap-highlight-color: rgba(26, 26, 26, 0.3); font-family: Verdana, Arial, Helvetica, sans-serif; font-size: 14px;\u0022\u003EZusammensetzung: Meeressalz, Wasser, Lebensmittelfarbe, \u00E4therisches \u00D6l.\u003C/p\u003E\r\n    \r\n","SeName":"badesalz-mit-lavendelduft-im-glas-300-gramm","Url":"/de/badesalz-mit-lavendelduft-im-glas-300-gramm","ProductType":0,"MarkAsNew":false,"Sku":null,"Flag":null,"Gtin":null,"Mpn":null,"BrandName":"","IsFreeShipping":false,"ShowSku":false,"ShowQty":false,"LowStock":false,"EndTime":"2099-01-01T00:00:00Z","EndTimeLocalTime":"2099-01-01T01:00:00","TaxDisplayType":10,"Interval":0,"IntervalUnitId":0,"ProductPrice":{"OldPrice":null,"OldPriceValue":0,"CatalogPrice":null,"Price":"CHF 6.90","CallForPrice":false,"PriceValue":6.9,"PriceIncludesTax":false,"StartPrice":null,"StartPriceValue":0,"HighestBid":null,"HighestBidValue":0,"BasePricePAngV":null,"DisableBuyButton":false,"DisableWishlistButton":false,"DisableAddToCompareListButton":true,"AvailableForPreOrder":false,"PreOrderDateTimeUtc":null,"ForceRedirectionAfterAddingToCart":false,"AppliedDiscounts":[],"PreferredTierPrice":null,"UserFields":[]},"DefaultPictureModel":{"ImageUrl":"/assets/images/thumbs/badesalz-mit-lavendelduft-im-glas-300-gramm_6a1c560ac247134b6b483f35_415.jpeg","ThumbImageUrl":null,"FullSizeImageUrl":"/assets/images/thumbs/badesalz-mit-lavendelduft-im-glas-300-gramm_6a1c560ac247134b6b483f35.jpeg","Title":"Badesalz im Glas 300 Gramm 1","AlternateText":"Badesalz im Glas 300 Gramm 1","Style":null,"ExtraField":null,"Id":"6a1c560ac247134b6b483f35","UserFields":[]},"SecondPictureModel":{"ImageUrl":null,"ThumbImageUrl":null,"FullSizeImageUrl":null,"Title":null,"AlternateText":null,"Style":null,"ExtraField":null,"Id":null,"UserFields":[]},"SpecificationAttributeModels":[],"ProductAttributeModels":[],"ReviewOverviewModel":{"ProductId":"6a1c55eec247134b6b483151","RatingSum":0,"TotalReviews":0,"AvgRating":0,"AllowCustomerReviews":true,"UserFields":[]},"Id":"6a1c55eec247134b6b483151","UserFields":[]},{"Name":"Badesalz mit Orangenduft im Glas 300 Gramm","ShortDescription":"www.momashandgemacht.ch","FullDescription":"\u003Cp style=\u0022border-color: var(--color-gray-200, currentColor); border-image-source: none; -webkit-tap-highlight-color: rgba(26, 26, 26, 0.3); font-family: Verdana, Arial, Helvetica, sans-serif; font-size: 14px;\u0022\u003EBadesalz im Glas 300 Gramm\u003C/p\u003E\u003Cp style=\u0022border-color: var(--color-gray-200, currentColor); border-image-source: none; -webkit-tap-highlight-color: rgba(26, 26, 26, 0.3); font-family: Verdana, Arial, Helvetica, sans-serif; font-size: 14px;\u0022\u003ETauchen Sie mit Ihren Lieblingsd\u00FCften in die Wanne ein.\u003C/p\u003E\u003Cp style=\u0022border-color: var(--color-gray-200, currentColor); border-image-source: none; -webkit-tap-highlight-color: rgba(26, 26, 26, 0.3); font-family: Verdana, Arial, Helvetica, sans-serif; font-size: 14px;\u0022\u003EZur Anwendung geben Sie das Badesalz einfach in die gef\u00FCllte Wanne. F\u00FCr ein Vollbad gen\u00FCgen zwei bis drei Essl\u00F6ffel der duftenden Mischung. Ein wohlig-w\u00E4rmendes Fussbad in einer kleinen Wanne kommt mit etwa einem Teel\u00F6ffel aus.\u003C/p\u003E\u003Cp style=\u0022border-color: var(--color-gray-200, currentColor); border-image-source: none; -webkit-tap-highlight-color: rgba(26, 26, 26, 0.3); font-family: Verdana, Arial, Helvetica, sans-serif; font-size: 14px;\u0022\u003E\u0026nbsp;\u003C/p\u003E\u003Cp style=\u0022border-color: var(--color-gray-200, currentColor); border-image-source: none; -webkit-tap-highlight-color: rgba(26, 26, 26, 0.3); font-family: Verdana, Arial, Helvetica, sans-serif; font-size: 14px;\u0022\u003EZusammensetzung: Meeressalz, Wasser, Lebensmittelfarbe, \u00E4therisches \u00D6l.\u003C/p\u003E\r\n    \r\n","SeName":"badesalz-mit-orangenduft-im-glas-300-gramm","Url":"/de/badesalz-mit-orangenduft-im-glas-300-gramm","ProductType":0,"MarkAsNew":false,"Sku":null,"Flag":null,"Gtin":null,"Mpn":null,"BrandName":"","IsFreeShipping":false,"ShowSku":false,"ShowQty":false,"LowStock":false,"EndTime":"2099-01-01T00:00:00Z","EndTimeLocalTime":"2099-01-01T01:00:00","TaxDisplayType":10,"Interval":0,"IntervalUnitId":0,"ProductPrice":{"OldPrice":null,"OldPriceValue":0,"CatalogPrice":null,"Price":"CHF 6.90","CallForPrice":false,"PriceValue":6.9,"PriceIncludesTax":false,"StartPrice":null,"StartPriceValue":0,"HighestBid":null,"HighestBidValue":0,"BasePricePAngV":null,"DisableBuyButton":false,"DisableWishlistButton":false,"DisableAddToCompareListButton":true,"AvailableForPreOrder":false,"PreOrderDateTimeUtc":null,"ForceRedirectionAfterAddingToCart":false,"AppliedDiscounts":[],"PreferredTierPrice":null,"UserFields":[]},"DefaultPictureModel":{"ImageUrl":"/assets/images/thumbs/badesalz-mit-orangenduft-im-glas-300-gramm_6a1c56f3c247134b6b4cf021_415.jpeg","ThumbImageUrl":null,"FullSizeImageUrl":"/assets/images/thumbs/badesalz-mit-orangenduft-im-glas-300-gramm_6a1c56f3c247134b6b4cf021.jpeg","Title":"Badesalz mit Orangenduft im Glas 300 Gramm 1","AlternateText":"Badesalz mit Orangenduft im Glas 300 Gramm 1","Style":null,"ExtraField":null,"Id":"6a1c56f3c247134b6b4cf021","UserFields":[]},"SecondPictureModel":{"ImageUrl":null,"ThumbImageUrl":null,"FullSizeImageUrl":null,"Title":null,"AlternateText":null,"Style":null,"ExtraField":null,"Id":null,"UserFields":[]},"SpecificationAttributeModels":[],"ProductAttributeModels":[],"ReviewOverviewModel":{"ProductId":"6a1c56e6c247134b6b4ce27f","RatingSum":0,"TotalReviews":0,"AvgRating":0,"AllowCustomerReviews":true,"UserFields":[]},"Id":"6a1c56e6c247134b6b4ce27f","UserFields":[]},{"Name":"Badesalz Erk\u00E4ltungsbad im Glas 300 Gramm","ShortDescription":"www.molashandgemacht.ch","FullDescription":"\u003Cp style=\u0022border-color: var(--color-gray-200, currentColor); border-image-source: none; -webkit-tap-highlight-color: rgba(26, 26, 26, 0.3); font-family: Verdana, Arial, Helvetica, sans-serif; font-size: 14px;\u0022\u003EBadesalz im Glas 300 Gramm\u003C/p\u003E\u003Cp style=\u0022border-color: var(--color-gray-200, currentColor); border-image-source: none; -webkit-tap-highlight-color: rgba(26, 26, 26, 0.3); font-family: Verdana, Arial, Helvetica, sans-serif; font-size: 14px;\u0022\u003ETauchen Sie mit Ihren Lieblingsd\u00FCften in die Wanne ein.\u003C/p\u003E\u003Cp style=\u0022border-color: var(--color-gray-200, currentColor); border-image-source: none; -webkit-tap-highlight-color: rgba(26, 26, 26, 0.3); font-family: Verdana, Arial, Helvetica, sans-serif; font-size: 14px;\u0022\u003EZur Anwendung geben Sie das Badesalz einfach in die gef\u00FCllte Wanne. F\u00FCr ein Vollbad gen\u00FCgen zwei bis drei Essl\u00F6ffel der duftenden Mischung. Ein wohlig-w\u00E4rmendes Fussbad in einer kleinen Wanne kommt mit etwa einem Teel\u00F6ffel aus.\u003C/p\u003E\u003Cp style=\u0022border-color: var(--color-gray-200, currentColor); border-image-source: none; -webkit-tap-highlight-color: rgba(26, 26, 26, 0.3); font-family: Verdana, Arial, Helvetica, sans-serif; font-size: 14px;\u0022\u003E\u0026nbsp;\u003C/p\u003E\u003Cp style=\u0022border-color: var(--color-gray-200, currentColor); border-image-source: none; -webkit-tap-highlight-color: rgba(26, 26, 26, 0.3); font-family: Verdana, Arial, Helvetica, sans-serif; font-size: 14px;\u0022\u003EZusammensetzung: Meeressalz, Wasser, Lebensmittelfarbe, \u00E4therisches \u00D6l.\u003C/p\u003E\r\n    \r\n","SeName":"badesalz-erk\u00E4ltungsbad-im-glas-300-gramm","Url":"/de/badesalz-erk%C3%A4ltungsbad-im-glas-300-gramm","ProductType":0,"MarkAsNew":false,"Sku":null,"Flag":null,"Gtin":null,"Mpn":null,"BrandName":"","IsFreeShipping":false,"ShowSku":false,"ShowQty":false,"LowStock":false,"EndTime":"2099-01-01T00:00:00Z","EndTimeLocalTime":"2099-01-01T01:00:00","TaxDisplayType":10,"Interval":0,"IntervalUnitId":0,"ProductPrice":{"OldPrice":null,"OldPriceValue":0,"CatalogPrice":null,"Price":"CHF 6.90","CallForPrice":false,"PriceValue":6.9,"PriceIncludesTax":false,"StartPrice":null,"StartPriceValue":0,"HighestBid":null,"HighestBidValue":0,"BasePricePAngV":null,"DisableBuyButton":false,"DisableWishlistButton":false,"DisableAddToCompareListButton":true,"AvailableForPreOrder":false,"PreOrderDateTimeUtc":null,"ForceRedirectionAfterAddingToCart":false,"AppliedDiscounts":[],"PreferredTierPrice":null,"UserFields":[]},"DefaultPictureModel":{"ImageUrl":"/assets/images/thumbs/badesalz-erkltungsbad-im-glas-300-gramm_6a1c5780c247134b6b4d1eec_415.jpeg","ThumbImageUrl":null,"FullSizeImageUrl":"/assets/images/thumbs/badesalz-erkltungsbad-im-glas-300-gramm_6a1c5780c247134b6b4d1eec.jpeg","Title":"Badesalz Erk\u00E4ltungsbad im Glas 300 Gramm 1","AlternateText":"Badesalz Erk\u00E4ltungsbad im Glas 300 Gramm 1","Style":null,"ExtraField":null,"Id":"6a1c5780c247134b6b4d1eec","UserFields":[]},"SecondPictureModel":{"ImageUrl":null,"ThumbImageUrl":null,"FullSizeImageUrl":null,"Title":null,"AlternateText":null,"Style":null,"ExtraField":null,"Id":null,"UserFields":[]},"SpecificationAttributeModels":[],"ProductAttributeModels":[],"ReviewOverviewModel":{"ProductId":"6a1c5762c247134b6b4d1145","RatingSum":0,"TotalReviews":0,"AvgRating":0,"AllowCustomerReviews":true,"UserFields":[]},"Id":"6a1c5762c247134b6b4d1145","UserFields":[]}],"Id":"67e25b97b67213d7a69072c8","UserFields":[]}