{"ParentCategoryId":"","Name":"Bad \u0026 Beauty","Description":null,"BottomDescription":null,"MetaKeywords":null,"MetaDescription":null,"MetaTitle":null,"SeName":"bad-beauty","Flag":null,"FlagStyle":null,"Icon":null,"PictureModel":{"ImageUrl":null,"ThumbImageUrl":null,"FullSizeImageUrl":null,"Title":null,"AlternateText":null,"Style":null,"ExtraField":null,"Id":null,"UserFields":[]},"PagingFilteringContext":{"SpecificationFilter":{"Enabled":false,"AlreadyFilteredItems":[],"NotFilteredItems":[],"RemoveFilterUrl":null,"UserFields":[]},"AllowProductSorting":true,"AvailableSortOptions":[{"Disabled":false,"Group":null,"Selected":true,"Text":"Position","Value":"/de/bad-beauty?orderby=0"},{"Disabled":false,"Group":null,"Selected":false,"Text":"Name: A to Z","Value":"/de/bad-beauty?orderby=5"},{"Disabled":false,"Group":null,"Selected":false,"Text":"Name: Z to A","Value":"/de/bad-beauty?orderby=6"},{"Disabled":false,"Group":null,"Selected":false,"Text":"Price: Low to High","Value":"/de/bad-beauty?orderby=10"},{"Disabled":false,"Group":null,"Selected":false,"Text":"Price: High to Low","Value":"/de/bad-beauty?orderby=11"},{"Disabled":false,"Group":null,"Selected":false,"Text":"Created on","Value":"/de/bad-beauty?orderby=15"},{"Disabled":false,"Group":null,"Selected":false,"Text":"Best Sellers","Value":"/de/bad-beauty?orderby=20"},{"Disabled":false,"Group":null,"Selected":false,"Text":"Most Viewed","Value":"/de/bad-beauty?orderby=25"},{"Disabled":false,"Group":null,"Selected":false,"Text":"On Sale","Value":"/de/bad-beauty?orderby=30"},{"Disabled":false,"Group":null,"Selected":false,"Text":"Rating","Value":"/de/bad-beauty?orderby=40"}],"AllowProductViewModeChanging":true,"AvailableViewModes":[{"Disabled":false,"Group":null,"Selected":true,"Text":"Tabelle","Value":"/de/bad-beauty?viewmode=grid"},{"Disabled":false,"Group":null,"Selected":false,"Text":"Liste","Value":"/de/bad-beauty?viewmode=list"}],"AllowCustomersToSelectPageSize":false,"PageSizeOptions":[],"OrderBy":0,"Rating":null,"RatingOptions":[],"ViewMode":"grid","FirstItem":1,"HasNextPage":true,"HasPreviousPage":false,"LastItem":12,"PageIndex":0,"PageNumber":1,"PageSize":12,"TotalItems":42,"TotalPages":4},"DisplayCategoryBreadcrumb":true,"CategoryBreadcrumb":[{"ParentCategoryId":null,"Name":"Bad \u0026 Beauty","Description":null,"BottomDescription":null,"MetaKeywords":null,"MetaDescription":null,"MetaTitle":null,"SeName":"bad-beauty","Flag":null,"FlagStyle":null,"Icon":null,"PictureModel":{"ImageUrl":null,"ThumbImageUrl":null,"FullSizeImageUrl":null,"Title":null,"AlternateText":null,"Style":null,"ExtraField":null,"Id":null,"UserFields":[]},"PagingFilteringContext":{"SpecificationFilter":{"Enabled":false,"AlreadyFilteredItems":[],"NotFilteredItems":[],"RemoveFilterUrl":null,"UserFields":[]},"AllowProductSorting":false,"AvailableSortOptions":[],"AllowProductViewModeChanging":false,"AvailableViewModes":[],"AllowCustomersToSelectPageSize":false,"PageSizeOptions":[],"OrderBy":null,"Rating":null,"RatingOptions":[],"ViewMode":null,"FirstItem":0,"HasNextPage":false,"HasPreviousPage":false,"LastItem":0,"PageIndex":0,"PageNumber":0,"PageSize":0,"TotalItems":0,"TotalPages":0},"DisplayCategoryBreadcrumb":false,"CategoryBreadcrumb":[],"SubCategories":[],"FeaturedProducts":[],"Products":[],"Id":"67e029ed1b6988643a5ad162","UserFields":[]}],"SubCategories":[{"Name":"Badebomben","SeName":"badebomben","Description":null,"Flag":null,"FlagStyle":null,"PictureModel":{"ImageUrl":"/assets/images/thumbs/no-image_450.png","ThumbImageUrl":null,"FullSizeImageUrl":"/assets/images/no-image.png","Title":"Zeige Produkte f\u00FCr Kategorie Badebomben","AlternateText":"Bild f\u00FCr Kategorie Badebomben","Style":null,"ExtraField":null,"Id":null,"UserFields":[]},"Id":"67e25b97b67213d7a69072c8","UserFields":[]},{"Name":"Mehrfachschaumbad","SeName":"mehrfachschaumbad","Description":null,"Flag":null,"FlagStyle":null,"PictureModel":{"ImageUrl":"/assets/images/thumbs/no-image_450.png","ThumbImageUrl":null,"FullSizeImageUrl":"/assets/images/no-image.png","Title":"Zeige Produkte f\u00FCr Kategorie Mehrfachschaumbad","AlternateText":"Bild f\u00FCr Kategorie Mehrfachschaumbad","Style":null,"ExtraField":null,"Id":null,"UserFields":[]},"Id":"67e25d7fb67213d7a6912d2e","UserFields":[]},{"Name":"Badesalze","SeName":"badesalze","Description":null,"Flag":null,"FlagStyle":null,"PictureModel":{"ImageUrl":"/assets/images/thumbs/no-image_450.png","ThumbImageUrl":null,"FullSizeImageUrl":"/assets/images/no-image.png","Title":"Zeige Produkte f\u00FCr Kategorie Badesalze","AlternateText":"Bild f\u00FCr Kategorie Badesalze","Style":null,"ExtraField":null,"Id":null,"UserFields":[]},"Id":"67e25df5b67213d7a69186b8","UserFields":[]},{"Name":"Scrub","SeName":"scrub","Description":null,"Flag":null,"FlagStyle":null,"PictureModel":{"ImageUrl":"/assets/images/thumbs/no-image_450.png","ThumbImageUrl":null,"FullSizeImageUrl":"/assets/images/no-image.png","Title":"Zeige Produkte f\u00FCr Kategorie Scrub","AlternateText":"Bild f\u00FCr Kategorie Scrub","Style":null,"ExtraField":null,"Id":null,"UserFields":[]},"Id":"67e25e71b67213d7a691d0ca","UserFields":[]},{"Name":"Seifen","SeName":"seifen","Description":null,"Flag":null,"FlagStyle":null,"PictureModel":{"ImageUrl":"/assets/images/thumbs/no-image_450.png","ThumbImageUrl":null,"FullSizeImageUrl":"/assets/images/no-image.png","Title":"Zeige Produkte f\u00FCr Kategorie Seifen","AlternateText":"Bild f\u00FCr Kategorie Seifen","Style":null,"ExtraField":null,"Id":null,"UserFields":[]},"Id":"67e25f37b67213d7a692e775","UserFields":[]},{"Name":"Lippenbalsam","SeName":"lippenbalsam","Description":null,"Flag":null,"FlagStyle":null,"PictureModel":{"ImageUrl":"/assets/images/thumbs/no-image_450.png","ThumbImageUrl":null,"FullSizeImageUrl":"/assets/images/no-image.png","Title":"Zeige Produkte f\u00FCr Kategorie Lippenbalsam","AlternateText":"Bild f\u00FCr Kategorie Lippenbalsam","Style":null,"ExtraField":null,"Id":null,"UserFields":[]},"Id":"67e25fc1b67213d7a69342ed","UserFields":[]},{"Name":"Mehr","SeName":"mehr-b6bda66f-6d15-4b5d-b29e-8c53bcd3f145","Description":null,"Flag":null,"FlagStyle":null,"PictureModel":{"ImageUrl":"/assets/images/thumbs/no-image_450.png","ThumbImageUrl":null,"FullSizeImageUrl":"/assets/images/no-image.png","Title":"Zeige Produkte f\u00FCr Kategorie Mehr","AlternateText":"Bild f\u00FCr Kategorie Mehr","Style":null,"ExtraField":null,"Id":null,"UserFields":[]},"Id":"67e2603fb67213d7a6939b8d","UserFields":[]}],"FeaturedProducts":[],"Products":[{"Name":"Sanfter Handschuh f\u00FCr das Peeling der Haut \u2013 handgefertigt","ShortDescription":"Ein nat\u00FCrlicher Handschuh, der vollst\u00E4ndig von Hand gefertigt ist, gedacht f\u00FCr eine sanfte Exfoliation der Haut und zur Aktivierung der Durchblutung.  \nPerfekt unter der Dusche oder w\u00E4hrend des Bades, hilft er, die Haut weich, glatt und strahlend zu halten und f\u00F6rdert die Zellregeneration.  \n\nJeder Handschuh ist ein Unikat, handgeh\u00E4kelt und aus hochwertigen Materialien, auch ideal als Geschenkidee f\u00FCr diejenigen, die sich einfach und nat\u00FCrlich um sich selbst k\u00FCmmern m\u00F6chten.  \n\n\uD83D\uDC49 Waschbar und wiederverwendbar, f\u00FCr eine nachhaltige Sch\u00F6nheit ohne Abfall.","FullDescription":"\u003Cp data-start=\u0022294\u0022 data-end=\u0022584\u0022\u003EEin nat\u00FCrlicher Handschuh, der vollst\u00E4ndig von Hand gefertigt ist, gedacht zum \u003Cstrong data-start=\u0022369\u0022 data-end=\u0022405\u0022\u003Esanften Peeling der Haut\u003C/strong\u003E und zum \u003Cstrong data-start=\u0022408\u0022 data-end=\u0022438\u0022\u003EWiederaktivieren der Durchblutung\u003C/strong\u003E.\u003Cbr data-start=\u0022439\u0022 data-end=\u0022442\u0022\u003E\r\nPerfekt unter der Dusche oder beim Baden, hilft er, die Haut \u003Cstrong data-start=\u0022514\u0022 data-end=\u0022544\u0022\u003Eweich, glatt und strahlend\u003C/strong\u003E zu halten und f\u00F6rdert die Zellregeneration.\u003C/p\u003E\r\n\u003Cp data-start=\u0022586\u0022 data-end=\u0022755\u0022\u003EJeder Handschuh ist \u003Cstrong data-start=\u0022600\u0022 data-end=\u0022618\u0022\u003Eein Unikat\u003C/strong\u003E, geh\u00E4kelt und aus hochwertigen Materialien, ideal auch als Geschenkidee f\u00FCr alle, die sich auf einfache und nat\u00FCrliche Weise um sich selbst k\u00FCmmern m\u00F6chten.\u003C/p\u003E\r\n\u003Cp data-start=\u0022757\u0022 data-end=\u0022834\u0022\u003E\uD83D\uDC49 Waschbar und wiederverwendbar, f\u00FCr nachhaltige Sch\u00F6nheit und ohne Abfall.\u003C/p\u003E","SeName":"sanfter-handschuh-fr-das-peeling-der-haut-handgefertigt","Url":"/de/sanfter-handschuh-fr-das-peeling-der-haut-handgefertigt","ProductType":0,"MarkAsNew":false,"Sku":null,"Flag":null,"Gtin":null,"Mpn":null,"BrandName":"","IsFreeShipping":false,"ShowSku":false,"ShowQty":false,"LowStock":false,"EndTime":"2099-01-01T00:00:00Z","EndTimeLocalTime":"2099-01-01T01:00:00","TaxDisplayType":10,"Interval":0,"IntervalUnitId":0,"ProductPrice":{"OldPrice":null,"OldPriceValue":0,"CatalogPrice":null,"Price":"CHF 7.90","CallForPrice":false,"PriceValue":7.9,"PriceIncludesTax":false,"StartPrice":null,"StartPriceValue":0,"HighestBid":null,"HighestBidValue":0,"BasePricePAngV":null,"DisableBuyButton":false,"DisableWishlistButton":false,"DisableAddToCompareListButton":true,"AvailableForPreOrder":false,"PreOrderDateTimeUtc":null,"ForceRedirectionAfterAddingToCart":false,"AppliedDiscounts":[],"PreferredTierPrice":null,"UserFields":[]},"DefaultPictureModel":{"ImageUrl":"/assets/images/thumbs/sanfter-handschuh-fr-das-peeling-der-haut-handgefertigt_68ed4530e51e37cf738aec26_415.jpeg","ThumbImageUrl":null,"FullSizeImageUrl":"/assets/images/thumbs/sanfter-handschuh-fr-das-peeling-der-haut-handgefertigt_68ed4530e51e37cf738aec26.jpeg","Title":"Sanfter Handschuh f\u00FCr das Peeling der Haut \u2013 handgefertigt 1","AlternateText":"Sanfter Handschuh f\u00FCr das Peeling der Haut \u2013 handgefertigt 1","Style":null,"ExtraField":null,"Id":"68ed4530e51e37cf738aec26","UserFields":[]},"SecondPictureModel":{"ImageUrl":"/assets/images/thumbs/sanfter-handschuh-fr-das-peeling-der-haut-handgefertigt_68ed4551e51e37cf738af919_415.jpeg","ThumbImageUrl":null,"FullSizeImageUrl":"/assets/images/thumbs/sanfter-handschuh-fr-das-peeling-der-haut-handgefertigt_68ed4551e51e37cf738af919.jpeg","Title":"Sanfter Handschuh f\u00FCr das Peeling der Haut \u2013 handgefertigt 2","AlternateText":"Sanfter Handschuh f\u00FCr das Peeling der Haut \u2013 handgefertigt 2","Style":null,"ExtraField":null,"Id":"68ed4551e51e37cf738af919","UserFields":[]},"SpecificationAttributeModels":[],"ProductAttributeModels":[],"ReviewOverviewModel":{"ProductId":"68ed4352e51e37cf738a5874","RatingSum":0,"TotalReviews":0,"AvgRating":0,"AllowCustomerReviews":true,"UserFields":[]},"Id":"68ed4352e51e37cf738a5874","UserFields":[]},{"Name":"Beinwell-Salbe","ShortDescription":"www.molashandgemacht.ch","FullDescription":"\u003Cp style=\u0022-webkit-tap-highlight-color: rgba(26, 26, 26, 0.3); font-family: Verdana, Arial, Helvetica, sans-serif; font-size: 14px;\u0022\u003EVerwendet wird die Beinwellsalbe haupts\u00E4chlich \u00E4u\u00DFerlich bei Gelenkbeschwerden, Muskelzerrungen, Verstauchungen oder bei Prellungen. Daher auch der Beiname \u0022Knochenheiler\u0022.\u003C/p\u003E\u003Cp style=\u0022-webkit-tap-highlight-color: rgba(26, 26, 26, 0.3); font-family: Verdana, Arial, Helvetica, sans-serif; font-size: 14px;\u0022\u003EVor allem in der Beinwellwurzel sollen sich viele positive Pflanzeninhaltsstoffe wie Schleimstoffe, Gerbstoffe und das wertvolle Allantoin, welches Heilungsprozesse unterst\u00FCtzen soll, befinden.\u0026nbsp;\u003C/p\u003E\u003Cp style=\u0022-webkit-tap-highlight-color: rgba(26, 26, 26, 0.3); font-family: Verdana, Arial, Helvetica, sans-serif; font-size: 14px;\u0022\u003EAuf die betroffene Stelle auftragen und einwirken lassen.\u003C/p\u003E\u003Cp style=\u0022-webkit-tap-highlight-color: rgba(26, 26, 26, 0.3); font-family: Verdana, Arial, Helvetica, sans-serif; font-size: 14px;\u0022\u003E\u0026nbsp;\u003C/p\u003E\u003Cp style=\u0022-webkit-tap-highlight-color: rgba(26, 26, 26, 0.3); font-family: Verdana, Arial, Helvetica, sans-serif; font-size: 14px;\u0022\u003EZusammensetzung : frischer \u00D6lauszug aus der Beinwellwurzel, Bienenwachs, \u00E4therisches \u00D6l.\u0026nbsp;\u003C/p\u003E\u003Cp style=\u0022-webkit-tap-highlight-color: rgba(26, 26, 26, 0.3); font-family: Verdana, Arial, Helvetica, sans-serif; font-size: 14px;\u0022\u003EAlles rein Nat\u00FCrlich, ohne Mineral\u00F6le.\u003C/p\u003E\r\n    \r\n","SeName":"beinwell-salbe","Url":"/de/beinwell-salbe","ProductType":0,"MarkAsNew":false,"Sku":null,"Flag":null,"Gtin":null,"Mpn":null,"BrandName":"","IsFreeShipping":false,"ShowSku":false,"ShowQty":false,"LowStock":false,"EndTime":"2099-01-01T00:00:00Z","EndTimeLocalTime":"2099-01-01T01:00:00","TaxDisplayType":10,"Interval":0,"IntervalUnitId":0,"ProductPrice":{"OldPrice":null,"OldPriceValue":0,"CatalogPrice":null,"Price":"CHF 5.80","CallForPrice":false,"PriceValue":5.8,"PriceIncludesTax":false,"StartPrice":null,"StartPriceValue":0,"HighestBid":null,"HighestBidValue":0,"BasePricePAngV":null,"DisableBuyButton":false,"DisableWishlistButton":false,"DisableAddToCompareListButton":true,"AvailableForPreOrder":false,"PreOrderDateTimeUtc":null,"ForceRedirectionAfterAddingToCart":false,"AppliedDiscounts":[],"PreferredTierPrice":null,"UserFields":[]},"DefaultPictureModel":{"ImageUrl":"/assets/images/thumbs/beinwell-salbe_6a12cc3b8f26cb22438d7a93_415.jpeg","ThumbImageUrl":null,"FullSizeImageUrl":"/assets/images/thumbs/beinwell-salbe_6a12cc3b8f26cb22438d7a93.jpeg","Title":"Beinwell-Salbe 1","AlternateText":"Beinwell-Salbe 1","Style":null,"ExtraField":null,"Id":"6a12cc3b8f26cb22438d7a93","UserFields":[]},"SecondPictureModel":{"ImageUrl":null,"ThumbImageUrl":null,"FullSizeImageUrl":null,"Title":null,"AlternateText":null,"Style":null,"ExtraField":null,"Id":null,"UserFields":[]},"SpecificationAttributeModels":[],"ProductAttributeModels":[],"ReviewOverviewModel":{"ProductId":"6a12cc138f26cb22438d6b9f","RatingSum":0,"TotalReviews":0,"AvgRating":0,"AllowCustomerReviews":true,"UserFields":[]},"Id":"6a12cc138f26cb22438d6b9f","UserFields":[]},{"Name":"L\u00F6wenzahn-Salbe","ShortDescription":"www.molashandgemacht.ch","FullDescription":"\u003Cp style=\u0022-webkit-tap-highlight-color: rgba(26, 26, 26, 0.3); font-family: Verdana, Arial, Helvetica, sans-serif; font-size: 14px;\u0022\u003EDarf in keiner Haushaltsapotheke fehlen.\u003C/p\u003E\u003Cp style=\u0022-webkit-tap-highlight-color: rgba(26, 26, 26, 0.3); font-family: Verdana, Arial, Helvetica, sans-serif; font-size: 14px;\u0022\u003EDiese Salbe ist ideal\u0026nbsp;zur Linderung von Schmerzen und zur Linderung von m\u00FCden H\u00E4nden und F\u00FC\u00DFen. Mit einer weichen und seidigen Textur ist die Salbe gut f\u00FCr trockene Haut und kann sogar als Massagebalsam verwendet werden, um Muskelschmerzen und schmerzende Gelenke zu lindern.\u003C/p\u003E\u003Cp style=\u0022-webkit-tap-highlight-color: rgba(26, 26, 26, 0.3); font-family: Verdana, Arial, Helvetica, sans-serif; font-size: 14px;\u0022\u003EZusammensetzung: frischer L\u00F6wenzahn\u00F6lauszug, Bienenwachs, Lanolin, \u00E4therisches \u00D6l.\u0026nbsp;\u003C/p\u003E\u003Cp style=\u0022-webkit-tap-highlight-color: rgba(26, 26, 26, 0.3); font-family: Verdana, Arial, Helvetica, sans-serif; font-size: 14px;\u0022\u003EAlles rein Nat\u00FCrlich, ohne Mineral\u00F6le.\u003C/p\u003E\r\n    \r\n","SeName":"l\u00F6wenzahn-salbe","Url":"/de/l%C3%B6wenzahn-salbe","ProductType":0,"MarkAsNew":false,"Sku":null,"Flag":null,"Gtin":null,"Mpn":null,"BrandName":"","IsFreeShipping":false,"ShowSku":false,"ShowQty":false,"LowStock":false,"EndTime":"2099-01-01T00:00:00Z","EndTimeLocalTime":"2099-01-01T01:00:00","TaxDisplayType":10,"Interval":0,"IntervalUnitId":0,"ProductPrice":{"OldPrice":null,"OldPriceValue":0,"CatalogPrice":null,"Price":"CHF 5.80","CallForPrice":false,"PriceValue":5.8,"PriceIncludesTax":false,"StartPrice":null,"StartPriceValue":0,"HighestBid":null,"HighestBidValue":0,"BasePricePAngV":null,"DisableBuyButton":false,"DisableWishlistButton":false,"DisableAddToCompareListButton":true,"AvailableForPreOrder":false,"PreOrderDateTimeUtc":null,"ForceRedirectionAfterAddingToCart":false,"AppliedDiscounts":[],"PreferredTierPrice":null,"UserFields":[]},"DefaultPictureModel":{"ImageUrl":"/assets/images/thumbs/lwenzahn-salbe_6a12cd038f26cb22438d977c_415.jpeg","ThumbImageUrl":null,"FullSizeImageUrl":"/assets/images/thumbs/lwenzahn-salbe_6a12cd038f26cb22438d977c.jpeg","Title":"L\u00F6wenzahn-Salbe 1","AlternateText":"L\u00F6wenzahn-Salbe 1","Style":null,"ExtraField":null,"Id":"6a12cd038f26cb22438d977c","UserFields":[]},"SecondPictureModel":{"ImageUrl":null,"ThumbImageUrl":null,"FullSizeImageUrl":null,"Title":null,"AlternateText":null,"Style":null,"ExtraField":null,"Id":null,"UserFields":[]},"SpecificationAttributeModels":[],"ProductAttributeModels":[],"ReviewOverviewModel":{"ProductId":"6a12cce78f26cb22438d89cc","RatingSum":0,"TotalReviews":0,"AvgRating":0,"AllowCustomerReviews":true,"UserFields":[]},"Id":"6a12cce78f26cb22438d89cc","UserFields":[]},{"Name":"G\u00E4nsebl\u00FCmchen-Salbe","ShortDescription":"www.molashandgemacht.ch","FullDescription":"\u003Cp style=\u0022-webkit-tap-highlight-color: rgba(26, 26, 26, 0.3); font-family: Verdana, Arial, Helvetica, sans-serif; font-size: 14px;\u0022\u003EG\u00E4nsebl\u00FCmchensalbe wirkt wundheilend, entz\u00FCndungshemmend und pflegend f\u00FCr die Haut. Sie enth\u00E4lt Gerbstoffe, die adstringierend wirken und die Heilung beschleunigen. Die Salbe hilft auch bei Prellungen, Bluterg\u00FCssen und Insektenstichen.\u003Cspan class=\u0022\u0022 data-cid=\u0022b14af157-6066-4edf-80f9-9091c78d79d0\u0022\u003E\u0026nbsp;\u003C/span\u003E\u003C/p\u003E\u003Cdiv class=\u0022\u0022 data-cid=\u0022b14af157-6066-4edf-80f9-9091c78d79d0\u0022 style=\u0022-webkit-tap-highlight-color: rgba(26, 26, 26, 0.3); font-family: Verdana, Arial, Helvetica, sans-serif; font-size: 14px;\u0022\u003E\u003Cdiv class=\u0022\u0022 aria-label=\u0022Weitere Informationen anzeigen\u0022 role=\u0022button\u0022 data-hveid=\u0022CCEQAQ\u0022 data-ved=\u00222ahUKEwiYlb3d85WNAxUk-AIHHRgPI_gQ3fYKegQIIRAB\u0022 tabindex=\u00220\u0022\u003E\u003Cdiv class=\u0022\u0022\u003E\u003Cdiv class=\u0022\u0022\u003EWirkung der G\u00E4nsebl\u00FCmchensalbe:\u003C/div\u003E\u003C/div\u003E\u003C/div\u003E\u003C/div\u003E\u003Cp style=\u0022-webkit-tap-highlight-color: rgba(26, 26, 26, 0.3); font-family: Verdana, Arial, Helvetica, sans-serif; font-size: 14px;\u0022\u003E\u003Cstrong\u003EWundheilend:\u003C/strong\u003E\u0026nbsp;Die Salbe f\u00F6rdert die Heilung von kleinen Wunden und Verletzungen.\u003Cspan class=\u0022\u0022 data-cid=\u0022b0daf2c1-122e-41da-8d1a-09639ddedeaa\u0022\u003E\u0026nbsp;\u003C/span\u003E\u003C/p\u003E\u003Cdiv class=\u0022\u0022 aria-label=\u0022Weitere Informationen anzeigen\u0022 role=\u0022button\u0022 data-hveid=\u0022CCUQAQ\u0022 data-ved=\u00222ahUKEwiYlb3d85WNAxUk-AIHHRgPI_gQ3fYKegQIJRAB\u0022 tabindex=\u00220\u0022 style=\u0022-webkit-tap-highlight-color: rgba(26, 26, 26, 0.3); font-family: Verdana, Arial, Helvetica, sans-serif; font-size: 14px;\u0022\u003E\u003Cdiv class=\u0022\u0022\u003E\u003Cdiv class=\u0022\u0022\u003E\u003Cstrong\u003EEntz\u00FCndungshemmend:\u003C/strong\u003E\u0026nbsp;Sie reduziert Schwellungen und Schmerzen bei Prellungen, Verstauchungen und Entz\u00FCndungen.\u003Cspan class=\u0022\u0022 data-cid=\u00222ecee9c1-9001-4acb-a0cd-1e68b4c237fa\u0022\u003E\u0026nbsp;\u003C/span\u003E\u003C/div\u003E\u003C/div\u003E\u003C/div\u003E\u003Cdiv class=\u0022\u0022 data-cid=\u00222ecee9c1-9001-4acb-a0cd-1e68b4c237fa\u0022 style=\u0022-webkit-tap-highlight-color: rgba(26, 26, 26, 0.3); font-family: Verdana, Arial, Helvetica, sans-serif; font-size: 14px;\u0022\u003E\u003Cdiv class=\u0022\u0022 aria-label=\u0022Weitere Informationen anzeigen\u0022 role=\u0022button\u0022 data-hveid=\u0022CNgBEAE\u0022 data-ved=\u00222ahUKEwiYlb3d85WNAxUk-AIHHRgPI_gQ3fYKegUI2AEQAQ\u0022 tabindex=\u00220\u0022\u003E\u003Cdiv class=\u0022\u0022\u003E\u003Cdiv class=\u0022\u0022\u003E\u003Cstrong\u003E\u003Cbr\u003EAdstringierend:\u003C/strong\u003E\u0026nbsp;Gerbstoffe im G\u00E4nsebl\u00FCmchen ziehen die Haut zusammen, was die Heilung beschleunigt und Juckreiz lindert.\u003Cspan class=\u0022\u0022 data-cid=\u00226db45d6d-e732-4ee0-8b2a-2bcc337fa81e\u0022\u003E\u0026nbsp;\u003C/span\u003E\u003C/div\u003E\u003C/div\u003E\u003C/div\u003E\u003C/div\u003E\u003Cdiv class=\u0022\u0022 data-cid=\u00226db45d6d-e732-4ee0-8b2a-2bcc337fa81e\u0022 style=\u0022-webkit-tap-highlight-color: rgba(26, 26, 26, 0.3); font-family: Verdana, Arial, Helvetica, sans-serif; font-size: 14px;\u0022\u003E\u003Cdiv class=\u0022\u0022 aria-label=\u0022Weitere Informationen anzeigen\u0022 role=\u0022button\u0022 data-hveid=\u0022CNIBEAE\u0022 data-ved=\u00222ahUKEwiYlb3d85WNAxUk-AIHHRgPI_gQ3fYKegUI0gEQAQ\u0022 tabindex=\u00220\u0022\u003E\u003Cdiv class=\u0022\u0022\u003E\u003Cdiv class=\u0022\u0022\u003E\u003Cstrong\u003E\u003Cbr\u003EHautpflege:\u003C/strong\u003E\u0026nbsp;Die Salbe n\u00E4hrt die Haut mit Vitaminen und pflegt trockene und rissige Haut.\u003Cspan class=\u0022\u0022 data-cid=\u0022a2fbab1c-d676-4fd1-9c99-aeb0da35fe7f\u0022\u003E\u0026nbsp;\u003C/span\u003E\u003C/div\u003E\u003C/div\u003E\u003C/div\u003E\u003C/div\u003E\u003Cdiv class=\u0022\u0022 data-cid=\u0022a2fbab1c-d676-4fd1-9c99-aeb0da35fe7f\u0022 style=\u0022-webkit-tap-highlight-color: rgba(26, 26, 26, 0.3); font-family: Verdana, Arial, Helvetica, sans-serif; font-size: 14px;\u0022\u003E\u003Cdiv class=\u0022\u0022 aria-label=\u0022Weitere Informationen anzeigen\u0022 role=\u0022button\u0022 data-hveid=\u0022CMoBEAE\u0022 data-ved=\u00222ahUKEwiYlb3d85WNAxUk-AIHHRgPI_gQ3fYKegUIygEQAQ\u0022 tabindex=\u00220\u0022\u003E\u003Cdiv class=\u0022\u0022\u003E\u003Cdiv class=\u0022\u0022\u003E\u0026nbsp;\u003C/div\u003E\u003Cdiv class=\u0022\u0022\u003E\u003Cstrong\u003ESchmerzstillend:\u003C/strong\u003E\u0026nbsp;Sie kann Schmerzen bei Prellungen, Verstauchungen und Insektenstichen lindern.\u003Cspan class=\u0022\u0022 data-cid=\u00226abdeae2-a36f-497b-b1a8-64d90b21c108\u0022\u003E\u0026nbsp;\u003C/span\u003E\u003C/div\u003E\u003C/div\u003E\u003C/div\u003E\u003C/div\u003E\u003Cdiv class=\u0022\u0022 data-cid=\u00226abdeae2-a36f-497b-b1a8-64d90b21c108\u0022 style=\u0022-webkit-tap-highlight-color: rgba(26, 26, 26, 0.3); font-family: Verdana, Arial, Helvetica, sans-serif; font-size: 14px;\u0022\u003E\u003Cdiv class=\u0022\u0022 aria-label=\u0022Weitere Informationen anzeigen\u0022 role=\u0022button\u0022 data-hveid=\u0022CMkBEAE\u0022 data-ved=\u00222ahUKEwiYlb3d85WNAxUk-AIHHRgPI_gQ3fYKegUIyQEQAQ\u0022 tabindex=\u00220\u0022\u003E\u003Cdiv class=\u0022\u0022\u003E\u003Cdiv class=\u0022\u0022\u003E\u003Cstrong\u003E\u003Cbr\u003EHautberuhigend:\u003C/strong\u003E\u0026nbsp;Sie kann bei Hautirritationen und Juckreiz helfen.\u003Cspan class=\u0022\u0022 data-cid=\u0022eda0a572-4cc4-4f1f-81ce-33cbf08a5d70\u0022\u003E\u0026nbsp;\u003C/span\u003E\u003C/div\u003E\u003C/div\u003E\u003C/div\u003E\u003C/div\u003E\u003Cdiv class=\u0022\u0022 data-cid=\u0022eda0a572-4cc4-4f1f-81ce-33cbf08a5d70\u0022 style=\u0022-webkit-tap-highlight-color: rgba(26, 26, 26, 0.3); font-family: Verdana, Arial, Helvetica, sans-serif; font-size: 14px;\u0022\u003E\u003Cdiv class=\u0022\u0022 aria-label=\u0022Weitere Informationen anzeigen\u0022 role=\u0022button\u0022 data-hveid=\u0022CMcBEAE\u0022 data-ved=\u00222ahUKEwiYlb3d85WNAxUk-AIHHRgPI_gQ3fYKegUIxwEQAQ\u0022 tabindex=\u00220\u0022\u003E\u003Cdiv class=\u0022\u0022\u003E\u003Cdiv class=\u0022\u0022\u003E\u0026nbsp;\u003C/div\u003E\u003C/div\u003E\u003C/div\u003E\u003C/div\u003E\u003Cp style=\u0022-webkit-tap-highlight-color: rgba(26, 26, 26, 0.3); font-family: Verdana, Arial, Helvetica, sans-serif; font-size: 14px;\u0022\u003E\u0026nbsp;\u003C/p\u003E\u003Cdiv class=\u0022\u0022 data-hveid=\u0022CLUBEAE\u0022 data-ved=\u00222ahUKEwiYlb3d85WNAxUk-AIHHRgPI_gQo_EKegUItQEQAQ\u0022 style=\u0022-webkit-tap-highlight-color: rgba(26, 26, 26, 0.3); font-family: Verdana, Arial, Helvetica, sans-serif; font-size: 14px;\u0022\u003EAnwendung:\u0026nbsp;\u003C/div\u003E\u003Cp style=\u0022-webkit-tap-highlight-color: rgba(26, 26, 26, 0.3); font-family: Verdana, Arial, Helvetica, sans-serif; font-size: 14px;\u0022\u003E\u003Cstrong\u003EWundheilung:\u003C/strong\u003E\u003C/p\u003E\u003Cdiv class=\u0022\u0022 style=\u0022-webkit-tap-highlight-color: rgba(26, 26, 26, 0.3); font-family: Verdana, Arial, Helvetica, sans-serif; font-size: 14px;\u0022\u003E\u003Cdiv class=\u0022\u0022 data-il=\u0022\u0022\u003E\u003Cdiv data-crb-p=\u0022\u0022\u003E\u003Cdiv class=\u0022\u0022\u003E\u003Cdiv class=\u0022\u0022\u003EBei Wunden und Prellungen die Salbe gro\u00DFz\u00FCgig auftragen und nach Bedarf mehrmals t\u00E4glich einmassieren.\u003Cspan class=\u0022\u0022 data-cid=\u002255259ce3-17de-4e2d-ab8e-70fee0639ec0\u0022\u003E\u0026nbsp;\u003C/span\u003E\u003Cdiv class=\u0022\u0022 data-cid=\u002255259ce3-17de-4e2d-ab8e-70fee0639ec0\u0022\u003E\u003Cdiv class=\u0022\u0022 aria-label=\u0022Weitere Informationen anzeigen\u0022 role=\u0022button\u0022 data-hveid=\u0022CPMBEAE\u0022 data-ved=\u00222ahUKEwiYlb3d85WNAxUk-AIHHRgPI_gQ3fYKegUI8wEQAQ\u0022 tabindex=\u00220\u0022\u003E\u003Cdiv class=\u0022\u0022\u003E\u003Cdiv class=\u0022\u0022\u003E\u003Cstrong\u003E\u003Cbr\u003EInsektenstiche:\u003C/strong\u003E\u003C/div\u003E\u003C/div\u003E\u003C/div\u003E\u003C/div\u003E\u003C/div\u003E\u003C/div\u003E\u003C/div\u003E\u003C/div\u003E\u003C/div\u003E\u003Cdiv class=\u0022\u0022 style=\u0022-webkit-tap-highlight-color: rgba(26, 26, 26, 0.3); font-family: Verdana, Arial, Helvetica, sans-serif; font-size: 14px;\u0022\u003E\u003Cdiv class=\u0022\u0022 data-il=\u0022\u0022\u003E\u003Cdiv data-crb-p=\u0022\u0022\u003E\u003Cdiv class=\u0022\u0022\u003E\u003Cdiv class=\u0022\u0022\u003EDie Salbe kann den Juckreiz lindern und die Haut beruhigen.\u003Cspan class=\u0022\u0022 data-cid=\u0022df87af3c-ac1d-46f6-a012-1d371d676d27\u0022\u003E\u0026nbsp;\u003C/span\u003E\u003Cdiv class=\u0022\u0022 data-cid=\u0022df87af3c-ac1d-46f6-a012-1d371d676d27\u0022\u003E\u003Cdiv class=\u0022\u0022 aria-label=\u0022Weitere Informationen anzeigen\u0022 role=\u0022button\u0022 data-hveid=\u0022CO0BEAE\u0022 data-ved=\u00222ahUKEwiYlb3d85WNAxUk-AIHHRgPI_gQ3fYKegUI7QEQAQ\u0022 tabindex=\u00220\u0022\u003E\u003Cdiv class=\u0022\u0022\u003E\u003Cdiv class=\u0022\u0022\u003E\u003Cstrong\u003E\u003Cbr\u003EHautpflege:\u003C/strong\u003E\u003C/div\u003E\u003C/div\u003E\u003C/div\u003E\u003C/div\u003E\u003C/div\u003E\u003C/div\u003E\u003C/div\u003E\u003C/div\u003E\u003C/div\u003E\u003Cdiv class=\u0022\u0022 style=\u0022-webkit-tap-highlight-color: rgba(26, 26, 26, 0.3); font-family: Verdana, Arial, Helvetica, sans-serif; font-size: 14px;\u0022\u003E\u003Cdiv class=\u0022\u0022 data-il=\u0022\u0022\u003E\u003Cdiv data-crb-p=\u0022\u0022\u003E\u003Cdiv class=\u0022\u0022\u003E\u003Cdiv class=\u0022\u0022\u003EBei trockener, rissiger oder empfindlicher Haut kann die Salbe t\u00E4glich angewendet werden.\u003Cspan class=\u0022\u0022 data-cid=\u00224407e3e4-c558-4ad7-8594-0bd31158039f\u0022\u003E\u0026nbsp;\u003C/span\u003E\u003Cdiv class=\u0022\u0022 data-cid=\u00224407e3e4-c558-4ad7-8594-0bd31158039f\u0022\u003E\u003Cdiv class=\u0022\u0022 aria-label=\u0022Weitere Informationen anzeigen\u0022 role=\u0022button\u0022 data-hveid=\u0022COwBEAE\u0022 data-ved=\u00222ahUKEwiYlb3d85WNAxUk-AIHHRgPI_gQ3fYKegUI7AEQAQ\u0022 tabindex=\u00220\u0022\u003E\u003Cdiv class=\u0022\u0022\u003E\u003Cdiv class=\u0022\u0022\u003E\u003Cstrong\u003E\u003Cbr\u003EMuskelschmerzen:\u003C/strong\u003E\u003C/div\u003E\u003C/div\u003E\u003C/div\u003E\u003C/div\u003E\u003C/div\u003E\u003C/div\u003E\u003C/div\u003E\u003C/div\u003E\u003C/div\u003E\u003Cdiv class=\u0022\u0022 style=\u0022-webkit-tap-highlight-color: rgba(26, 26, 26, 0.3); font-family: Verdana, Arial, Helvetica, sans-serif; font-size: 14px;\u0022\u003E\u003Cdiv class=\u0022\u0022 data-il=\u0022\u0022\u003E\u003Cdiv data-crb-p=\u0022\u0022\u003E\u003Cdiv class=\u0022\u0022\u003E\u003Cdiv class=\u0022\u0022\u003EDie Salbe kann bei Muskelkater und Verspannungen unterst\u00FCtzend einmassiert werden.\u003Cspan class=\u0022\u0022 data-cid=\u002233fc2da2-e4b8-479e-b04d-579624377124\u0022\u003E\u0026nbsp;\u003C/span\u003E\u003Cdiv class=\u0022\u0022 data-cid=\u002233fc2da2-e4b8-479e-b04d-579624377124\u0022\u003E\u003Cdiv class=\u0022\u0022 aria-label=\u0022Weitere Informationen anzeigen\u0022 role=\u0022button\u0022 data-hveid=\u0022CPIBEAE\u0022 data-ved=\u00222ahUKEwiYlb3d85WNAxUk-AIHHRgPI_gQ3fYKegUI8gEQAQ\u0022 tabindex=\u00220\u0022\u003E\u003Cdiv class=\u0022\u0022\u003E\u003Cdiv class=\u0022\u0022\u003E\u003Cstrong\u003E\u003Cbr\u003EBluterg\u00FCsse:\u003C/strong\u003E\u003C/div\u003E\u003C/div\u003E\u003C/div\u003E\u003C/div\u003E\u003C/div\u003E\u003C/div\u003E\u003C/div\u003E\u003C/div\u003E\u003C/div\u003E\u003Cdiv class=\u0022\u0022 style=\u0022-webkit-tap-highlight-color: rgba(26, 26, 26, 0.3); font-family: Verdana, Arial, Helvetica, sans-serif; font-size: 14px;\u0022\u003E\u003Cdiv class=\u0022\u0022 data-il=\u0022\u0022\u003E\u003Cdiv data-crb-p=\u0022\u0022\u003E\u003Cdiv class=\u0022\u0022\u003E\u003Cdiv class=\u0022\u0022\u003EDie Salbe kann bei Bluterg\u00FCssen angewendet werden, um die Schwellung zu reduzieren.\u003Cspan class=\u0022\u0022 data-cid=\u00222a595814-988b-4a0a-8fc8-dbc38386a787\u0022\u003E\u0026nbsp;\u003C/span\u003E\u003Cdiv class=\u0022\u0022 data-cid=\u00222a595814-988b-4a0a-8fc8-dbc38386a787\u0022\u003E\u003Cdiv class=\u0022\u0022 aria-label=\u0022Weitere Informationen anzeigen\u0022 role=\u0022button\u0022 data-hveid=\u0022CPEBEAE\u0022 data-ved=\u00222ahUKEwiYlb3d85WNAxUk-AIHHRgPI_gQ3fYKegUI8QEQAQ\u0022 tabindex=\u00220\u0022\u003E\u003Cdiv class=\u0022\u0022\u003E\u003Cdiv class=\u0022\u0022\u003E\u0026nbsp;\u003C/div\u003E\u003C/div\u003E\u003C/div\u003E\u003C/div\u003E\u003C/div\u003E\u003C/div\u003E\u003C/div\u003E\u003C/div\u003E\u003C/div\u003E\u003Cdiv class=\u0022\u0022 data-hveid=\u0022CLQBEAE\u0022 data-ved=\u00222ahUKEwiYlb3d85WNAxUk-AIHHRgPI_gQo_EKegUItAEQAQ\u0022 style=\u0022-webkit-tap-highlight-color: rgba(26, 26, 26, 0.3); font-family: Verdana, Arial, Helvetica, sans-serif; font-size: 14px;\u0022\u003EZus\u00E4tzliche Hinweise:\u0026nbsp;\u003C/div\u003E\u003Cp style=\u0022-webkit-tap-highlight-color: rgba(26, 26, 26, 0.3); font-family: Verdana, Arial, Helvetica, sans-serif; font-size: 14px;\u0022\u003EG\u00E4nsebl\u00FCmchensalbe ist ein nat\u00FCrliches Heilmittel und gut vertr\u00E4glich.\u003C/p\u003E\u003Cdiv class=\u0022\u0022 style=\u0022-webkit-tap-highlight-color: rgba(26, 26, 26, 0.3); font-family: Verdana, Arial, Helvetica, sans-serif; font-size: 14px;\u0022\u003E\u003Cp\u003ESie kann sowohl bei Erwachsenen als auch bei Kindern angewendet werden.\u003C/p\u003E\u003C/div\u003E\u003Cp style=\u0022-webkit-tap-highlight-color: rgba(26, 26, 26, 0.3); font-family: Verdana, Arial, Helvetica, sans-serif; font-size: 14px;\u0022\u003E\u0026nbsp;\u003C/p\u003E\r\n    \r\n","SeName":"g\u00E4nsebl\u00FCmchen-salbe","Url":"/de/g%C3%A4nsebl%C3%BCmchen-salbe","ProductType":0,"MarkAsNew":false,"Sku":null,"Flag":null,"Gtin":null,"Mpn":null,"BrandName":"","IsFreeShipping":false,"ShowSku":false,"ShowQty":false,"LowStock":false,"EndTime":"2099-01-01T00:00:00Z","EndTimeLocalTime":"2099-01-01T01:00:00","TaxDisplayType":10,"Interval":0,"IntervalUnitId":0,"ProductPrice":{"OldPrice":null,"OldPriceValue":0,"CatalogPrice":null,"Price":"CHF 5.80","CallForPrice":false,"PriceValue":5.8,"PriceIncludesTax":false,"StartPrice":null,"StartPriceValue":0,"HighestBid":null,"HighestBidValue":0,"BasePricePAngV":null,"DisableBuyButton":false,"DisableWishlistButton":false,"DisableAddToCompareListButton":true,"AvailableForPreOrder":false,"PreOrderDateTimeUtc":null,"ForceRedirectionAfterAddingToCart":false,"AppliedDiscounts":[],"PreferredTierPrice":null,"UserFields":[]},"DefaultPictureModel":{"ImageUrl":"/assets/images/thumbs/gnseblmchen-salbe_6a12cddd8f26cb22438dc53d_415.jpeg","ThumbImageUrl":null,"FullSizeImageUrl":"/assets/images/thumbs/gnseblmchen-salbe_6a12cddd8f26cb22438dc53d.jpeg","Title":"G\u00E4nsebl\u00FCmchen-Salbe 1","AlternateText":"G\u00E4nsebl\u00FCmchen-Salbe 1","Style":null,"ExtraField":null,"Id":"6a12cddd8f26cb22438dc53d","UserFields":[]},"SecondPictureModel":{"ImageUrl":null,"ThumbImageUrl":null,"FullSizeImageUrl":null,"Title":null,"AlternateText":null,"Style":null,"ExtraField":null,"Id":null,"UserFields":[]},"SpecificationAttributeModels":[],"ProductAttributeModels":[],"ReviewOverviewModel":{"ProductId":"6a12cd9b8f26cb22438db78b","RatingSum":5,"TotalReviews":1,"AvgRating":5,"AllowCustomerReviews":true,"UserFields":[]},"Id":"6a12cd9b8f26cb22438db78b","UserFields":[]},{"Name":"Haggenbutten-Salbe","ShortDescription":"www.molashandgemacht.ch","FullDescription":"\u003Cp style=\u0022-webkit-tap-highlight-color: rgba(26, 26, 26, 0.3); font-family: Verdana, Arial, Helvetica, sans-serif; font-size: 14px;\u0022\u003E\u003Cstrong\u003ERegenerierend und wundheilend:\u003C/strong\u003E\u003C/p\u003E\u003Cdiv class=\u0022\u0022 data-il=\u0022\u0022 style=\u0022-webkit-tap-highlight-color: rgba(26, 26, 26, 0.3); font-family: Verdana, Arial, Helvetica, sans-serif; font-size: 14px;\u0022\u003E\u003Cdiv data-crb-p=\u0022\u0022\u003E\u003Cdiv class=\u0022\u0022\u003E\u003Cdiv class=\u0022\u0022\u003EDie Salbe unterst\u00FCtzt die nat\u00FCrliche Regeneration der Haut und f\u00F6rdert die Heilung von Wunden und Narben.\u003Cspan class=\u0022\u0022 data-cid=\u002253622885-be8d-4234-8811-9201ebfdaac2\u0022\u003E\u0026nbsp;\u003C/span\u003E\u003Cdiv class=\u0022\u0022 data-cid=\u002253622885-be8d-4234-8811-9201ebfdaac2\u0022\u003E\u003Cdiv class=\u0022\u0022 aria-label=\u0022Weitere Informationen anzeigen\u0022 role=\u0022button\u0022 data-hveid=\u0022CCMQAQ\u0022 data-ved=\u00222ahUKEwjGwL62mcaPAxUM_7sIHZTDILkQ3fYKegQIIxAB\u0022 tabindex=\u00220\u0022\u003E\u003Cdiv class=\u0022\u0022\u003E\u003Cdiv class=\u0022\u0022\u003E\u003Cstrong\u003E\u003Cbr\u003EEntz\u00FCndungshemmend:\u003C/strong\u003E\u003C/div\u003E\u003C/div\u003E\u003C/div\u003E\u003C/div\u003E\u003C/div\u003E\u003C/div\u003E\u003C/div\u003E\u003C/div\u003E\u003Cdiv class=\u0022\u0022 data-il=\u0022\u0022 style=\u0022-webkit-tap-highlight-color: rgba(26, 26, 26, 0.3); font-family: Verdana, Arial, Helvetica, sans-serif; font-size: 14px;\u0022\u003E\u003Cdiv data-crb-p=\u0022\u0022\u003E\u003Cdiv class=\u0022\u0022\u003E\u003Cdiv class=\u0022\u0022\u003ESie kann Entz\u00FCndungen bei Hautproblemen wie Akne, Ekzemen und Rosacea lindern.\u003Cspan class=\u0022\u0022 data-cid=\u00228bf13c7e-c6a0-4f9c-aa3e-51ccc76ccb32\u0022\u003E\u0026nbsp;\u003C/span\u003E\u003Cdiv class=\u0022\u0022 data-cid=\u00228bf13c7e-c6a0-4f9c-aa3e-51ccc76ccb32\u0022\u003E\u003Cdiv class=\u0022\u0022 aria-label=\u0022Weitere Informationen anzeigen\u0022 role=\u0022button\u0022 data-hveid=\u0022CCQQAQ\u0022 data-ved=\u00222ahUKEwjGwL62mcaPAxUM_7sIHZTDILkQ3fYKegQIJBAB\u0022 tabindex=\u00220\u0022\u003E\u003Cdiv class=\u0022\u0022\u003E\u003Cdiv class=\u0022\u0022\u003E\u003Cstrong\u003E\u003Cbr\u003EFeuchtigkeitsspendend:\u003C/strong\u003E\u003C/div\u003E\u003C/div\u003E\u003C/div\u003E\u003C/div\u003E\u003C/div\u003E\u003C/div\u003E\u003C/div\u003E\u003C/div\u003E\u003Cdiv class=\u0022\u0022 data-il=\u0022\u0022 style=\u0022-webkit-tap-highlight-color: rgba(26, 26, 26, 0.3); font-family: Verdana, Arial, Helvetica, sans-serif; font-size: 14px;\u0022\u003E\u003Cdiv data-crb-p=\u0022\u0022\u003E\u003Cdiv class=\u0022\u0022\u003E\u003Cdiv class=\u0022\u0022\u003EHagebutten\u00F6l erh\u00F6ht die Elastizit\u00E4t und verbessert die Feuchtigkeitsaufnahme der Haut.\u003Cspan class=\u0022\u0022 data-cid=\u00227b1b9841-6a2f-4abf-8fee-f6499706a32b\u0022\u003E\u0026nbsp;\u003C/span\u003E\u003Cdiv class=\u0022\u0022 data-cid=\u00227b1b9841-6a2f-4abf-8fee-f6499706a32b\u0022\u003E\u003Cdiv class=\u0022\u0022 aria-label=\u0022Weitere Informationen anzeigen\u0022 role=\u0022button\u0022 data-hveid=\u0022CCIQAQ\u0022 data-ved=\u00222ahUKEwjGwL62mcaPAxUM_7sIHZTDILkQ3fYKegQIIhAB\u0022 tabindex=\u00220\u0022\u003E\u003Cdiv class=\u0022\u0022\u003E\u003Cdiv class=\u0022\u0022\u003E\u003Cstrong\u003E\u003Cbr\u003EAnti-Aging:\u003C/strong\u003E\u003C/div\u003E\u003C/div\u003E\u003C/div\u003E\u003C/div\u003E\u003C/div\u003E\u003C/div\u003E\u003C/div\u003E\u003C/div\u003E\u003Cdiv class=\u0022\u0022 data-il=\u0022\u0022 style=\u0022-webkit-tap-highlight-color: rgba(26, 26, 26, 0.3); font-family: Verdana, Arial, Helvetica, sans-serif; font-size: 14px;\u0022\u003E\u003Cdiv data-crb-p=\u0022\u0022\u003E\u003Cdiv class=\u0022\u0022\u003E\u003Cdiv class=\u0022\u0022\u003ESie hilft, die Kollagenbildung zu f\u00F6rdern, Falten zu mindern und Altersflecken auszugleichen.\u003Cspan class=\u0022\u0022 data-cid=\u00227ddd7958-5890-495b-af95-c0b4b87b55b0\u0022\u003E\u0026nbsp;\u003C/span\u003E\u003Cdiv class=\u0022\u0022 data-cid=\u00227ddd7958-5890-495b-af95-c0b4b87b55b0\u0022\u003E\u003Cdiv class=\u0022\u0022 aria-label=\u0022Weitere Informationen anzeigen\u0022 role=\u0022button\u0022 data-hveid=\u0022CCYQAQ\u0022 data-ved=\u00222ahUKEwjGwL62mcaPAxUM_7sIHZTDILkQ3fYKegQIJhAB\u0022 tabindex=\u00220\u0022\u003E\u003Cdiv class=\u0022\u0022\u003E\u003Cdiv class=\u0022\u0022\u003E\u003Cstrong\u003E\u003Cbr\u003ETalgregulierend:\u003C/strong\u003E\u003C/div\u003E\u003C/div\u003E\u003C/div\u003E\u003C/div\u003E\u003C/div\u003E\u003C/div\u003E\u003C/div\u003E\u003C/div\u003E\u003Cdiv class=\u0022\u0022 data-il=\u0022\u0022 style=\u0022-webkit-tap-highlight-color: rgba(26, 26, 26, 0.3); font-family: Verdana, Arial, Helvetica, sans-serif; font-size: 14px;\u0022\u003E\u003Cdiv data-crb-p=\u0022\u0022\u003E\u003Cdiv class=\u0022\u0022\u003E\u003Cdiv class=\u0022\u0022\u003EDie Salbe hilft, die Talgproduktion ins Gleichgewicht zu bringen.\u003Cspan class=\u0022\u0022 data-cid=\u0022c9959524-9bc4-4d45-bc4a-572222c49431\u0022\u003E\u0026nbsp;\u003C/span\u003E\u003Cdiv class=\u0022\u0022 data-cid=\u0022c9959524-9bc4-4d45-bc4a-572222c49431\u0022\u003E\u003Cdiv class=\u0022\u0022 aria-label=\u0022Weitere Informationen anzeigen\u0022 role=\u0022button\u0022 data-hveid=\u0022CCcQAQ\u0022 data-ved=\u00222ahUKEwjGwL62mcaPAxUM_7sIHZTDILkQ3fYKegQIJxAB\u0022 tabindex=\u00220\u0022\u003E\u003Cdiv class=\u0022\u0022\u003E\u003Cdiv class=\u0022\u0022\u003E\u003Cstrong\u003E\u003Cbr\u003EAntioxidativ:\u003C/strong\u003E\u003C/div\u003E\u003C/div\u003E\u003C/div\u003E\u003C/div\u003E\u003C/div\u003E\u003C/div\u003E\u003C/div\u003E\u003C/div\u003E\u003Cdiv class=\u0022\u0022 data-il=\u0022\u0022 style=\u0022-webkit-tap-highlight-color: rgba(26, 26, 26, 0.3); font-family: Verdana, Arial, Helvetica, sans-serif; font-size: 14px;\u0022\u003E\u003Cdiv data-crb-p=\u0022\u0022\u003E\u003Cdiv class=\u0022\u0022\u003E\u003Cdiv class=\u0022\u0022\u003ESie enth\u00E4lt Antioxidantien, die die Haut vor sch\u00E4dlichen Umwelteinfl\u00FCssen und Sonnensch\u00E4den sch\u00FCtzen.\u003Cspan class=\u0022\u0022 data-cid=\u0022538f758d-9066-409f-bcf4-d79af8bb3505\u0022\u003E\u0026nbsp;\u003C/span\u003E\u003Cdiv class=\u0022\u0022 data-cid=\u0022538f758d-9066-409f-bcf4-d79af8bb3505\u0022\u003E\u003Cdiv class=\u0022\u0022 aria-label=\u0022Weitere Informationen anzeigen\u0022 role=\u0022button\u0022 data-hveid=\u0022CBgQAQ\u0022 data-ved=\u00222ahUKEwjGwL62mcaPAxUM_7sIHZTDILkQ3fYKegQIGBAB\u0022 tabindex=\u00220\u0022\u003E\u0026nbsp;\u003C/div\u003E\u003C/div\u003E\u003C/div\u003E\u003C/div\u003E\u003C/div\u003E\u003C/div\u003E\u003Cdiv class=\u0022\u0022 data-hveid=\u0022CDcQAQ\u0022 data-ved=\u00222ahUKEwjGwL62mcaPAxUM_7sIHZTDILkQo_EKegQINxAB\u0022 style=\u0022-webkit-tap-highlight-color: rgba(26, 26, 26, 0.3); font-family: Verdana, Arial, Helvetica, sans-serif; font-size: 14px;\u0022\u003E\u003Cspan aria-level=\u00222\u0022 role=\u0022heading\u0022\u003EAnwendungsbereiche:\u003C/span\u003E\u003Cspan class=\u0022\u0022 data-cid=\u00223faedafc-4958-46a4-84e5-cf4326bf943a\u0022\u003E\u0026nbsp;\u003C/span\u003E\u003C/div\u003E\u003Cdiv class=\u0022\u0022 data-hveid=\u0022CDcQAQ\u0022 data-ved=\u00222ahUKEwjGwL62mcaPAxUM_7sIHZTDILkQo_EKegQINxAB\u0022 style=\u0022-webkit-tap-highlight-color: rgba(26, 26, 26, 0.3); font-family: Verdana, Arial, Helvetica, sans-serif; font-size: 14px;\u0022\u003E\u0026nbsp;\u003C/div\u003E\u003Cdiv class=\u0022\u0022 data-hveid=\u0022CDcQAQ\u0022 data-ved=\u00222ahUKEwjGwL62mcaPAxUM_7sIHZTDILkQo_EKegQINxAB\u0022 style=\u0022-webkit-tap-highlight-color: rgba(26, 26, 26, 0.3); font-family: Verdana, Arial, Helvetica, sans-serif; font-size: 14px;\u0022\u003E\u003Cstrong\u003EHautpflege allgemein:\u003C/strong\u003E\u0026nbsp;Zur t\u00E4glichen Pflege, f\u00FCr einen frischen Teint und ein jugendliches Strahlen.\u0026nbsp;\u003C/div\u003E\u003Cdiv class=\u0022\u0022 data-hveid=\u0022CDcQAQ\u0022 data-ved=\u00222ahUKEwjGwL62mcaPAxUM_7sIHZTDILkQo_EKegQINxAB\u0022 style=\u0022-webkit-tap-highlight-color: rgba(26, 26, 26, 0.3); font-family: Verdana, Arial, Helvetica, sans-serif; font-size: 14px;\u0022\u003E\u0026nbsp;\u003C/div\u003E\u003Cdiv class=\u0022\u0022 data-hveid=\u0022CDcQAQ\u0022 data-ved=\u00222ahUKEwjGwL62mcaPAxUM_7sIHZTDILkQo_EKegQINxAB\u0022 style=\u0022-webkit-tap-highlight-color: rgba(26, 26, 26, 0.3); font-family: Verdana, Arial, Helvetica, sans-serif; font-size: 14px;\u0022\u003E\u003Cstrong\u003EUnreinheiten:\u003C/strong\u003E\u0026nbsp;Bei Pickeln, Mitessern und Akne.\u0026nbsp;\u003C/div\u003E\u003Cp style=\u0022-webkit-tap-highlight-color: rgba(26, 26, 26, 0.3); font-family: Verdana, Arial, Helvetica, sans-serif; font-size: 14px;\u0022\u003E\u003Cstrong\u003ENeurodermitis und Ekzeme:\u003C/strong\u003E\u0026nbsp;Zur Beruhigung gereizter und entz\u00FCndeter Haut.\u0026nbsp;\u003C/p\u003E\u003Cp style=\u0022-webkit-tap-highlight-color: rgba(26, 26, 26, 0.3); font-family: Verdana, Arial, Helvetica, sans-serif; font-size: 14px;\u0022\u003E\u003Cstrong\u003ENarbenpflege:\u003C/strong\u003E\u0026nbsp;Zur Verbesserung des Aussehens von Narben.\u0026nbsp;\u003C/p\u003E\u003Cp style=\u0022-webkit-tap-highlight-color: rgba(26, 26, 26, 0.3); font-family: Verdana, Arial, Helvetica, sans-serif; font-size: 14px;\u0022\u003E\u003Cstrong\u003EAlterungsprozesse:\u003C/strong\u003E\u0026nbsp;Zur Reduzierung von Falten und zur Verbesserung der Hautelastizit\u00E4t.\u003C/p\u003E\u003Cp style=\u0022-webkit-tap-highlight-color: rgba(26, 26, 26, 0.3); font-family: Verdana, Arial, Helvetica, sans-serif; font-size: 14px;\u0022\u003E\u003Cstrong\u003EVitamine:\u003C/strong\u003E\u0026nbsp;A, C, und E sind wichtige Antioxidantien, die Zellsch\u00E4den vorbeugen und die Haut sch\u00FCtzen.\u003C/p\u003E\u003Cdiv class=\u0022\u0022 data-cid=\u00228040a9e4-f1bd-4624-a08d-50e3f6f01e57\u0022 style=\u0022-webkit-tap-highlight-color: rgba(26, 26, 26, 0.3); font-family: Verdana, Arial, Helvetica, sans-serif; font-size: 14px;\u0022\u003E\u003Cdiv class=\u0022\u0022 aria-label=\u0022Weitere Informationen anzeigen\u0022 role=\u0022button\u0022 data-hveid=\u0022CFgQAQ\u0022 data-ved=\u00222ahUKEwjGwL62mcaPAxUM_7sIHZTDILkQ3fYKegQIWBAB\u0022 tabindex=\u00220\u0022\u003E\u003Cdiv class=\u0022\u0022\u003E\u003Cdiv class=\u0022\u0022\u003E\u0026nbsp;\u003C/div\u003E\u003Cdiv class=\u0022\u0022\u003EZusammensetztung : Hagebutten-\u00D6lauszug, Bienenwachs, \u00E4therisches \u00D6l\u003C/div\u003E\u003C/div\u003E\u003C/div\u003E\u003C/div\u003E\r\n    \r\n","SeName":"haggenbutten-salbe","Url":"/de/haggenbutten-salbe","ProductType":0,"MarkAsNew":false,"Sku":null,"Flag":null,"Gtin":null,"Mpn":null,"BrandName":"","IsFreeShipping":false,"ShowSku":false,"ShowQty":false,"LowStock":false,"EndTime":"2099-01-01T00:00:00Z","EndTimeLocalTime":"2099-01-01T01:00:00","TaxDisplayType":10,"Interval":0,"IntervalUnitId":0,"ProductPrice":{"OldPrice":null,"OldPriceValue":0,"CatalogPrice":null,"Price":"CHF 6.10","CallForPrice":false,"PriceValue":6.1,"PriceIncludesTax":false,"StartPrice":null,"StartPriceValue":0,"HighestBid":null,"HighestBidValue":0,"BasePricePAngV":null,"DisableBuyButton":false,"DisableWishlistButton":false,"DisableAddToCompareListButton":true,"AvailableForPreOrder":false,"PreOrderDateTimeUtc":null,"ForceRedirectionAfterAddingToCart":false,"AppliedDiscounts":[],"PreferredTierPrice":null,"UserFields":[]},"DefaultPictureModel":{"ImageUrl":"/assets/images/thumbs/haggenbutten-salbe_6a12ce608f26cb2243924434_415.jpeg","ThumbImageUrl":null,"FullSizeImageUrl":"/assets/images/thumbs/haggenbutten-salbe_6a12ce608f26cb2243924434.jpeg","Title":"Haggenbutten-Salbe 1","AlternateText":"Haggenbutten-Salbe 1","Style":null,"ExtraField":null,"Id":"6a12ce608f26cb2243924434","UserFields":[]},"SecondPictureModel":{"ImageUrl":null,"ThumbImageUrl":null,"FullSizeImageUrl":null,"Title":null,"AlternateText":null,"Style":null,"ExtraField":null,"Id":null,"UserFields":[]},"SpecificationAttributeModels":[],"ProductAttributeModels":[],"ReviewOverviewModel":{"ProductId":"6a12ce498f26cb2243923684","RatingSum":0,"TotalReviews":0,"AvgRating":0,"AllowCustomerReviews":true,"UserFields":[]},"Id":"6a12ce498f26cb2243923684","UserFields":[]},{"Name":"Harz-Salbe","ShortDescription":"www.molashandgemacht.ch","FullDescription":"\u003Cp style=\u0022-webkit-tap-highlight-color: rgba(26, 26, 26, 0.3); font-family: Verdana, Arial, Helvetica, sans-serif; font-size: 14px;\u0022\u003EDas Baumharz kommt aus dem Freiburgerwald.\u003C/p\u003E\u003Cp style=\u0022-webkit-tap-highlight-color: rgba(26, 26, 26, 0.3); font-family: Verdana, Arial, Helvetica, sans-serif; font-size: 14px;\u0022\u003EEigenschaften\u0026nbsp;\u003C/p\u003E\u003Cp style=\u0022-webkit-tap-highlight-color: rgba(26, 26, 26, 0.3); font-family: Verdana, Arial, Helvetica, sans-serif; font-size: 14px;\u0022\u003E\u003Cstrong\u003EAntiseptisch und antibakteriell:\u003C/strong\u003E\u0026nbsp;Hilft bei der Bek\u00E4mpfung von Bakterien und verhindert Infektionen.\u003Cspan class=\u0022\u0022 data-cid=\u0022be498727-220d-4a6f-8a0c-edda71359d07\u0022\u003E\u0026nbsp;\u003C/span\u003E\u003C/p\u003E\u003Cdiv class=\u0022\u0022 aria-label=\u0022Weitere Informationen anzeigen\u0022 role=\u0022button\u0022 data-hveid=\u0022CBIQAQ\u0022 data-ved=\u00222ahUKEwjX5fGXseKNAxXF9gIHHb0rCWkQ3fYKegQIEhAB\u0022 tabindex=\u00220\u0022 style=\u0022-webkit-tap-highlight-color: rgba(26, 26, 26, 0.3); font-family: Verdana, Arial, Helvetica, sans-serif; font-size: 14px;\u0022\u003E\u003Cdiv class=\u0022\u0022\u003E\u003Cdiv class=\u0022\u0022\u003E\u003Cstrong\u003EEntz\u00FCndungshemmend:\u003C/strong\u003E\u0026nbsp;Reduziert Schwellungen und Schmerzen bei Entz\u00FCndungen.\u003Cspan class=\u0022\u0022 data-cid=\u002277ae5991-29a6-4613-8781-533121ac825d\u0022\u003E\u0026nbsp;\u003C/span\u003E\u003C/div\u003E\u003C/div\u003E\u003C/div\u003E\u003Cdiv class=\u0022\u0022 aria-label=\u0022Weitere Informationen anzeigen\u0022 role=\u0022button\u0022 data-hveid=\u0022CBMQAQ\u0022 data-ved=\u00222ahUKEwjX5fGXseKNAxXF9gIHHb0rCWkQ3fYKegQIExAB\u0022 tabindex=\u00220\u0022 style=\u0022-webkit-tap-highlight-color: rgba(26, 26, 26, 0.3); font-family: Verdana, Arial, Helvetica, sans-serif; font-size: 14px;\u0022\u003E\u003Cdiv class=\u0022\u0022\u003E\u003Cdiv class=\u0022\u0022\u003E\u003Cstrong\u003E\u003Cbr\u003EWundheilend:\u003C/strong\u003E\u0026nbsp;F\u00F6rdert die Wundheilung und kann bei offenen Wunden, Hautirritationen und Ekzemen helfen.\u003Cspan class=\u0022\u0022 data-cid=\u0022a4dc7132-f63a-45f3-a015-e370a4a47662\u0022\u003E\u0026nbsp;\u003C/span\u003E\u003C/div\u003E\u003C/div\u003E\u003C/div\u003E\u003Cdiv class=\u0022\u0022 data-cid=\u0022a4dc7132-f63a-45f3-a015-e370a4a47662\u0022 style=\u0022-webkit-tap-highlight-color: rgba(26, 26, 26, 0.3); font-family: Verdana, Arial, Helvetica, sans-serif; font-size: 14px;\u0022\u003E\u003Cdiv class=\u0022\u0022 aria-label=\u0022Weitere Informationen anzeigen\u0022 role=\u0022button\u0022 data-hveid=\u0022COcBEAE\u0022 data-ved=\u00222ahUKEwjX5fGXseKNAxXF9gIHHb0rCWkQ3fYKegUI5wEQAQ\u0022 tabindex=\u00220\u0022\u003E\u003Cdiv class=\u0022\u0022\u003E\u003Cdiv class=\u0022\u0022\u003E\u003Cstrong\u003E\u003Cbr\u003ESchmerzlindernd:\u003C/strong\u003E\u0026nbsp;Kann rheumatische Schmerzen lindern.\u003Cspan class=\u0022\u0022 data-cid=\u0022ccee038b-5c33-4d8d-b75f-eb1b93411dfa\u0022\u003E\u0026nbsp;\u003C/span\u003E\u003C/div\u003E\u003C/div\u003E\u003C/div\u003E\u003C/div\u003E\u003Cdiv class=\u0022\u0022 data-cid=\u0022ccee038b-5c33-4d8d-b75f-eb1b93411dfa\u0022 style=\u0022-webkit-tap-highlight-color: rgba(26, 26, 26, 0.3); font-family: Verdana, Arial, Helvetica, sans-serif; font-size: 14px;\u0022\u003E\u003Cdiv class=\u0022\u0022 aria-label=\u0022Weitere Informationen anzeigen\u0022 role=\u0022button\u0022 data-hveid=\u0022COgBEAE\u0022 data-ved=\u00222ahUKEwjX5fGXseKNAxXF9gIHHb0rCWkQ3fYKegUI6AEQAQ\u0022 tabindex=\u00220\u0022\u003E\u003Cdiv class=\u0022\u0022\u003E\u003Cdiv class=\u0022\u0022\u003E\u003Cstrong\u003E\u003Cbr\u003EDurchblutungsf\u00F6rdernd:\u003C/strong\u003E\u0026nbsp;Kann die Durchblutung verbessern und so die Heilung unterst\u00FCtzen.\u003Cspan class=\u0022\u0022 data-cid=\u002258b50aee-65da-461e-ad0a-c5f5f7a6c164\u0022\u003E\u0026nbsp;\u003C/span\u003E\u003C/div\u003E\u003C/div\u003E\u003C/div\u003E\u003C/div\u003E\u003Cdiv class=\u0022\u0022 data-cid=\u002258b50aee-65da-461e-ad0a-c5f5f7a6c164\u0022 style=\u0022-webkit-tap-highlight-color: rgba(26, 26, 26, 0.3); font-family: Verdana, Arial, Helvetica, sans-serif; font-size: 14px;\u0022\u003E\u003Cdiv class=\u0022\u0022 aria-label=\u0022Weitere Informationen anzeigen\u0022 role=\u0022button\u0022 data-hveid=\u0022CN8BEAE\u0022 data-ved=\u00222ahUKEwjX5fGXseKNAxXF9gIHHb0rCWkQ3fYKegUI3wEQAQ\u0022 tabindex=\u00220\u0022\u003E\u003Cdiv class=\u0022\u0022\u003E\u003Cdiv class=\u0022\u0022\u003E\u0026nbsp;\u003C/div\u003E\u003Cdiv class=\u0022\u0022\u003E\u003Cstrong\u003E\u003Cbr\u003ESchleiml\u00F6send:\u003C/strong\u003E\u0026nbsp;Kann bei Atemwegserkrankungen helfen, Schleim zu l\u00F6sen.\u003Cspan class=\u0022\u0022 data-cid=\u0022318d5825-1b89-4e4c-b57b-3752c3394d50\u0022\u003E\u0026nbsp;\u003C/span\u003E\u003C/div\u003E\u003C/div\u003E\u003C/div\u003E\u003C/div\u003E\u003Cdiv class=\u0022\u0022 data-cid=\u0022318d5825-1b89-4e4c-b57b-3752c3394d50\u0022 style=\u0022-webkit-tap-highlight-color: rgba(26, 26, 26, 0.3); font-family: Verdana, Arial, Helvetica, sans-serif; font-size: 14px;\u0022\u003E\u003Cdiv class=\u0022\u0022 aria-label=\u0022Weitere Informationen anzeigen\u0022 role=\u0022button\u0022 data-hveid=\u0022COQBEAE\u0022 data-ved=\u00222ahUKEwjX5fGXseKNAxXF9gIHHb0rCWkQ3fYKegUI5AEQAQ\u0022 tabindex=\u00220\u0022\u003E\u003Cdiv class=\u0022\u0022\u003E\u003Cdiv class=\u0022\u0022\u003E\u003Cstrong\u003E\u003Cbr\u003EW\u00E4rmt und \u00F6ffnet die Atemwege:\u003C/strong\u003E\u0026nbsp;Der Duft der Harzsalbe kann die Atemwege \u00F6ffnen und ein wohliges Gef\u00FChl vermitteln.\u003Cspan class=\u0022\u0022 data-cid=\u0022aa9863b3-a81c-4058-8ef4-48bd035d1bf9\u0022\u003E\u0026nbsp;\u003C/span\u003E\u003C/div\u003E\u003C/div\u003E\u003C/div\u003E\u003C/div\u003E\u003Cdiv class=\u0022\u0022 data-cid=\u0022aa9863b3-a81c-4058-8ef4-48bd035d1bf9\u0022 style=\u0022-webkit-tap-highlight-color: rgba(26, 26, 26, 0.3); font-family: Verdana, Arial, Helvetica, sans-serif; font-size: 14px;\u0022\u003E\u003Cdiv class=\u0022\u0022 aria-label=\u0022Weitere Informationen anzeigen\u0022 role=\u0022button\u0022 data-hveid=\u0022COABEAE\u0022 data-ved=\u00222ahUKEwjX5fGXseKNAxXF9gIHHb0rCWkQ3fYKegUI4AEQAQ\u0022 tabindex=\u00220\u0022\u003E\u003Cdiv class=\u0022\u0022\u003E\u003Cdiv class=\u0022\u0022\u003E\u003Cstrong\u003E\u003Cbr\u003EZugsalbe:\u003C/strong\u003E\u0026nbsp;Kann als Zugsalbe bei Entz\u00FCndungen und Wunden eingesetzt werden.\u003Cspan class=\u0022\u0022 data-cid=\u0022c468567d-5a39-4192-a5fc-ab5c8cd7da4c\u0022\u003E\u0026nbsp;\u003C/span\u003E\u003C/div\u003E\u003C/div\u003E\u003C/div\u003E\u003C/div\u003E\u003Cdiv class=\u0022\u0022 data-cid=\u0022c468567d-5a39-4192-a5fc-ab5c8cd7da4c\u0022 style=\u0022-webkit-tap-highlight-color: rgba(26, 26, 26, 0.3); font-family: Verdana, Arial, Helvetica, sans-serif; font-size: 14px;\u0022\u003E\u003Cdiv class=\u0022\u0022 aria-label=\u0022Weitere Informationen anzeigen\u0022 role=\u0022button\u0022 data-hveid=\u0022COEBEAE\u0022 data-ved=\u00222ahUKEwjX5fGXseKNAxXF9gIHHb0rCWkQ3fYKegUI4QEQAQ\u0022 tabindex=\u00220\u0022\u003E\u003Cdiv class=\u0022\u0022\u003E\u003Cdiv class=\u0022\u0022\u003E\u003Cstrong\u003E\u003Cbr\u003EHautpflege:\u003C/strong\u003E\u0026nbsp;Kann bei trockener, rissiger Haut, Insektenstichen und Sch\u00FCrfwunden helfen.\u003Cspan class=\u0022\u0022 data-cid=\u00222f52351f-05c1-4225-adf3-193a433d5724\u0022\u003E\u0026nbsp;\u003C/span\u003E\u003C/div\u003E\u003C/div\u003E\u003C/div\u003E\u003C/div\u003E\u003Cdiv class=\u0022\u0022 style=\u0022-webkit-tap-highlight-color: rgba(26, 26, 26, 0.3); font-family: Verdana, Arial, Helvetica, sans-serif; font-size: 14px;\u0022\u003E\u003Cp\u003E\u003Cstrong\u003EHautleiden:\u003C/strong\u003E\u0026nbsp;Kann bei Hautirritationen, Ekzemen, trockener Haut und Wunden\u003C/p\u003E\u003Cdiv class=\u0022\u0022 aria-label=\u0022Weitere Informationen anzeigen\u0022 role=\u0022button\u0022 data-hveid=\u0022CIICEAE\u0022 data-ved=\u00222ahUKEwjX5fGXseKNAxXF9gIHHb0rCWkQ3fYKegUIggIQAQ\u0022 tabindex=\u00220\u0022\u003E\u003Cbr\u003EAnwendung:\u003C/div\u003E\u003Cdiv class=\u0022\u0022 aria-label=\u0022Weitere Informationen anzeigen\u0022 role=\u0022button\u0022 data-hveid=\u0022CIICEAE\u0022 data-ved=\u00222ahUKEwjX5fGXseKNAxXF9gIHHb0rCWkQ3fYKegUIggIQAQ\u0022 tabindex=\u00220\u0022\u003ETragen Sie eine klein Menge der Salbe auf die betroffene Stellen auf. Massieren Sie die Salbe sanft ein.\u0026nbsp;\u003C/div\u003E\u003C/div\u003E\u003Cdiv class=\u0022\u0022 style=\u0022-webkit-tap-highlight-color: rgba(26, 26, 26, 0.3); font-family: Verdana, Arial, Helvetica, sans-serif; font-size: 14px;\u0022\u003EBei Bedarf mehrmals T\u00E4glich anwenden.\u0026nbsp;\u003Cbr\u003E\u003Cbr\u003E\u003C/div\u003E\u003Cdiv class=\u0022\u0022 style=\u0022-webkit-tap-highlight-color: rgba(26, 26, 26, 0.3); font-family: Verdana, Arial, Helvetica, sans-serif; font-size: 14px;\u0022\u003EAuch f\u00FCr Haus- \u0026amp; Nutztiere geeignet.\u0026nbsp;\u003Cbr\u003E\u003C/div\u003E\r\n    \r\n","SeName":"harz-salbe","Url":"/de/harz-salbe","ProductType":0,"MarkAsNew":false,"Sku":null,"Flag":null,"Gtin":null,"Mpn":null,"BrandName":"","IsFreeShipping":false,"ShowSku":false,"ShowQty":false,"LowStock":false,"EndTime":"2099-01-01T00:00:00Z","EndTimeLocalTime":"2099-01-01T01:00:00","TaxDisplayType":10,"Interval":0,"IntervalUnitId":0,"ProductPrice":{"OldPrice":null,"OldPriceValue":0,"CatalogPrice":null,"Price":"CHF 6.90","CallForPrice":false,"PriceValue":6.9,"PriceIncludesTax":false,"StartPrice":null,"StartPriceValue":0,"HighestBid":null,"HighestBidValue":0,"BasePricePAngV":null,"DisableBuyButton":false,"DisableWishlistButton":false,"DisableAddToCompareListButton":true,"AvailableForPreOrder":false,"PreOrderDateTimeUtc":null,"ForceRedirectionAfterAddingToCart":false,"AppliedDiscounts":[],"PreferredTierPrice":null,"UserFields":[]},"DefaultPictureModel":{"ImageUrl":"/assets/images/thumbs/harz-salbe_6a12cef68f26cb2243925467_415.jpeg","ThumbImageUrl":null,"FullSizeImageUrl":"/assets/images/thumbs/harz-salbe_6a12cef68f26cb2243925467.jpeg","Title":"Harz-Salbe 1","AlternateText":"Harz-Salbe 1","Style":null,"ExtraField":null,"Id":"6a12cef68f26cb2243925467","UserFields":[]},"SecondPictureModel":{"ImageUrl":null,"ThumbImageUrl":null,"FullSizeImageUrl":null,"Title":null,"AlternateText":null,"Style":null,"ExtraField":null,"Id":null,"UserFields":[]},"SpecificationAttributeModels":[],"ProductAttributeModels":[],"ReviewOverviewModel":{"ProductId":"6a12cec68f26cb2243924613","RatingSum":0,"TotalReviews":0,"AvgRating":0,"AllowCustomerReviews":true,"UserFields":[]},"Id":"6a12cec68f26cb2243924613","UserFields":[]},{"Name":"Entspannungsbalsam","ShortDescription":"www.molashandgemacht.ch","FullDescription":"\u003Cp style=\u0022-webkit-tap-highlight-color: rgba(26, 26, 26, 0.3); font-family: Verdana, Arial, Helvetica, sans-serif; font-size: 14px;\u0022\u003EEntspannungsbalsam\u0026nbsp;dient der k\u00F6rperlichen und seelischen Erholung, indem er Spannungen l\u00F6st, Stress abbaut und beruhigend auf K\u00F6rper und Geist wirkt. Wird oft bei Unruhe, Nervosit\u00E4t oder zur Unterst\u00FCtzung des Einschlafens auf Nacken, Schl\u00E4fen oder Brust aufgetragen. Zudem pflegt er die Haut und lindert oft Muskelverspannungen.\u003Cspan class=\u0022\u0022 data-wiz-uids=\u0022kYwf5b_8,kYwf5b_9\u0022 data-processed=\u0022true\u0022\u003E\u0026nbsp;\u003C/span\u003E\u003C/p\u003E\u003Cp style=\u0022-webkit-tap-highlight-color: rgba(26, 26, 26, 0.3); font-family: Verdana, Arial, Helvetica, sans-serif; font-size: 14px;\u0022\u003EDie Hauptwirkungen und Anwendungen im \u00DCberblick:\u003Cspan class=\u0022\u0022 data-wiz-uids=\u0022kYwf5b_i,kYwf5b_j\u0022 data-processed=\u0022true\u0022\u003E\u003Cspan aria-hidden=\u0022true\u0022 data-processed=\u0022true\u0022\u003E\u003C/span\u003E\u003C/span\u003E\u003C/p\u003E\u003Cul class=\u0022\u0022 data-processed=\u0022true\u0022 style=\u0022-webkit-tap-highlight-color: rgba(26, 26, 26, 0.3); font-family: Verdana, Arial, Helvetica, sans-serif; font-size: 14px;\u0022\u003E\u003Cli class=\u0022\u0022 data-hveid=\u0022CAMQAA\u0022 data-processed=\u0022true\u0022\u003E\u003Cspan class=\u0022\u0022 data-sfc-cp=\u0022\u0022 data-processed=\u0022true\u0022\u003E\u003Cstrong class=\u0022\u0022 data-processed=\u0022true\u0022\u003EStressabbau \u0026amp; Beruhigung:\u003C/strong\u003E\u0026nbsp;Durch \u00E4therische \u00D6le (z.B. Lavendel, Orange, Kamille) wirkt der Balsam ausgleichend, baut innere Unruhe ab und f\u00F6rdert das Wohlbefinden.\u003C/span\u003E\u003C/li\u003E\u003Cli class=\u0022\u0022 data-hveid=\u0022CAMQAQ\u0022 data-processed=\u0022true\u0022\u003E\u003Cspan class=\u0022\u0022 data-sfc-cp=\u0022\u0022 data-processed=\u0022true\u0022\u003E\u003Cstrong class=\u0022\u0022 data-processed=\u0022true\u0022\u003EEinschlafhilfe:\u003C/strong\u003E\u0026nbsp;Vor dem Zubettgehen aufgetragen, helfen die D\u00FCfte, nerv\u00F6se Erregungszust\u00E4nde zu lindern und entspannter einzuschlafen.\u003C/span\u003E\u003Cspan class=\u0022\u0022 data-sfc-cp=\u0022\u0022 data-processed=\u0022true\u0022\u003E\u003Cstrong class=\u0022\u0022 data-processed=\u0022true\u0022\u003EMuskel- \u0026amp; Gelenkentspannung:\u003C/strong\u003E\u0026nbsp;Pflegende Inhaltsstoffe und \u00E4therische \u00D6le wirken wohltuend bei k\u00F6rperlicher Anstrengung und Verspannungen.\u003C/span\u003E\u003Cspan class=\u0022\u0022 data-sfc-cp=\u0022\u0022 data-processed=\u0022true\u0022\u003E\u003C/span\u003E\u003C/li\u003E\u003C/ul\u003E\u003Cp style=\u0022-webkit-tap-highlight-color: rgba(26, 26, 26, 0.3); font-family: Verdana, Arial, Helvetica, sans-serif; font-size: 14px;\u0022\u003E\u0026nbsp;\u003C/p\u003E\u003Cul class=\u0022\u0022 data-processed=\u0022true\u0022 style=\u0022-webkit-tap-highlight-color: rgba(26, 26, 26, 0.3); font-family: Verdana, Arial, Helvetica, sans-serif; font-size: 14px;\u0022\u003E\u003Cli class=\u0022\u0022 data-hveid=\u0022CAMQBA\u0022 data-processed=\u0022true\u0022\u003E\u003Cspan class=\u0022\u0022 data-sfc-cp=\u0022\u0022 data-processed=\u0022true\u0022\u003E\u003Cstrong class=\u0022\u0022 data-processed=\u0022true\u0022\u003EAnwendung:\u003C/strong\u003E\u0026nbsp;Typischerweise wird der Balsam auf Schl\u00E4fen, Handgelenke oder Nacken einmassiert.\u003C/span\u003E\u003C/li\u003E\u003C/ul\u003E\u003Cp style=\u0022-webkit-tap-highlight-color: rgba(26, 26, 26, 0.3); font-family: Verdana, Arial, Helvetica, sans-serif; font-size: 14px;\u0022\u003E\u003Cspan class=\u0022\u0022 data-sfc-cp=\u0022\u0022 data-processed=\u0022true\u0022\u003EZusammensetzung: Bienenwachs, Mandel\u00F6l, Kokosfett, Lavendel\u00F6l, Orangen\u00F6l und Kamillen\u00F6l\u003C/span\u003E\u003C/p\u003E\r\n    \r\n","SeName":"entspannungsbalsam","Url":"/de/entspannungsbalsam","ProductType":0,"MarkAsNew":false,"Sku":null,"Flag":null,"Gtin":null,"Mpn":null,"BrandName":"","IsFreeShipping":false,"ShowSku":false,"ShowQty":false,"LowStock":false,"EndTime":"2099-01-01T00:00:00Z","EndTimeLocalTime":"2099-01-01T01:00:00","TaxDisplayType":10,"Interval":0,"IntervalUnitId":0,"ProductPrice":{"OldPrice":null,"OldPriceValue":0,"CatalogPrice":null,"Price":"CHF 5.30","CallForPrice":false,"PriceValue":5.3,"PriceIncludesTax":false,"StartPrice":null,"StartPriceValue":0,"HighestBid":null,"HighestBidValue":0,"BasePricePAngV":null,"DisableBuyButton":false,"DisableWishlistButton":false,"DisableAddToCompareListButton":true,"AvailableForPreOrder":false,"PreOrderDateTimeUtc":null,"ForceRedirectionAfterAddingToCart":false,"AppliedDiscounts":[],"PreferredTierPrice":null,"UserFields":[]},"DefaultPictureModel":{"ImageUrl":"/assets/images/thumbs/entspannungsbalsam_6a12cfae8f26cb2243927212_415.jpeg","ThumbImageUrl":null,"FullSizeImageUrl":"/assets/images/thumbs/entspannungsbalsam_6a12cfae8f26cb2243927212.jpeg","Title":"Entspannungsbalsam 1","AlternateText":"Entspannungsbalsam 1","Style":null,"ExtraField":null,"Id":"6a12cfae8f26cb2243927212","UserFields":[]},"SecondPictureModel":{"ImageUrl":null,"ThumbImageUrl":null,"FullSizeImageUrl":null,"Title":null,"AlternateText":null,"Style":null,"ExtraField":null,"Id":null,"UserFields":[]},"SpecificationAttributeModels":[],"ProductAttributeModels":[],"ReviewOverviewModel":{"ProductId":"6a12cf6d8f26cb224392645e","RatingSum":0,"TotalReviews":0,"AvgRating":0,"AllowCustomerReviews":true,"UserFields":[]},"Id":"6a12cf6d8f26cb224392645e","UserFields":[]},{"Name":"Kartoffel-Balsam 50 ml","ShortDescription":"www.molashandgemacht.ch","FullDescription":"\u003Cp style=\u0022-webkit-tap-highlight-color: rgba(26, 26, 26, 0.3); font-family: Verdana, Arial, Helvetica, sans-serif; font-size: 14px;\u0022\u003EKartoffelbalsam ist eine reichhaltige Pflege f\u00FCr trockene, rissige und strapazierte Haut (H\u00E4nde/F\u00FC\u00DFe), die intensiv Feuchtigkeit spendet und regenerierend wirkt. Er gl\u00E4ttet Hornhaut, wirkt entz\u00FCndungshemmend und sch\u00FCtzt vor dem Austrocknen\u003C/p\u003E\u003Cp style=\u0022-webkit-tap-highlight-color: rgba(26, 26, 26, 0.3); font-family: Verdana, Arial, Helvetica, sans-serif; font-size: 14px;\u0022\u003EZusammensetzung: Kartoffel\u00F6l, Bienenwachs, Vitamin-E, Lavendel\u00F6l\u003C/p\u003E\r\n    \r\n","SeName":"kartoffel-balsam-50-ml","Url":"/de/kartoffel-balsam-50-ml","ProductType":0,"MarkAsNew":false,"Sku":null,"Flag":null,"Gtin":null,"Mpn":null,"BrandName":"","IsFreeShipping":false,"ShowSku":false,"ShowQty":false,"LowStock":false,"EndTime":"2099-01-01T00:00:00Z","EndTimeLocalTime":"2099-01-01T01:00:00","TaxDisplayType":10,"Interval":0,"IntervalUnitId":0,"ProductPrice":{"OldPrice":null,"OldPriceValue":0,"CatalogPrice":null,"Price":"CHF 6.20","CallForPrice":false,"PriceValue":6.2,"PriceIncludesTax":false,"StartPrice":null,"StartPriceValue":0,"HighestBid":null,"HighestBidValue":0,"BasePricePAngV":null,"DisableBuyButton":false,"DisableWishlistButton":false,"DisableAddToCompareListButton":true,"AvailableForPreOrder":false,"PreOrderDateTimeUtc":null,"ForceRedirectionAfterAddingToCart":false,"AppliedDiscounts":[],"PreferredTierPrice":null,"UserFields":[]},"DefaultPictureModel":{"ImageUrl":"/assets/images/thumbs/kartoffel-balsam-50-ml_6a12d06d8f26cb224396f7f4_415.jpeg","ThumbImageUrl":null,"FullSizeImageUrl":"/assets/images/thumbs/kartoffel-balsam-50-ml_6a12d06d8f26cb224396f7f4.jpeg","Title":"Kartoffel-Balsam 50 ml 1","AlternateText":"Kartoffel-Balsam 50 ml 1","Style":null,"ExtraField":null,"Id":"6a12d06d8f26cb224396f7f4","UserFields":[]},"SecondPictureModel":{"ImageUrl":null,"ThumbImageUrl":null,"FullSizeImageUrl":null,"Title":null,"AlternateText":null,"Style":null,"ExtraField":null,"Id":null,"UserFields":[]},"SpecificationAttributeModels":[],"ProductAttributeModels":[],"ReviewOverviewModel":{"ProductId":"6a12d01b8f26cb22439277e2","RatingSum":0,"TotalReviews":0,"AvgRating":0,"AllowCustomerReviews":true,"UserFields":[]},"Id":"6a12d01b8f26cb22439277e2","UserFields":[]},{"Name":"Lippenbalsam","ShortDescription":"www.molashandgemacht.ch","FullDescription":"\r\n    \u003Cp style=\u0022-webkit-tap-highlight-color: rgba(26, 26, 26, 0.3); font-family: Verdana, Arial, Helvetica, sans-serif; font-size: 14px;\u0022\u003ELippen.\u0026nbsp;\u003C/p\u003E\u003Cp style=\u0022-webkit-tap-highlight-color: rgba(26, 26, 26, 0.3); font-family: Verdana, Arial, Helvetica, sans-serif; font-size: 14px;\u0022\u003EIdeal f\u00FCr das ganze Jahr.\u0026nbsp;\u0026nbsp;\u003C/p\u003E\u003Cp style=\u0022-webkit-tap-highlight-color: rgba(26, 26, 26, 0.3); font-family: Verdana, Arial, Helvetica, sans-serif; font-size: 14px;\u0022\u003EAlles auf Naturbasis.\u003C/p\u003E\u003Cp style=\u0022-webkit-tap-highlight-color: rgba(26, 26, 26, 0.3); font-family: Verdana, Arial, Helvetica, sans-serif; font-size: 14px;\u0022\u003EZusammensetzung: Kokosfett, Sheabutter, Bienenwachs, \u00C4therische \u00D6le,\u003C/p\u003E\u003Cp style=\u0022-webkit-tap-highlight-color: rgba(26, 26, 26, 0.3); font-family: Verdana, Arial, Helvetica, sans-serif; font-size: 14px;\u0022\u003E\u003Cbr\u003E\u003C/p\u003E\u003Cp style=\u0022-webkit-tap-highlight-color: rgba(26, 26, 26, 0.3); font-family: Verdana, Arial, Helvetica, sans-serif; font-size: 14px;\u0022\u003EIn verschiedenen D\u00FCften erh\u00E4ltlich:\u003C/p\u003E\u003Cp style=\u0022-webkit-tap-highlight-color: rgba(26, 26, 26, 0.3); font-family: Verdana, Arial, Helvetica, sans-serif; font-size: 14px;\u0022\u003E\u003Cbr\u003E\u003C/p\u003E\u003Cp style=\u0022-webkit-tap-highlight-color: rgba(26, 26, 26, 0.3); font-family: Verdana, Arial, Helvetica, sans-serif; font-size: 14px;\u0022\u003E34: Zitrone\u003C/p\u003E\u003Cp style=\u0022-webkit-tap-highlight-color: rgba(26, 26, 26, 0.3); font-family: Verdana, Arial, Helvetica, sans-serif; font-size: 14px;\u0022\u003E36: Orange\u003C/p\u003E\u003Cp style=\u0022-webkit-tap-highlight-color: rgba(26, 26, 26, 0.3); font-family: Verdana, Arial, Helvetica, sans-serif; font-size: 14px;\u0022\u003E38: Vanille\u003C/p\u003E\u003Cp style=\u0022-webkit-tap-highlight-color: rgba(26, 26, 26, 0.3); font-family: Verdana, Arial, Helvetica, sans-serif; font-size: 14px;\u0022\u003E40: Pfefferminze\u003C/p\u003E\u003Cp style=\u0022-webkit-tap-highlight-color: rgba(26, 26, 26, 0.3); font-family: Verdana, Arial, Helvetica, sans-serif; font-size: 14px;\u0022\u003E42: Brombeere\u003C/p\u003E\u003Cp style=\u0022-webkit-tap-highlight-color: rgba(26, 26, 26, 0.3); font-family: Verdana, Arial, Helvetica, sans-serif; font-size: 14px;\u0022\u003E44: Himbeere\u003C/p\u003E\u003Cp style=\u0022-webkit-tap-highlight-color: rgba(26, 26, 26, 0.3); font-family: Verdana, Arial, Helvetica, sans-serif; font-size: 14px;\u0022\u003E46: Erdbeere\u003C/p\u003E\u003Cp style=\u0022-webkit-tap-highlight-color: rgba(26, 26, 26, 0.3); font-family: Verdana, Arial, Helvetica, sans-serif; font-size: 14px;\u0022\u003E48: Mango\u003C/p\u003E\u003Cp style=\u0022-webkit-tap-highlight-color: rgba(26, 26, 26, 0.3); font-family: Verdana, Arial, Helvetica, sans-serif; font-size: 14px;\u0022\u003E50: Litchi\u003C/p\u003E\u003Cp style=\u0022-webkit-tap-highlight-color: rgba(26, 26, 26, 0.3); font-family: Verdana, Arial, Helvetica, sans-serif; font-size: 14px;\u0022\u003E52: Passionsfrucht\u003C/p\u003E\u003Cp style=\u0022-webkit-tap-highlight-color: rgba(26, 26, 26, 0.3); font-family: Verdana, Arial, Helvetica, sans-serif; font-size: 14px;\u0022\u003E54: Zimt-Apfel\u003C/p\u003E\u003Cp style=\u0022-webkit-tap-highlight-color: rgba(26, 26, 26, 0.3); font-family: Verdana, Arial, Helvetica, sans-serif; font-size: 14px;\u0022\u003E56: Kokosnuss\u003C/p\u003E\u003Cp style=\u0022-webkit-tap-highlight-color: rgba(26, 26, 26, 0.3); font-family: Verdana, Arial, Helvetica, sans-serif; font-size: 14px;\u0022\u003E58: Ananas\u003C/p\u003E\u003Cp style=\u0022-webkit-tap-highlight-color: rgba(26, 26, 26, 0.3); font-family: Verdana, Arial, Helvetica, sans-serif; font-size: 14px;\u0022\u003E60: Schokolade\u003C/p\u003E\u003Cp style=\u0022-webkit-tap-highlight-color: rgba(26, 26, 26, 0.3); font-family: Verdana, Arial, Helvetica, sans-serif; font-size: 14px;\u0022\u003E62: Caramel\u003C/p\u003E\u003Cp style=\u0022-webkit-tap-highlight-color: rgba(26, 26, 26, 0.3); font-family: Verdana, Arial, Helvetica, sans-serif; font-size: 14px;\u0022\u003E64: Grapefruit\u003C/p\u003E\u003Cp style=\u0022-webkit-tap-highlight-color: rgba(26, 26, 26, 0.3); font-family: Verdana, Arial, Helvetica, sans-serif; font-size: 14px;\u0022\u003E66: Kaffee\u003C/p\u003E\r\n    \r\n\r\n","SeName":"lippenbalsam-1","Url":"/de/lippenbalsam-1","ProductType":0,"MarkAsNew":false,"Sku":null,"Flag":null,"Gtin":null,"Mpn":null,"BrandName":"","IsFreeShipping":false,"ShowSku":false,"ShowQty":false,"LowStock":false,"EndTime":"2099-01-01T00:00:00Z","EndTimeLocalTime":"2099-01-01T01:00:00","TaxDisplayType":10,"Interval":0,"IntervalUnitId":0,"ProductPrice":{"OldPrice":null,"OldPriceValue":0,"CatalogPrice":null,"Price":"CHF 3.00","CallForPrice":false,"PriceValue":3,"PriceIncludesTax":false,"StartPrice":null,"StartPriceValue":0,"HighestBid":null,"HighestBidValue":0,"BasePricePAngV":null,"DisableBuyButton":false,"DisableWishlistButton":false,"DisableAddToCompareListButton":true,"AvailableForPreOrder":false,"PreOrderDateTimeUtc":null,"ForceRedirectionAfterAddingToCart":false,"AppliedDiscounts":[],"PreferredTierPrice":null,"UserFields":[]},"DefaultPictureModel":{"ImageUrl":"/assets/images/thumbs/lippenbalsam_6a13313bff4249e9abe985f4_415.jpeg","ThumbImageUrl":null,"FullSizeImageUrl":"/assets/images/thumbs/lippenbalsam_6a13313bff4249e9abe985f4.jpeg","Title":"Lippenbalsam 1","AlternateText":"Lippenbalsam 1","Style":null,"ExtraField":null,"Id":"6a13313bff4249e9abe985f4","UserFields":[]},"SecondPictureModel":{"ImageUrl":null,"ThumbImageUrl":null,"FullSizeImageUrl":null,"Title":null,"AlternateText":null,"Style":null,"ExtraField":null,"Id":null,"UserFields":[]},"SpecificationAttributeModels":[],"ProductAttributeModels":[],"ReviewOverviewModel":{"ProductId":"6a133121ff4249e9abe97777","RatingSum":0,"TotalReviews":0,"AvgRating":0,"AllowCustomerReviews":true,"UserFields":[]},"Id":"6a133121ff4249e9abe97777","UserFields":[]},{"Name":"Handbalsam","ShortDescription":"www.molashandgemacht.ch","FullDescription":"\r\n    \u003Cp style=\u0022-webkit-tap-highlight-color: rgba(26, 26, 26, 0.3); font-family: Verdana, Arial, Helvetica, sans-serif; font-size: 14px;\u0022\u003EDieses Handbalsam ist f\u00FCr jeden Hauttyp geeingent.\u0026nbsp;\u003C/p\u003E\u003Cp style=\u0022-webkit-tap-highlight-color: rgba(26, 26, 26, 0.3); font-family: Verdana, Arial, Helvetica, sans-serif; font-size: 14px;\u0022\u003E\u003Cbr\u003E\u003C/p\u003E\u003Cp style=\u0022-webkit-tap-highlight-color: rgba(26, 26, 26, 0.3); font-family: Verdana, Arial, Helvetica, sans-serif; font-size: 14px;\u0022\u003EDie Zusammensetzung ist Nat\u00FCrlich und ohne Zusatzstoffe.\u003C/p\u003E\u003Cp style=\u0022-webkit-tap-highlight-color: rgba(26, 26, 26, 0.3); font-family: Verdana, Arial, Helvetica, sans-serif; font-size: 14px;\u0022\u003EKokosfett, Sheabutter, \u00E4therisches \u00D6l, Lanolin.\u003C/p\u003E\u003Cp style=\u0022border-color: var(--color-gray-200, currentColor); border-image-source: none; -webkit-tap-highlight-color: rgba(26, 26, 26, 0.3); font-family: Verdana, Arial, Helvetica, sans-serif; font-size: 14px;\u0022\u003E\u003Cbr\u003E\u003C/p\u003E\u003Cp style=\u0022border-color: var(--color-gray-200, currentColor); border-image-source: none; -webkit-tap-highlight-color: rgba(26, 26, 26, 0.3); font-family: Verdana, Arial, Helvetica, sans-serif; font-size: 14px;\u0022\u003EIn verschiedenen D\u00FCften erh\u00E4ltlich:\u003C/p\u003E\u003Cp style=\u0022border-color: var(--color-gray-200, currentColor); border-image-source: none; -webkit-tap-highlight-color: rgba(26, 26, 26, 0.3); font-family: Verdana, Arial, Helvetica, sans-serif; font-size: 14px;\u0022\u003E\u003Cbr style=\u0022border-color: var(--color-gray-200, currentColor); border-image-source: none;\u0022\u003E\u003C/p\u003E\u003Cp style=\u0022border-color: var(--color-gray-200, currentColor); border-image-source: none; -webkit-tap-highlight-color: rgba(26, 26, 26, 0.3); font-family: Verdana, Arial, Helvetica, sans-serif; font-size: 14px;\u0022\u003E34: Zitrone\u003C/p\u003E\u003Cp style=\u0022border-color: var(--color-gray-200, currentColor); border-image-source: none; -webkit-tap-highlight-color: rgba(26, 26, 26, 0.3); font-family: Verdana, Arial, Helvetica, sans-serif; font-size: 14px;\u0022\u003E36: Orange\u003C/p\u003E\u003Cp style=\u0022border-color: var(--color-gray-200, currentColor); border-image-source: none; -webkit-tap-highlight-color: rgba(26, 26, 26, 0.3); font-family: Verdana, Arial, Helvetica, sans-serif; font-size: 14px;\u0022\u003E38: Vanille\u003C/p\u003E\u003Cp style=\u0022border-color: var(--color-gray-200, currentColor); border-image-source: none; -webkit-tap-highlight-color: rgba(26, 26, 26, 0.3); font-family: Verdana, Arial, Helvetica, sans-serif; font-size: 14px;\u0022\u003E40: Pfefferminze\u003C/p\u003E\u003Cp style=\u0022border-color: var(--color-gray-200, currentColor); border-image-source: none; -webkit-tap-highlight-color: rgba(26, 26, 26, 0.3); font-family: Verdana, Arial, Helvetica, sans-serif; font-size: 14px;\u0022\u003E42: Brombeere\u003C/p\u003E\u003Cp style=\u0022border-color: var(--color-gray-200, currentColor); border-image-source: none; -webkit-tap-highlight-color: rgba(26, 26, 26, 0.3); font-family: Verdana, Arial, Helvetica, sans-serif; font-size: 14px;\u0022\u003E44: Himbeere\u003C/p\u003E\u003Cp style=\u0022border-color: var(--color-gray-200, currentColor); border-image-source: none; -webkit-tap-highlight-color: rgba(26, 26, 26, 0.3); font-family: Verdana, Arial, Helvetica, sans-serif; font-size: 14px;\u0022\u003E46: Erdbeere\u003C/p\u003E\u003Cp style=\u0022border-color: var(--color-gray-200, currentColor); border-image-source: none; -webkit-tap-highlight-color: rgba(26, 26, 26, 0.3); font-family: Verdana, Arial, Helvetica, sans-serif; font-size: 14px;\u0022\u003E48: Mango\u003C/p\u003E\u003Cp style=\u0022border-color: var(--color-gray-200, currentColor); border-image-source: none; -webkit-tap-highlight-color: rgba(26, 26, 26, 0.3); font-family: Verdana, Arial, Helvetica, sans-serif; font-size: 14px;\u0022\u003E50: Litchi\u003C/p\u003E\u003Cp style=\u0022border-color: var(--color-gray-200, currentColor); border-image-source: none; -webkit-tap-highlight-color: rgba(26, 26, 26, 0.3); font-family: Verdana, Arial, Helvetica, sans-serif; font-size: 14px;\u0022\u003E52: Passionsfrucht\u003C/p\u003E\u003Cp style=\u0022border-color: var(--color-gray-200, currentColor); border-image-source: none; -webkit-tap-highlight-color: rgba(26, 26, 26, 0.3); font-family: Verdana, Arial, Helvetica, sans-serif; font-size: 14px;\u0022\u003E54: Zimt-Apfel\u003C/p\u003E\u003Cp style=\u0022border-color: var(--color-gray-200, currentColor); border-image-source: none; -webkit-tap-highlight-color: rgba(26, 26, 26, 0.3); font-family: Verdana, Arial, Helvetica, sans-serif; font-size: 14px;\u0022\u003E56: Kokosnuss\u003C/p\u003E\u003Cp style=\u0022border-color: var(--color-gray-200, currentColor); border-image-source: none; -webkit-tap-highlight-color: rgba(26, 26, 26, 0.3); font-family: Verdana, Arial, Helvetica, sans-serif; font-size: 14px;\u0022\u003E58: Ananas\u003C/p\u003E\u003Cp style=\u0022border-color: var(--color-gray-200, currentColor); border-image-source: none; -webkit-tap-highlight-color: rgba(26, 26, 26, 0.3); font-family: Verdana, Arial, Helvetica, sans-serif; font-size: 14px;\u0022\u003E60: Schokolade\u003C/p\u003E\u003Cp style=\u0022border-color: var(--color-gray-200, currentColor); border-image-source: none; -webkit-tap-highlight-color: rgba(26, 26, 26, 0.3); font-family: Verdana, Arial, Helvetica, sans-serif; font-size: 14px;\u0022\u003E62: Sandelholz\u003C/p\u003E\u003Cp style=\u0022border-color: var(--color-gray-200, currentColor); border-image-source: none; -webkit-tap-highlight-color: rgba(26, 26, 26, 0.3); font-family: Verdana, Arial, Helvetica, sans-serif; font-size: 14px;\u0022\u003E64: Grapefruit\u003C/p\u003E\u003Cp style=\u0022border-color: var(--color-gray-200, currentColor); border-image-source: none; -webkit-tap-highlight-color: rgba(26, 26, 26, 0.3); font-family: Verdana, Arial, Helvetica, sans-serif; font-size: 14px;\u0022\u003E66: Kaffee\u003C/p\u003E\r\n    \r\n\r\n","SeName":"handbalsam","Url":"/de/handbalsam","ProductType":0,"MarkAsNew":false,"Sku":null,"Flag":null,"Gtin":null,"Mpn":null,"BrandName":"","IsFreeShipping":false,"ShowSku":false,"ShowQty":false,"LowStock":false,"EndTime":"2099-01-01T00:00:00Z","EndTimeLocalTime":"2099-01-01T01:00:00","TaxDisplayType":10,"Interval":0,"IntervalUnitId":0,"ProductPrice":{"OldPrice":null,"OldPriceValue":0,"CatalogPrice":null,"Price":"CHF 5.00","CallForPrice":false,"PriceValue":5,"PriceIncludesTax":false,"StartPrice":null,"StartPriceValue":0,"HighestBid":null,"HighestBidValue":0,"BasePricePAngV":null,"DisableBuyButton":false,"DisableWishlistButton":false,"DisableAddToCompareListButton":true,"AvailableForPreOrder":false,"PreOrderDateTimeUtc":null,"ForceRedirectionAfterAddingToCart":false,"AppliedDiscounts":[],"PreferredTierPrice":null,"UserFields":[]},"DefaultPictureModel":{"ImageUrl":"/assets/images/thumbs/balsamo-per-le-mani_6a133377ff4249e9abf76417_415.jpeg","ThumbImageUrl":null,"FullSizeImageUrl":"/assets/images/thumbs/balsamo-per-le-mani_6a133377ff4249e9abf76417.jpeg","Title":"Handbalsam 1","AlternateText":"Handbalsam 1","Style":null,"ExtraField":null,"Id":"6a133377ff4249e9abf76417","UserFields":[]},"SecondPictureModel":{"ImageUrl":null,"ThumbImageUrl":null,"FullSizeImageUrl":null,"Title":null,"AlternateText":null,"Style":null,"ExtraField":null,"Id":null,"UserFields":[]},"SpecificationAttributeModels":[],"ProductAttributeModels":[],"ReviewOverviewModel":{"ProductId":"6a133352ff4249e9abf75665","RatingSum":0,"TotalReviews":0,"AvgRating":0,"AllowCustomerReviews":true,"UserFields":[]},"Id":"6a133352ff4249e9abf75665","UserFields":[]},{"Name":"Set Handbalsam und Lippenbalsam","ShortDescription":"www.molashandgemacht.ch","FullDescription":"\r\n    \u003Cp style=\u0022-webkit-tap-highlight-color: rgba(26, 26, 26, 0.3); font-family: Verdana, Arial, Helvetica, sans-serif; font-size: 14px;\u0022\u003ESet Handbalsam und Lippenbalsam\u003C/p\u003E\u003Cp style=\u0022-webkit-tap-highlight-color: rgba(26, 26, 26, 0.3); font-family: Verdana, Arial, Helvetica, sans-serif; font-size: 14px;\u0022\u003EEin super Mitbringsel oder f\u00FCr sich selber etwas gutes tun.\u0026nbsp;\u003C/p\u003E\u003Cp style=\u0022-webkit-tap-highlight-color: rgba(26, 26, 26, 0.3); font-family: Verdana, Arial, Helvetica, sans-serif; font-size: 14px;\u0022\u003E\u0026nbsp;\u003C/p\u003E\u003Cp style=\u0022-webkit-tap-highlight-color: rgba(26, 26, 26, 0.3); font-family: Verdana, Arial, Helvetica, sans-serif; font-size: 14px;\u0022\u003EZusammensetzung wie bei der Handbalsam und Lippenbalsam seperat.\u003C/p\u003E\u003Cp style=\u0022-webkit-tap-highlight-color: rgba(26, 26, 26, 0.3); font-family: Verdana, Arial, Helvetica, sans-serif; font-size: 14px;\u0022\u003E\u003Cbr\u003E\u003C/p\u003E\u003Cp style=\u0022border-color: var(--color-gray-200, currentColor); border-image-source: none; -webkit-tap-highlight-color: rgba(26, 26, 26, 0.3); font-family: Verdana, Arial, Helvetica, sans-serif; font-size: 14px;\u0022\u003EIn verschiedenen D\u00FCften erh\u00E4ltlich:\u003C/p\u003E\u003Cp style=\u0022border-color: var(--color-gray-200, currentColor); border-image-source: none; -webkit-tap-highlight-color: rgba(26, 26, 26, 0.3); font-family: Verdana, Arial, Helvetica, sans-serif; font-size: 14px;\u0022\u003E\u003Cbr style=\u0022border-color: var(--color-gray-200, currentColor); border-image-source: none;\u0022\u003E\u003C/p\u003E\u003Cp style=\u0022border-color: var(--color-gray-200, currentColor); border-image-source: none; -webkit-tap-highlight-color: rgba(26, 26, 26, 0.3); font-family: Verdana, Arial, Helvetica, sans-serif; font-size: 14px;\u0022\u003E34: Zitrone\u003C/p\u003E\u003Cp style=\u0022border-color: var(--color-gray-200, currentColor); border-image-source: none; -webkit-tap-highlight-color: rgba(26, 26, 26, 0.3); font-family: Verdana, Arial, Helvetica, sans-serif; font-size: 14px;\u0022\u003E36: Orange\u003C/p\u003E\u003Cp style=\u0022border-color: var(--color-gray-200, currentColor); border-image-source: none; -webkit-tap-highlight-color: rgba(26, 26, 26, 0.3); font-family: Verdana, Arial, Helvetica, sans-serif; font-size: 14px;\u0022\u003E38: Vanille\u003C/p\u003E\u003Cp style=\u0022border-color: var(--color-gray-200, currentColor); border-image-source: none; -webkit-tap-highlight-color: rgba(26, 26, 26, 0.3); font-family: Verdana, Arial, Helvetica, sans-serif; font-size: 14px;\u0022\u003E40: Pfefferminze\u003C/p\u003E\u003Cp style=\u0022border-color: var(--color-gray-200, currentColor); border-image-source: none; -webkit-tap-highlight-color: rgba(26, 26, 26, 0.3); font-family: Verdana, Arial, Helvetica, sans-serif; font-size: 14px;\u0022\u003E42: Brombeere\u003C/p\u003E\u003Cp style=\u0022border-color: var(--color-gray-200, currentColor); border-image-source: none; -webkit-tap-highlight-color: rgba(26, 26, 26, 0.3); font-family: Verdana, Arial, Helvetica, sans-serif; font-size: 14px;\u0022\u003E44: Himbeere\u003C/p\u003E\u003Cp style=\u0022border-color: var(--color-gray-200, currentColor); border-image-source: none; -webkit-tap-highlight-color: rgba(26, 26, 26, 0.3); font-family: Verdana, Arial, Helvetica, sans-serif; font-size: 14px;\u0022\u003E46: Erdbeere\u003C/p\u003E\u003Cp style=\u0022border-color: var(--color-gray-200, currentColor); border-image-source: none; -webkit-tap-highlight-color: rgba(26, 26, 26, 0.3); font-family: Verdana, Arial, Helvetica, sans-serif; font-size: 14px;\u0022\u003E48: Mango\u003C/p\u003E\u003Cp style=\u0022border-color: var(--color-gray-200, currentColor); border-image-source: none; -webkit-tap-highlight-color: rgba(26, 26, 26, 0.3); font-family: Verdana, Arial, Helvetica, sans-serif; font-size: 14px;\u0022\u003E50: Litchi\u003C/p\u003E\u003Cp style=\u0022border-color: var(--color-gray-200, currentColor); border-image-source: none; -webkit-tap-highlight-color: rgba(26, 26, 26, 0.3); font-family: Verdana, Arial, Helvetica, sans-serif; font-size: 14px;\u0022\u003E52: Passionsfrucht\u003C/p\u003E\u003Cp style=\u0022border-color: var(--color-gray-200, currentColor); border-image-source: none; -webkit-tap-highlight-color: rgba(26, 26, 26, 0.3); font-family: Verdana, Arial, Helvetica, sans-serif; font-size: 14px;\u0022\u003E54: Zimt-Apfel\u003C/p\u003E\u003Cp style=\u0022border-color: var(--color-gray-200, currentColor); border-image-source: none; -webkit-tap-highlight-color: rgba(26, 26, 26, 0.3); font-family: Verdana, Arial, Helvetica, sans-serif; font-size: 14px;\u0022\u003E56: Kokosnuss\u003C/p\u003E\u003Cp style=\u0022border-color: var(--color-gray-200, currentColor); border-image-source: none; -webkit-tap-highlight-color: rgba(26, 26, 26, 0.3); font-family: Verdana, Arial, Helvetica, sans-serif; font-size: 14px;\u0022\u003E58: Ananas\u003C/p\u003E\u003Cp style=\u0022border-color: var(--color-gray-200, currentColor); border-image-source: none; -webkit-tap-highlight-color: rgba(26, 26, 26, 0.3); font-family: Verdana, Arial, Helvetica, sans-serif; font-size: 14px;\u0022\u003E60: Schokolade\u003C/p\u003E\u003Cp style=\u0022border-color: var(--color-gray-200, currentColor); border-image-source: none; -webkit-tap-highlight-color: rgba(26, 26, 26, 0.3); font-family: Verdana, Arial, Helvetica, sans-serif; font-size: 14px;\u0022\u003E62: Caramel\u003C/p\u003E\u003Cp style=\u0022border-color: var(--color-gray-200, currentColor); border-image-source: none; -webkit-tap-highlight-color: rgba(26, 26, 26, 0.3); font-family: Verdana, Arial, Helvetica, sans-serif; font-size: 14px;\u0022\u003E64: Grapefruit\u003C/p\u003E\u003Cp style=\u0022border-color: var(--color-gray-200, currentColor); border-image-source: none; -webkit-tap-highlight-color: rgba(26, 26, 26, 0.3); font-family: Verdana, Arial, Helvetica, sans-serif; font-size: 14px;\u0022\u003E66: Kaffee\u003C/p\u003E\u003Cp style=\u0022border-color: var(--color-gray-200, currentColor); border-image-source: none; -webkit-tap-highlight-color: rgba(26, 26, 26, 0.3); font-family: Verdana, Arial, Helvetica, sans-serif; font-size: 14px;\u0022\u003E\u003Cbr\u003E\u003C/p\u003E\u003Cp style=\u0022-webkit-tap-highlight-color: rgba(26, 26, 26, 0.3); font-family: Verdana, Arial, Helvetica, sans-serif; font-size: 14px;\u0022\u003E\u0026nbsp;\u003C/p\u003E\u003Cp style=\u0022-webkit-tap-highlight-color: rgba(26, 26, 26, 0.3); font-family: Verdana, Arial, Helvetica, sans-serif; font-size: 14px;\u0022\u003E\u003Cbr\u003E\u003C/p\u003E\r\n","SeName":"set-handbalsam-und-lippenbalsam","Url":"/de/set-handbalsam-und-lippenbalsam","ProductType":0,"MarkAsNew":false,"Sku":null,"Flag":null,"Gtin":null,"Mpn":null,"BrandName":"","IsFreeShipping":false,"ShowSku":false,"ShowQty":false,"LowStock":false,"EndTime":"2099-01-01T00:00:00Z","EndTimeLocalTime":"2099-01-01T01:00:00","TaxDisplayType":10,"Interval":0,"IntervalUnitId":0,"ProductPrice":{"OldPrice":null,"OldPriceValue":0,"CatalogPrice":null,"Price":"CHF 7.00","CallForPrice":false,"PriceValue":7,"PriceIncludesTax":false,"StartPrice":null,"StartPriceValue":0,"HighestBid":null,"HighestBidValue":0,"BasePricePAngV":null,"DisableBuyButton":false,"DisableWishlistButton":false,"DisableAddToCompareListButton":true,"AvailableForPreOrder":false,"PreOrderDateTimeUtc":null,"ForceRedirectionAfterAddingToCart":false,"AppliedDiscounts":[],"PreferredTierPrice":null,"UserFields":[]},"DefaultPictureModel":{"ImageUrl":"/assets/images/thumbs/set-handbalsam-und-lippenbalsam_6a133502ff4249e9ab05204d_415.jpeg","ThumbImageUrl":null,"FullSizeImageUrl":"/assets/images/thumbs/set-handbalsam-und-lippenbalsam_6a133502ff4249e9ab05204d.jpeg","Title":"Set Handbalsam und Lippenbalsam 1","AlternateText":"Set Handbalsam und Lippenbalsam 1","Style":null,"ExtraField":null,"Id":"6a133502ff4249e9ab05204d","UserFields":[]},"SecondPictureModel":{"ImageUrl":null,"ThumbImageUrl":null,"FullSizeImageUrl":null,"Title":null,"AlternateText":null,"Style":null,"ExtraField":null,"Id":null,"UserFields":[]},"SpecificationAttributeModels":[],"ProductAttributeModels":[],"ReviewOverviewModel":{"ProductId":"6a133444ff4249e9abfbedf9","RatingSum":0,"TotalReviews":0,"AvgRating":0,"AllowCustomerReviews":true,"UserFields":[]},"Id":"6a133444ff4249e9abfbedf9","UserFields":[]},{"Name":"Deostick 75ml","ShortDescription":"www.molashandgemacht.ch","FullDescription":"\u003Cp style=\u0022-webkit-tap-highlight-color: rgba(26, 26, 26, 0.3); font-family: Verdana, Arial, Helvetica, sans-serif; font-size: 14px;\u0022\u003EDeostick f\u00FCr den t\u00E4glichen Gebrauch.\u0026nbsp;\u003C/p\u003E\u003Cp style=\u0022-webkit-tap-highlight-color: rgba(26, 26, 26, 0.3); font-family: Verdana, Arial, Helvetica, sans-serif; font-size: 14px;\u0022\u003EAlles frei von Zusatzstoffen und Aluminium\u003Cbr\u003E\u003Cbr\u003E\u003C/p\u003E\u003Cp style=\u0022-webkit-tap-highlight-color: rgba(26, 26, 26, 0.3); font-family: Verdana, Arial, Helvetica, sans-serif; font-size: 14px;\u0022\u003EZusammensetzung: Kokosfett, Sheabutter, Maisst\u00E4rke, Natron, Bienenwachs\u003C/p\u003E\u003Cp style=\u0022-webkit-tap-highlight-color: rgba(26, 26, 26, 0.3); font-family: Verdana, Arial, Helvetica, sans-serif; font-size: 14px;\u0022\u003E\u003Cbr\u003E\u003C/p\u003E\u003Cp style=\u0022-webkit-tap-highlight-color: rgba(26, 26, 26, 0.3); font-family: Verdana, Arial, Helvetica, sans-serif; font-size: 14px;\u0022\u003EErh\u00E4ltlich in den D\u00FCften:\u0026nbsp;\u003C/p\u003E\u003Cp style=\u0022-webkit-tap-highlight-color: rgba(26, 26, 26, 0.3); font-family: Verdana, Arial, Helvetica, sans-serif; font-size: 14px;\u0022\u003E\u003Cbr\u003E\u003C/p\u003E\u003Cp style=\u0022-webkit-tap-highlight-color: rgba(26, 26, 26, 0.3); font-family: Verdana, Arial, Helvetica, sans-serif; font-size: 14px;\u0022\u003E34: Sandelholz\u003C/p\u003E\u003Cp style=\u0022-webkit-tap-highlight-color: rgba(26, 26, 26, 0.3); font-family: Verdana, Arial, Helvetica, sans-serif; font-size: 14px;\u0022\u003E36: Pfefferminze\u003C/p\u003E\u003Cp style=\u0022-webkit-tap-highlight-color: rgba(26, 26, 26, 0.3); font-family: Verdana, Arial, Helvetica, sans-serif; font-size: 14px;\u0022\u003E38: Zitrone\u003C/p\u003E\u003Cp style=\u0022-webkit-tap-highlight-color: rgba(26, 26, 26, 0.3); font-family: Verdana, Arial, Helvetica, sans-serif; font-size: 14px;\u0022\u003E40: Grapefruit\u003C/p\u003E\u003Cp style=\u0022-webkit-tap-highlight-color: rgba(26, 26, 26, 0.3); font-family: Verdana, Arial, Helvetica, sans-serif; font-size: 14px;\u0022\u003E42: Orange\u003C/p\u003E\u003Cp style=\u0022-webkit-tap-highlight-color: rgba(26, 26, 26, 0.3); font-family: Verdana, Arial, Helvetica, sans-serif; font-size: 14px;\u0022\u003E44: Frische-Kick\u003C/p\u003E\u003Cp style=\u0022-webkit-tap-highlight-color: rgba(26, 26, 26, 0.3); font-family: Verdana, Arial, Helvetica, sans-serif; font-size: 14px;\u0022\u003E46: Lavendel\u003C/p\u003E\u003Cp style=\u0022-webkit-tap-highlight-color: rgba(26, 26, 26, 0.3); font-family: Verdana, Arial, Helvetica, sans-serif; font-size: 14px;\u0022\u003E48: La vie est Belle\u003C/p\u003E\u003Cp style=\u0022-webkit-tap-highlight-color: rgba(26, 26, 26, 0.3); font-family: Verdana, Arial, Helvetica, sans-serif; font-size: 14px;\u0022\u003E50: Teebaum\u00F6l\u003C/p\u003E\u003Cp style=\u0022-webkit-tap-highlight-color: rgba(26, 26, 26, 0.3); font-family: Verdana, Arial, Helvetica, sans-serif; font-size: 14px;\u0022\u003E52: Lemongrass\u003C/p\u003E\u003Cp style=\u0022-webkit-tap-highlight-color: rgba(26, 26, 26, 0.3); font-family: Verdana, Arial, Helvetica, sans-serif; font-size: 14px;\u0022\u003E54: La Million\u003C/p\u003E\u003Cp style=\u0022-webkit-tap-highlight-color: rgba(26, 26, 26, 0.3); font-family: Verdana, Arial, Helvetica, sans-serif; font-size: 14px;\u0022\u003E\u003Cbr\u003E\u003C/p\u003E\r\n    \r\n","SeName":"deostick-75ml","Url":"/de/deostick-75ml","ProductType":0,"MarkAsNew":false,"Sku":null,"Flag":null,"Gtin":null,"Mpn":null,"BrandName":"","IsFreeShipping":false,"ShowSku":false,"ShowQty":false,"LowStock":false,"EndTime":"2099-01-01T00:00:00Z","EndTimeLocalTime":"2099-01-01T01:00:00","TaxDisplayType":10,"Interval":0,"IntervalUnitId":0,"ProductPrice":{"OldPrice":null,"OldPriceValue":0,"CatalogPrice":null,"Price":"CHF 6.60","CallForPrice":false,"PriceValue":6.6,"PriceIncludesTax":false,"StartPrice":null,"StartPriceValue":0,"HighestBid":null,"HighestBidValue":0,"BasePricePAngV":null,"DisableBuyButton":false,"DisableWishlistButton":false,"DisableAddToCompareListButton":true,"AvailableForPreOrder":false,"PreOrderDateTimeUtc":null,"ForceRedirectionAfterAddingToCart":false,"AppliedDiscounts":[],"PreferredTierPrice":null,"UserFields":[]},"DefaultPictureModel":{"ImageUrl":"/assets/images/thumbs/deostick-75ml_6a133614ff4249e9ab09a6ff_415.jpeg","ThumbImageUrl":null,"FullSizeImageUrl":"/assets/images/thumbs/deostick-75ml_6a133614ff4249e9ab09a6ff.jpeg","Title":"Deostick 75ml 1","AlternateText":"Deostick 75ml 1","Style":null,"ExtraField":null,"Id":"6a133614ff4249e9ab09a6ff","UserFields":[]},"SecondPictureModel":{"ImageUrl":null,"ThumbImageUrl":null,"FullSizeImageUrl":null,"Title":null,"AlternateText":null,"Style":null,"ExtraField":null,"Id":null,"UserFields":[]},"SpecificationAttributeModels":[],"ProductAttributeModels":[],"ReviewOverviewModel":{"ProductId":"6a1335fdff4249e9ab09994f","RatingSum":0,"TotalReviews":0,"AvgRating":0,"AllowCustomerReviews":true,"UserFields":[]},"Id":"6a1335fdff4249e9ab09994f","UserFields":[]}],"Id":"67e029ed1b6988643a5ad162","UserFields":[]}